{"id":25951,"date":"2018-10-05T23:03:52","date_gmt":"2018-10-06T04:03:52","guid":{"rendered":"http:\/\/www.porlalibreedomex.com\/?p=25951"},"modified":"2018-10-05T23:03:52","modified_gmt":"2018-10-06T04:03:52","slug":"invita-metepec-a-su-9a-feria-de-empleo-2018-el-31-de-octubre","status":"publish","type":"post","link":"https:\/\/www.porlalibreedomex.com\/?p=25951","title":{"rendered":"INVITA METEPEC A SU 9\u00aa FERIA DE EMPLEO 2018, EL 31 DE OCTUBRE"},"content":{"rendered":"<p>&nbsp;<\/p>\n<ul>\n<li><em>El gobierno del presidente David L\u00f3pez C\u00e1rdenas, ofrece diferentes espacios para vincular a la ciudadan\u00eda con empleos dignos.<\/em><\/li>\n<li><em>Registrarse previamente en la p\u00e1gina\u00a0<a id=\"m_-9144741559078134877x_ydp3eafa55eyiv8604704706LPlnk192323\" href=\"https:\/\/gob.us16.list-manage.com\/track\/click?u=2a8f52c6615b834b7c2819cf9&amp;id=4002957bca&amp;e=012874185e\" target=\"_blank\" rel=\"nofollow noopener noreferrer\" data-saferedirecturl=\"https:\/\/www.google.com\/url?q=https:\/\/gob.us16.list-manage.com\/track\/click?u%3D2a8f52c6615b834b7c2819cf9%26id%3D4002957bca%26e%3D012874185e&amp;source=gmail&amp;ust=1538884492282000&amp;usg=AFQjCNH5zDwGzZwZIt5Cz6cPXe34q4JEvQ\">http:\/\/ferias.empleo.<wbr \/>gob.mx\/content\/candidato\/<wbr \/>registro\/registro-curp.jsf<\/a><\/em><\/li>\n<\/ul>\n<p align=\"center\">\n<p><strong>Pueblo M\u00e1gico de Metepec, M\u00e9xico; 5 de octubre de 2018.<\/strong>\u00a0A fin de acercar espacios laborales a los habitantes del municipio y con ello contribuir a la econom\u00eda familiar, el pr\u00f3ximo 31 de octubre, a partir de las 09:00 h, se realizar\u00e1 la novena Feria del Empleo Metepec 2018 en la explanada de la Plaza Benito Ju\u00e1rez, donde m\u00e1s de 100 empresas ofertar\u00e1n diferentes vacantes.<\/p>\n<p>Para la administraci\u00f3n del presidente, David L\u00f3pez C\u00e1rdenas, el acercamiento de espacios laborales a la ciudadan\u00eda ha sido una prioridad, ya que no s\u00f3lo se limita a la organizaci\u00f3n de ferias, sino que se trabaja en diferentes iniciativas como los Lunes de Empleo, donde cada semana se orienta a los interesados para colocarse en alguna plaza laboral; adem\u00e1s, se colabora con el DIF Municipal para vincular a personas mayores en edad productiva con un empleo digno.<a href=\"http:\/\/www.porlalibreedomex.com\/wp-content\/uploads\/2018\/10\/Oferta-de-empleos-en-la-a.-Feria-en-Metepec.jpg\"><img loading=\"lazy\" decoding=\"async\" class=\"aligncenter size-full wp-image-25953\" src=\"http:\/\/www.porlalibreedomex.com\/wp-content\/uploads\/2018\/10\/Oferta-de-empleos-en-la-a.-Feria-en-Metepec.jpg\" alt=\"\" width=\"1024\" height=\"683\" srcset=\"https:\/\/www.porlalibreedomex.com\/wp-content\/uploads\/2018\/10\/Oferta-de-empleos-en-la-a.-Feria-en-Metepec.jpg 1024w, https:\/\/www.porlalibreedomex.com\/wp-content\/uploads\/2018\/10\/Oferta-de-empleos-en-la-a.-Feria-en-Metepec-300x200.jpg 300w, https:\/\/www.porlalibreedomex.com\/wp-content\/uploads\/2018\/10\/Oferta-de-empleos-en-la-a.-Feria-en-Metepec-768x512.jpg 768w\" sizes=\"auto, (max-width: 1024px) 100vw, 1024px\" \/><\/a><\/p>\n<p>La 9\u00aa Feria de Empleo Metepec se realizar\u00e1 en el marco de la sexta edici\u00f3n a nivel nacional impulsada por el gobierno federal, la cual, est\u00e1 dirigida a toda la poblaci\u00f3n, con especial dedicaci\u00f3n para personas con discapacidad y adultos mayores.<\/p>\n<p>A los interesados\u00a0se les recomienda registrarse previamente en la p\u00e1gina\u00a0<a id=\"m_-9144741559078134877x_ydp3eafa55eyiv8604704706LPlnk192323\" href=\"https:\/\/gob.us16.list-manage.com\/track\/click?u=2a8f52c6615b834b7c2819cf9&amp;id=4002957bca&amp;e=012874185e\" target=\"_blank\" rel=\"nofollow noopener noreferrer\" data-saferedirecturl=\"https:\/\/www.google.com\/url?q=https:\/\/gob.us16.list-manage.com\/track\/click?u%3D2a8f52c6615b834b7c2819cf9%26id%3D4002957bca%26e%3D012874185e&amp;source=gmail&amp;ust=1538884492282000&amp;usg=AFQjCNH5zDwGzZwZIt5Cz6cPXe34q4JEvQ\">http:\/\/ferias.empleo.<wbr \/>gob.mx\/content\/candidato\/<wbr \/>registro\/registro-curp.jsf<\/a>\u00a0y asistir el pr\u00f3ximo 31 de octubre con varias solicitudes de empleo requisitadas, impresiones de su curriculum vitae e identificaciones oficiales.<\/p>\n","protected":false},"excerpt":{"rendered":"<p>&nbsp; El gobierno del presidente David L\u00f3pez C\u00e1rdenas, ofrece diferentes espacios para vincular a la ciudadan\u00eda con empleos dignos. Registrarse previamente en la p\u00e1gina\u00a0http:\/\/ferias.empleo.gob.mx\/content\/candidato\/registro\/registro-curp.jsf Pueblo M\u00e1gico de Metepec, M\u00e9xico; 5 de octubre de 2018.\u00a0A fin de acercar espacios laborales a los habitantes del municipio y con ello contribuir a la econom\u00eda familiar, el pr\u00f3ximo 31 [&hellip;]<\/p>\n","protected":false},"author":3,"featured_media":25952,"comment_status":"open","ping_status":"open","sticky":false,"template":"","format":"standard","meta":{"footnotes":""},"categories":[9146,9157,16],"tags":[11693,12341,12342],"class_list":{"0":"post-25951","1":"post","2":"type-post","3":"status-publish","4":"format-standard","5":"has-post-thumbnail","7":"category-economia","8":"category-edomex","9":"category-foto","10":"tag-feria-de-empleo-metepec","11":"tag-oferta-de-empleos","12":"tag-registrarse-en-feria-de-empleo"},"wps_subtitle":"","_links":{"self":[{"href":"https:\/\/www.porlalibreedomex.com\/index.php?rest_route=\/wp\/v2\/posts\/25951","targetHints":{"allow":["GET"]}}],"collection":[{"href":"https:\/\/www.porlalibreedomex.com\/index.php?rest_route=\/wp\/v2\/posts"}],"about":[{"href":"https:\/\/www.porlalibreedomex.com\/index.php?rest_route=\/wp\/v2\/types\/post"}],"author":[{"embeddable":true,"href":"https:\/\/www.porlalibreedomex.com\/index.php?rest_route=\/wp\/v2\/users\/3"}],"replies":[{"embeddable":true,"href":"https:\/\/www.porlalibreedomex.com\/index.php?rest_route=%2Fwp%2Fv2%2Fcomments&post=25951"}],"version-history":[{"count":1,"href":"https:\/\/www.porlalibreedomex.com\/index.php?rest_route=\/wp\/v2\/posts\/25951\/revisions"}],"predecessor-version":[{"id":25954,"href":"https:\/\/www.porlalibreedomex.com\/index.php?rest_route=\/wp\/v2\/posts\/25951\/revisions\/25954"}],"wp:featuredmedia":[{"embeddable":true,"href":"https:\/\/www.porlalibreedomex.com\/index.php?rest_route=\/wp\/v2\/media\/25952"}],"wp:attachment":[{"href":"https:\/\/www.porlalibreedomex.com\/index.php?rest_route=%2Fwp%2Fv2%2Fmedia&parent=25951"}],"wp:term":[{"taxonomy":"category","embeddable":true,"href":"https:\/\/www.porlalibreedomex.com\/index.php?rest_route=%2Fwp%2Fv2%2Fcategories&post=25951"},{"taxonomy":"post_tag","embeddable":true,"href":"https:\/\/www.porlalibreedomex.com\/index.php?rest_route=%2Fwp%2Fv2%2Ftags&post=25951"}],"curies":[{"name":"wp","href":"https:\/\/api.w.org\/{rel}","templated":true}]}}