{"id":2561,"date":"2014-07-12T15:51:47","date_gmt":"2014-07-12T15:51:47","guid":{"rendered":"http:\/\/porlalibre.info\/?p=2561"},"modified":"2014-07-12T15:51:47","modified_gmt":"2014-07-12T15:51:47","slug":"saqueo-forestal-en-otzolotepec-estado-de-mexico-por-necesidades-de-la-poblacion","status":"publish","type":"post","link":"https:\/\/www.porlalibreedomex.com\/?p=2561","title":{"rendered":"SAQUEO FORESTAL EN OTZOLOTEPEC, ESTADO DE M\u00c9XICO, POR NECESIDADES DE LA POBLACI\u00d3N"},"content":{"rendered":"<ul>\n<li style=\"text-align: justify;\"><em>Algunos de los productos que se extraen para cubrir necesidades b\u00e1sicas de la poblaci\u00f3n de escasos recursos econ\u00f3micos y por supuesto, para la venta, son: le\u00f1a, tierra de monte, hongos comestibles, pi\u00f1as y corte de \u00e1rboles para tablas, polines, tarimas o \u00e1rboles de navidad.<\/em><\/li>\n<\/ul>\n<p style=\"text-align: justify;\"><em>\u00a0<\/em><\/p>\n<p style=\"text-align: justify;\">Gran parte de la poblaci\u00f3n del municipio de Otzolotepec, Estado de M\u00e9xico, lleva a cabo la extracci\u00f3n de recursos forestales maderables y no maderables durante todo el a\u00f1o, como consecuencia de dos necesidades primordiales: el autoconsumo y el comercio, aseguraron las profesoras e investigadoras de la Universidad Aut\u00f3noma del Estado de M\u00e9xico, Alma Clara Salazar Romero, Adriana Guadalupe Guerrero Pe\u00f1uelas y Patricia Mireles Lezama.<\/p>\n<p style=\"text-align: justify;\">Las universitarias, autoras de la investigaci\u00f3n \u201cManejo de recursos forestales no maderables en el Bosque de Santa Ana Jilotzingo, municipio de Otzolotepec, Estado\u00a0\u00a0de M\u00e9xico\u201d refirieron que algunos de los productos que se extraen para cubrir necesidades b\u00e1sicas de la poblaci\u00f3n de escasos recursos econ\u00f3micos y por supuesto, para la venta, son: le\u00f1a, tierra de monte, hongos comestibles, pi\u00f1as, ramas de oyamel y corte de \u00e1rboles para morillos, tablas, polines, tarimas o \u00e1rboles de navidad.<\/p>\n<p style=\"text-align: justify;\">En el bosque, dijeron, se desarrollan diversos ciclos naturales y funciones ambientales, como la absorci\u00f3n de contaminantes atmosf\u00e9ricos, generaci\u00f3n de ox\u00edgeno, captaci\u00f3n de agua, provisi\u00f3n de recursos maderables y no maderables; adem\u00e1s, es el h\u00e1bitat de un importante n\u00famero de especies de plantas y animales.<\/p>\n<p style=\"text-align: justify;\">Por ello, consideraron, es necesario analizar la problem\u00e1tica a la que ahora se enfrenta y se\u00f1alaron que su investigaci\u00f3n tuvo como objetivo determinar el impacto de las actividades de extracci\u00f3n que realizan los pobladores del Bosque de Santa Ana Jilotzingo.<\/p>\n<p style=\"text-align: justify;\">Salazar Romero, Guerrero Pe\u00f1uelas y\u00a0\u00a0Mireles Lezama indicaron que de acuerdo con los datos obtenidos, alrededor de 73 por ciento de la gente que vive en esta zona se dedica al comercio, en tanto que 43 por ciento afirm\u00f3 llevar a cabo pr\u00e1cticas de extracci\u00f3n de recursos forestales no maderables s\u00f3lo en diciembre; estas acciones se reflejan en la p\u00e9rdida de superficie forestal, que desde 1990 a la fecha se ubica entre 45 y 48 por ciento.<\/p>\n","protected":false},"excerpt":{"rendered":"<p>Algunos de los productos que se extraen para cubrir necesidades b\u00e1sicas de la poblaci\u00f3n de escasos recursos econ\u00f3micos y por supuesto, para la venta, son: le\u00f1a, tierra de monte, hongos comestibles, pi\u00f1as y corte de \u00e1rboles para tablas, polines, tarimas o \u00e1rboles de navidad. \u00a0 Gran parte de la poblaci\u00f3n del municipio de Otzolotepec, Estado [&hellip;]<\/p>\n","protected":false},"author":2,"featured_media":0,"comment_status":"open","ping_status":"open","sticky":false,"template":"","format":"standard","meta":{"footnotes":""},"categories":[5,1],"tags":[1625,1626,1627,1628,1629,311],"class_list":{"0":"post-2561","1":"post","2":"type-post","3":"status-publish","4":"format-standard","6":"category-nota-informativa","7":"category-uncategorized","8":"tag-adriana-guadalupe-guerrero-penuelas","9":"tag-alma-clara-salazar-romero","10":"tag-otzolotepec","11":"tag-patricia-mireles-lezama","12":"tag-saqueo-forestal","13":"tag-universidad-autonoma-del-estado-de-mexico"},"wps_subtitle":"","_links":{"self":[{"href":"https:\/\/www.porlalibreedomex.com\/index.php?rest_route=\/wp\/v2\/posts\/2561","targetHints":{"allow":["GET"]}}],"collection":[{"href":"https:\/\/www.porlalibreedomex.com\/index.php?rest_route=\/wp\/v2\/posts"}],"about":[{"href":"https:\/\/www.porlalibreedomex.com\/index.php?rest_route=\/wp\/v2\/types\/post"}],"author":[{"embeddable":true,"href":"https:\/\/www.porlalibreedomex.com\/index.php?rest_route=\/wp\/v2\/users\/2"}],"replies":[{"embeddable":true,"href":"https:\/\/www.porlalibreedomex.com\/index.php?rest_route=%2Fwp%2Fv2%2Fcomments&post=2561"}],"version-history":[{"count":0,"href":"https:\/\/www.porlalibreedomex.com\/index.php?rest_route=\/wp\/v2\/posts\/2561\/revisions"}],"wp:attachment":[{"href":"https:\/\/www.porlalibreedomex.com\/index.php?rest_route=%2Fwp%2Fv2%2Fmedia&parent=2561"}],"wp:term":[{"taxonomy":"category","embeddable":true,"href":"https:\/\/www.porlalibreedomex.com\/index.php?rest_route=%2Fwp%2Fv2%2Fcategories&post=2561"},{"taxonomy":"post_tag","embeddable":true,"href":"https:\/\/www.porlalibreedomex.com\/index.php?rest_route=%2Fwp%2Fv2%2Ftags&post=2561"}],"curies":[{"name":"wp","href":"https:\/\/api.w.org\/{rel}","templated":true}]}}