{"id":2559,"date":"2014-07-12T15:47:45","date_gmt":"2014-07-12T15:47:45","guid":{"rendered":"http:\/\/porlalibre.info\/?p=2559"},"modified":"2014-07-12T15:47:45","modified_gmt":"2014-07-12T15:47:45","slug":"requieren-comunidades-indigenas-promocion-de-sus-expresiones-culturales-legitimas","status":"publish","type":"post","link":"https:\/\/www.porlalibreedomex.com\/?p=2559","title":{"rendered":"REQUIEREN COMUNIDADES IND\u00cdGENAS PROMOCI\u00d3N DE SUS EXPRESIONES CULTURALES LEG\u00cdTIMAS"},"content":{"rendered":"<ul>\n<li style=\"text-align: justify;\"><em>A diferencia de hace cincuenta a\u00f1os, los ind\u00edgenas de ahora exigen interlocuci\u00f3n y participaci\u00f3n activa, ya no desde lo que dicta el Estado sino a partir de lo que se decide en sus comunidades y regiones.<\/em><\/li>\n<\/ul>\n<p style=\"text-align: justify;\"><em>\u00a0<\/em><\/p>\n<p style=\"text-align: justify;\">Es necesario promover las expresiones culturales de los grupos ind\u00edgenas de una manera m\u00e1s incluyente y leg\u00edtima, y dejar a un lado la pol\u00edtica meramente asistencial e impositiva, en un ejercicio de control cultural externo que acent\u00faa los procesos de dominaci\u00f3n y marginaci\u00f3n de estos grupos, coart\u00e1ndoles su derecho a tomar decisiones y a trazar un proyecto propio de desarrollo.<\/p>\n<p style=\"text-align: justify;\">As\u00ed lo consideraron las acad\u00e9micas universitarias Sandra Ivett Cruz P\u00e9rez y Ana Aurora Maldonado Reyes, al dictar la Conferencia \u201cDise\u00f1o de estrategias para la promoci\u00f3n de las culturas ind\u00edgenas\u201d, marco en el cual se\u00f1alaron que en un pa\u00eds multicultural y de marcadas desigualdades sociales, se hace inevitable el dise\u00f1o de estrategias que promuevan el desarrollo de los grupos que hist\u00f3ricamente han padecido marginaci\u00f3n y rezago.<\/p>\n<p style=\"text-align: justify;\">Dieron a conocer una propuesta de promoci\u00f3n de las manifestaciones culturales ind\u00edgenas que tiene que ver con la autogesti\u00f3n y la participaci\u00f3n activa de los ind\u00edgenas para alcanzar su propio desarrollo, buscando que el rescate de las culturas ind\u00edgenas se d\u00e9 desde al interior de las mismas y no s\u00f3lo mediante acciones externas como la promoci\u00f3n tur\u00edstica.<\/p>\n<p style=\"text-align: justify;\">Lo anterior, puntualizaron, bajo el supuesto de que el rescate y revalorizaci\u00f3n de las culturas ind\u00edgenas debe ocurrir en primera instancia, en el interior de los grupos que las producen y generan, para despu\u00e9s extender su promoci\u00f3n hacia \u00e1mbitos sociales externos.<\/p>\n<p style=\"text-align: justify;\">Abundaron que esta idea parte de la teor\u00eda del \u201ccontrol cultural\u201d, que Bonfil Batalla asume como el sistema seg\u00fan el cual se ejerce la capacidad social de decisi\u00f3n sobre los elementos culturales; por ejemplo, tierra, materias primas, fuentes de energ\u00eda, herramientas, productos naturales y manufacturados, etc.<\/p>\n<p style=\"text-align: justify;\">Tambi\u00e9n incluye, explicaron, la organizaci\u00f3n: formas de relaci\u00f3n social sistematizadas para la participaci\u00f3n de los miembros de un grupo; de conocimiento: experiencias asimiladas y sistematizadas trasmitidas de una generaci\u00f3n a otra; simb\u00f3licos: c\u00f3digos que permiten la comunicaci\u00f3n, y emotivos: creencias y valores. De forma que cualquier acci\u00f3n supone una decisi\u00f3n y la puesta en operaci\u00f3n de elementos culturales espec\u00edficos, adecuados a la naturaleza y al prop\u00f3sito de cada situaci\u00f3n.<\/p>\n<p style=\"text-align: justify;\">Sandra Ivett Cruz P\u00e9rez y Ana Aurora Maldonado Reyes manifestaron que a diferencia de hace cincuenta a\u00f1os, los ind\u00edgenas de ahora exigen interlocuci\u00f3n y participaci\u00f3n activa, ya no desde lo que dicta el Estado sino a partir de lo que se decide en sus comunidades y regiones.<\/p>\n<p style=\"text-align: justify;\">Concluyeron que la autogesti\u00f3n de su propio desarrollo (econ\u00f3mico, pol\u00edtico, social, cultural, etc.) otorgar\u00eda al Estado, a sus instituciones y a los gestores culturales externos un papel de asesores y facilitadores de recursos para lograr el proyecto y los ideales trazados desde el interior de las comunidades ind\u00edgenas.<\/p>\n","protected":false},"excerpt":{"rendered":"<p>A diferencia de hace cincuenta a\u00f1os, los ind\u00edgenas de ahora exigen interlocuci\u00f3n y participaci\u00f3n activa, ya no desde lo que dicta el Estado sino a partir de lo que se decide en sus comunidades y regiones. \u00a0 Es necesario promover las expresiones culturales de los grupos ind\u00edgenas de una manera m\u00e1s incluyente y leg\u00edtima, y [&hellip;]<\/p>\n","protected":false},"author":2,"featured_media":0,"comment_status":"open","ping_status":"open","sticky":false,"template":"","format":"standard","meta":{"footnotes":""},"categories":[5,1],"tags":[1622,1623,1624,13],"class_list":{"0":"post-2559","1":"post","2":"type-post","3":"status-publish","4":"format-standard","6":"category-nota-informativa","7":"category-uncategorized","8":"tag-ana-aurora-maldonado-reyes","9":"tag-comunidades-indigenas","10":"tag-sandra-ivett-cruz-perez","11":"tag-uaem"},"wps_subtitle":"","_links":{"self":[{"href":"https:\/\/www.porlalibreedomex.com\/index.php?rest_route=\/wp\/v2\/posts\/2559","targetHints":{"allow":["GET"]}}],"collection":[{"href":"https:\/\/www.porlalibreedomex.com\/index.php?rest_route=\/wp\/v2\/posts"}],"about":[{"href":"https:\/\/www.porlalibreedomex.com\/index.php?rest_route=\/wp\/v2\/types\/post"}],"author":[{"embeddable":true,"href":"https:\/\/www.porlalibreedomex.com\/index.php?rest_route=\/wp\/v2\/users\/2"}],"replies":[{"embeddable":true,"href":"https:\/\/www.porlalibreedomex.com\/index.php?rest_route=%2Fwp%2Fv2%2Fcomments&post=2559"}],"version-history":[{"count":0,"href":"https:\/\/www.porlalibreedomex.com\/index.php?rest_route=\/wp\/v2\/posts\/2559\/revisions"}],"wp:attachment":[{"href":"https:\/\/www.porlalibreedomex.com\/index.php?rest_route=%2Fwp%2Fv2%2Fmedia&parent=2559"}],"wp:term":[{"taxonomy":"category","embeddable":true,"href":"https:\/\/www.porlalibreedomex.com\/index.php?rest_route=%2Fwp%2Fv2%2Fcategories&post=2559"},{"taxonomy":"post_tag","embeddable":true,"href":"https:\/\/www.porlalibreedomex.com\/index.php?rest_route=%2Fwp%2Fv2%2Ftags&post=2559"}],"curies":[{"name":"wp","href":"https:\/\/api.w.org\/{rel}","templated":true}]}}