{"id":25380,"date":"2018-09-08T23:53:17","date_gmt":"2018-09-09T04:53:17","guid":{"rendered":"http:\/\/www.porlalibreedomex.com\/?p=25380"},"modified":"2018-09-08T23:53:17","modified_gmt":"2018-09-09T04:53:17","slug":"exposicion-homenaje-a-octavio-bajonero-en-el-museo-de-la-estampa-en-toluca","status":"publish","type":"post","link":"https:\/\/www.porlalibreedomex.com\/?p=25380","title":{"rendered":"EXPOSICI\u00d3N HOMENAJE A OCTAVIO BAJONERO, EN EL MUSEO DE LA ESTAMPA EN TOLUCA"},"content":{"rendered":"<ul>\n<li><em><strong> Muestra exposici\u00f3n \u201cUn maestro trashumante\u201d los casi 60 a\u00f1os de trayectoria del grabador.<\/strong><\/em><\/li>\n<\/ul>\n<p><strong>Toluca, Estado de M\u00e9xico, 8 de septiembre de 2018.<\/strong> \u201cEspero disfruten esta exposici\u00f3n, porque me har\u00e1n muy feliz\u201d, asegur\u00f3 Octavio Bajonero durante la inauguraci\u00f3n de la exposici\u00f3n \u201cUn maestro trashumante\u201d, que exhibe el Museo de la Estampa como homenaje a este artista del grabado en nuestro pa\u00eds.<\/p>\n<p>Y fue justo que uno de los asistentes le pregunt\u00f3: \u201c\u00bfPor qu\u00e9 trashumante?\u201d; \u201cporque soy <a href=\"http:\/\/www.porlalibreedomex.com\/wp-content\/uploads\/2018\/09\/WhatsApp-Image-2018-09-08-at-11.07.48-AM.jpeg\"><img loading=\"lazy\" decoding=\"async\" class=\"alignright size-medium wp-image-25384\" src=\"http:\/\/www.porlalibreedomex.com\/wp-content\/uploads\/2018\/09\/WhatsApp-Image-2018-09-08-at-11.07.48-AM-300x194.jpeg\" alt=\"\" width=\"300\" height=\"194\" srcset=\"https:\/\/www.porlalibreedomex.com\/wp-content\/uploads\/2018\/09\/WhatsApp-Image-2018-09-08-at-11.07.48-AM-300x194.jpeg 300w, https:\/\/www.porlalibreedomex.com\/wp-content\/uploads\/2018\/09\/WhatsApp-Image-2018-09-08-at-11.07.48-AM-768x497.jpeg 768w, https:\/\/www.porlalibreedomex.com\/wp-content\/uploads\/2018\/09\/WhatsApp-Image-2018-09-08-at-11.07.48-AM-1024x663.jpeg 1024w, https:\/\/www.porlalibreedomex.com\/wp-content\/uploads\/2018\/09\/WhatsApp-Image-2018-09-08-at-11.07.48-AM.jpeg 1280w\" sizes=\"auto, (max-width: 300px) 100vw, 300px\" \/><\/a>un vago\u201d, respondi\u00f3 Bajonero con una sonrisa, as\u00ed podr\u00eda definirse la obra del artista que deambula entre su admiraci\u00f3n por la muerte y la exaltaci\u00f3n de la vida, en un juego entre el reconocimiento de la condici\u00f3n humana y su trascendencia ya que, para el grabador, una de las celebraciones m\u00e1s importantes es, precisamente, el D\u00eda de Muertos.<\/p>\n<p>En esta exposici\u00f3n, el Museo de la Estampa recorre 60 a\u00f1os de trayectoria art\u00edstica en ocho series de calcograf\u00edas, litograf\u00edas y xilograf\u00edas en las que se muestra el movimiento que lo llev\u00f3 a recorrer el pa\u00eds o las posibilidades que surgen a trav\u00e9s de la inspiraci\u00f3n, que lo han posicionado como uno de los grabadores m\u00e1s importantes de la actualidad, como creador y maestro.<a href=\"http:\/\/www.porlalibreedomex.com\/wp-content\/uploads\/2018\/09\/WhatsApp-Image-2018-09-08-at-11.07.49-AM-1.jpeg\"><img loading=\"lazy\" decoding=\"async\" class=\"aligncenter size-large wp-image-25381\" src=\"http:\/\/www.porlalibreedomex.com\/wp-content\/uploads\/2018\/09\/WhatsApp-Image-2018-09-08-at-11.07.49-AM-1-1024x561.jpeg\" alt=\"\" width=\"800\" height=\"438\" srcset=\"https:\/\/www.porlalibreedomex.com\/wp-content\/uploads\/2018\/09\/WhatsApp-Image-2018-09-08-at-11.07.49-AM-1-1024x561.jpeg 1024w, https:\/\/www.porlalibreedomex.com\/wp-content\/uploads\/2018\/09\/WhatsApp-Image-2018-09-08-at-11.07.49-AM-1-300x164.jpeg 300w, https:\/\/www.porlalibreedomex.com\/wp-content\/uploads\/2018\/09\/WhatsApp-Image-2018-09-08-at-11.07.49-AM-1-768x421.jpeg 768w, https:\/\/www.porlalibreedomex.com\/wp-content\/uploads\/2018\/09\/WhatsApp-Image-2018-09-08-at-11.07.49-AM-1.jpeg 1280w\" sizes=\"auto, (max-width: 800px) 100vw, 800px\" \/><\/a><\/p>\n<p>De esto \u00faltimo, Octavio Bajonero asegur\u00f3 que \u201ctodos decimos yo quiero ser pintor, escultor, grabador, etc, pero nadie dice \u201cyo quiero ser maestro\u201d. Yo lo descubr\u00ed cuando llegu\u00e9 a La Esmeralda porque vi que ten\u00eda facilidad para ense\u00f1ar, hecho que me llev\u00f3 a investigar y a tener una colecci\u00f3n de unos pocos libros, mil, sobre gr\u00e1fica, que todos dicen que no hay y, claro, nunca habr\u00e1 si no los buscamos\u201d.<\/p>\n<p>\u201cUn maestro trashumante\u201d permanecer\u00e1 en exhibici\u00f3n hasta el 25 de noviembre en el Museo de la Estampa, ubicado en la calle Plutarco Gonz\u00e1lez, a un costado de la Alameda Central de Toluca, Estado de M\u00e9xico.<\/p>\n","protected":false},"excerpt":{"rendered":"<p>Muestra exposici\u00f3n \u201cUn maestro trashumante\u201d los casi 60 a\u00f1os de trayectoria del grabador. Toluca, Estado de M\u00e9xico, 8 de septiembre de 2018. \u201cEspero disfruten esta exposici\u00f3n, porque me har\u00e1n muy feliz\u201d, asegur\u00f3 Octavio Bajonero durante la inauguraci\u00f3n de la exposici\u00f3n \u201cUn maestro trashumante\u201d, que exhibe el Museo de la Estampa como homenaje a este artista [&hellip;]<\/p>\n","protected":false},"author":3,"featured_media":25383,"comment_status":"open","ping_status":"open","sticky":false,"template":"","format":"standard","meta":{"footnotes":""},"categories":[9873,16],"tags":[10625,12112,10636],"class_list":{"0":"post-25380","1":"post","2":"type-post","3":"status-publish","4":"format-standard","5":"has-post-thumbnail","7":"category-cultura","8":"category-foto","9":"tag-museo-de-la-estampa","10":"tag-octavio-bajonero","11":"tag-secretaria-de-cultura-edomex"},"wps_subtitle":"PERMANECER\u00c1 ABIERTA HASTA EL 25 DE NOVIEMBRE","_links":{"self":[{"href":"https:\/\/www.porlalibreedomex.com\/index.php?rest_route=\/wp\/v2\/posts\/25380","targetHints":{"allow":["GET"]}}],"collection":[{"href":"https:\/\/www.porlalibreedomex.com\/index.php?rest_route=\/wp\/v2\/posts"}],"about":[{"href":"https:\/\/www.porlalibreedomex.com\/index.php?rest_route=\/wp\/v2\/types\/post"}],"author":[{"embeddable":true,"href":"https:\/\/www.porlalibreedomex.com\/index.php?rest_route=\/wp\/v2\/users\/3"}],"replies":[{"embeddable":true,"href":"https:\/\/www.porlalibreedomex.com\/index.php?rest_route=%2Fwp%2Fv2%2Fcomments&post=25380"}],"version-history":[{"count":1,"href":"https:\/\/www.porlalibreedomex.com\/index.php?rest_route=\/wp\/v2\/posts\/25380\/revisions"}],"predecessor-version":[{"id":25385,"href":"https:\/\/www.porlalibreedomex.com\/index.php?rest_route=\/wp\/v2\/posts\/25380\/revisions\/25385"}],"wp:featuredmedia":[{"embeddable":true,"href":"https:\/\/www.porlalibreedomex.com\/index.php?rest_route=\/wp\/v2\/media\/25383"}],"wp:attachment":[{"href":"https:\/\/www.porlalibreedomex.com\/index.php?rest_route=%2Fwp%2Fv2%2Fmedia&parent=25380"}],"wp:term":[{"taxonomy":"category","embeddable":true,"href":"https:\/\/www.porlalibreedomex.com\/index.php?rest_route=%2Fwp%2Fv2%2Fcategories&post=25380"},{"taxonomy":"post_tag","embeddable":true,"href":"https:\/\/www.porlalibreedomex.com\/index.php?rest_route=%2Fwp%2Fv2%2Ftags&post=25380"}],"curies":[{"name":"wp","href":"https:\/\/api.w.org\/{rel}","templated":true}]}}