{"id":24795,"date":"2018-08-15T23:59:00","date_gmt":"2018-08-16T04:59:00","guid":{"rendered":"http:\/\/www.porlalibreedomex.com\/?p=24795"},"modified":"2018-08-15T23:59:00","modified_gmt":"2018-08-16T04:59:00","slug":"destaca-alfredo-del-mazo-trabajo-conjunto-con-la-sociedad-para-mejorar-la-seguridad-de-las-familias-mexiquenses","status":"publish","type":"post","link":"https:\/\/www.porlalibreedomex.com\/?p=24795","title":{"rendered":"DESTACA ALFREDO DEL MAZO TRABAJO CONJUNTO CON LA SOCIEDAD PARA MEJORAR LA SEGURIDAD DE LAS FAMILIAS MEXIQUENSES"},"content":{"rendered":"<ul>\n<li><em><strong>Inaugura mandatario estatal Primer Congreso Internacional de Prevenci\u00f3n Social de la Violencia y Delincuencia.<\/strong><\/em><\/li>\n<li><em><strong>Es necesario trabajar de manera coordinada con los sociedad para prevenir el delito y recuperar espacios p\u00fablicos. <\/strong><\/em><\/li>\n<li><em><strong>En zonas \u00e1lgidas se refuerzan las acciones y estrategias en materia de seguridad.<\/strong><\/em><\/li>\n<\/ul>\n<p>Toluca, Estado de M\u00e9xico, 15 de agosto de 2018. Uno de los mayores compromisos de la administraci\u00f3n estatal es la seguridad y tranquilidad de los mexiquenses, para ello, se trabaja de la mano con la sociedad para emprender acciones en materia de prevenci\u00f3n del delito y en la recuperaci\u00f3n de espacios p\u00fablicos para construir comunidades unidas y familias fuertes, se\u00f1al\u00f3 el Gobernador Alfredo Del Mazo Maza.<\/p>\n<p>\u201cEn este Gobierno entendemos el rescate del espacio p\u00fablico como una acci\u00f3n de alto impacto en la que ciudadanos y funcionarios trabajan, hombro con hombro, en la b\u00fasqueda y la implementaci\u00f3n de soluciones\u201d, se\u00f1al\u00f3.<\/p>\n<p>\u201cDar a la seguridad p\u00fablica una perspectiva integral implica dar a las acciones encaminadas a reducir la incidencia delictiva, una base social, por ello, uno de nuestros mayores compromisos de gobierno, es construir familias fuertes que hagan de los valores, el respeto, la solidaridad, la fraternidad, una pr\u00e1ctica que fortalezca v\u00ednculos de afecto al interior de los hogares y en las propias comunidades\u201d, se\u00f1al\u00f3 el gobernador.<\/p>\n<p><a href=\"http:\/\/www.porlalibreedomex.com\/wp-content\/uploads\/2018\/08\/WhatsApp-Image-2018-08-15-at-2.03.17-PM.jpeg\"><img loading=\"lazy\" decoding=\"async\" class=\"aligncenter size-large wp-image-24799\" src=\"http:\/\/www.porlalibreedomex.com\/wp-content\/uploads\/2018\/08\/WhatsApp-Image-2018-08-15-at-2.03.17-PM-1024x682.jpeg\" alt=\"\" width=\"800\" height=\"533\" srcset=\"https:\/\/www.porlalibreedomex.com\/wp-content\/uploads\/2018\/08\/WhatsApp-Image-2018-08-15-at-2.03.17-PM-1024x682.jpeg 1024w, https:\/\/www.porlalibreedomex.com\/wp-content\/uploads\/2018\/08\/WhatsApp-Image-2018-08-15-at-2.03.17-PM-300x200.jpeg 300w, https:\/\/www.porlalibreedomex.com\/wp-content\/uploads\/2018\/08\/WhatsApp-Image-2018-08-15-at-2.03.17-PM-768x512.jpeg 768w, https:\/\/www.porlalibreedomex.com\/wp-content\/uploads\/2018\/08\/WhatsApp-Image-2018-08-15-at-2.03.17-PM.jpeg 1280w\" sizes=\"auto, (max-width: 800px) 100vw, 800px\" \/><\/a><\/p>\n<p>Al inaugurar el Primer Congreso Internacional de Prevenci\u00f3n Social de la Violencia y Delincuencia, el titular del Ejecutivo estatal, inform\u00f3 que para lograr este objetivo se han detectado 140 colonias de 28 municipios mexiquenses, en los cuales se concentran m\u00e1s del 70 por ciento de los delitos que se cometen en la entidad.<\/p>\n<p>En estos lugares, dijo, se pueden realizar acciones como la recuperaci\u00f3n de espacios, contar con mayor vigilancia e iluminaci\u00f3n, mejoramiento de la imagen urbana, entre otras, todas ellas acordadas con la ciudadan\u00eda.<\/p>\n<p>\u201cEl \u00e9xito de este programa que se est\u00e1 trabajando, est\u00e1 en la base de la participaci\u00f3n ciudadana, ya se ha iniciado con el diagn\u00f3stico de estos 28 municipios y 140 colonias, y estamos trabajando e invitando a la ciudadan\u00eda, sobre todo, a los vecinos de estas colonias, para que sean ellos mismos quienes propongan las principales acciones, o las acciones m\u00e1s inmediatas a llevar a cabo para la recuperaci\u00f3n de estos espacios\u201d, expres\u00f3.<\/p>\n<p>El Gobernador mexiquense manifest\u00f3 que la seguridad y la integridad personal y patrimonial de las familias mexiquenses son el resultado de un trabajo colectivo entre autoridades y ciudadan\u00eda, donde la sociedad tambi\u00e9n asume el compromiso de construir comunidades fuertes y unidas.<\/p>\n<p>Para ello, dijo, contar con espacios p\u00fablicos seguros es uno de los primeros pasos que se deben de dar, para construir las comunidades unidas y las familias fuertes que requiere el Estado de M\u00e9xico.<\/p>\n<p>Detall\u00f3 que diversas experiencias de pa\u00edses como Brasil, Colombia y Chile han demostrado que una seguridad ciudadana comienza con la recuperaci\u00f3n de espacios p\u00fablicos que sean identificados como lugares que promueven la violencia y la delincuencia.<\/p>\n<p>\u201cLas calles, las plazas, los parques, el transporte p\u00fablico, las \u00e1reas vecinales comunes son espacios en los que ejercemos nuestros derechos y libertades. Todos ellos, sin excepci\u00f3n, deben brindar seguridad a los ciudadanos, a las familias y a las comunidades\u201d, apunt\u00f3.<\/p>\n<p>Asimismo, invit\u00f3 a las autoridades municipales a sumarse a este esfuerzo, para que de manera conjunta se emprendan acciones integrales que refuercen la recuperaci\u00f3n de espacios p\u00fablicos, como lo es la rehabilitaci\u00f3n del mobiliario urbano, pavimentaci\u00f3n, adoquinado e iluminaci\u00f3n de banquetas, calles plazas y parques, as\u00ed como el aseguramiento de estaciones y paraderos del sistema de transporte.<\/p>\n<p>Alfredo Del Mazo destac\u00f3 algunas de las acciones que la administraci\u00f3n estatal ha emprendido en materia de seguridad, como el fortalecimiento del sistema de justicia, la renovaci\u00f3n de las instituciones de seguridad, as\u00ed como la construcci\u00f3n de una polic\u00eda digna, moderna, eficaz y confiable.<\/p>\n<p>Puntualiz\u00f3 que tambi\u00e9n se dise\u00f1\u00f3 una estrategia en la que se trabaja bajo tres vertientes; la primera de ellas es el fortalecimiento institucional para tener un modelo policial que se caracterice por la profesionalizaci\u00f3n y el respeto de los derechos humanos.<\/p>\n<p>La segunda vertiente es la disminuci\u00f3n de la incidencia delictiva con el uso de inteligencia policial y la focalizaci\u00f3n de recursos para atacar delitos de alto impacto, como robo al transporte p\u00fablico, extorsi\u00f3n y secuestro.<\/p>\n<p>Mientras que la tercera es en relaci\u00f3n a la participaci\u00f3n ciudadana y prevenci\u00f3n del delito, donde se busca contar con comunidades con identidad y valores que rechacen la violencia, en el cual la participaci\u00f3n de organizaciones de la sociedad civil, acad\u00e9micos, empresarios, mujeres, j\u00f3venes y autoridades, trabajan de manera coordinada en la recuperaci\u00f3n de espacios p\u00fablicos.<\/p>\n<p>El mandatario estatal agreg\u00f3 que tener familias fuertes es la base de una pol\u00edtica de prevenci\u00f3n, por lo que tambi\u00e9n se debe asegurar que tengan oportunidades de educaci\u00f3n, salud, alimentaci\u00f3n, vivienda e ingreso, as\u00ed como acceso a programas deportivos, culturales y aquellos que refuercen los valores y difundan medidas en materia de prevenci\u00f3n.<\/p>\n<p>Asimismo, reiter\u00f3 el compromiso del Gobierno del Estado de M\u00e9xico de regresar y recuperar la seguridad y tranquilidad a las familias mexiquenses, por ello, la realizaci\u00f3n del Primer Congreso Internacional de Prevenci\u00f3n del Delito, donde hizo votos para que a trav\u00e9s de las mesas de trabajo que se llevar\u00e1n a cabo, se fortalezcan a\u00fan m\u00e1s los lazos con la sociedad civil, para trabajar en el mejoramiento de la seguridad y la prevenci\u00f3n del delito.<\/p>\n<p>Por su parte, la Secretaria de Seguridad, Maribel Cervantes Guerrero, dio a conocer que en los 28 municipios identificados con los mayores \u00edndices delictivos, se establecieron corredores seguros con patrullajes, adem\u00e1s se cuenta con 18 Bases de Operaci\u00f3n Mixta (BOM) en 13 localidades.<\/p>\n<p>Tambi\u00e9n sostuvo que se refuerzan las acciones de prevenci\u00f3n y participaci\u00f3n ciudadana, para que la poblaci\u00f3n se incorpore a las acciones que se llevan a cabo en la estrategia de seguridad, y explic\u00f3 que la realizaci\u00f3n del Congreso, el primero en su tipo en la entidad, tiene como objetivo informar y concientizar a los mexiquenses en torno a la construcci\u00f3n de seguridad, brind\u00e1ndoles herramientas que permitan disminuir la ejecuci\u00f3n de conductas violentas y delictivas.<\/p>\n","protected":false},"excerpt":{"rendered":"<p>Inaugura mandatario estatal Primer Congreso Internacional de Prevenci\u00f3n Social de la Violencia y Delincuencia. Es necesario trabajar de manera coordinada con los sociedad para prevenir el delito y recuperar espacios p\u00fablicos. En zonas \u00e1lgidas se refuerzan las acciones y estrategias en materia de seguridad. Toluca, Estado de M\u00e9xico, 15 de agosto de 2018. Uno de [&hellip;]<\/p>\n","protected":false},"author":3,"featured_media":24796,"comment_status":"open","ping_status":"open","sticky":false,"template":"","format":"standard","meta":{"footnotes":""},"categories":[8741,9157,16,9149,7549],"tags":[11890,1464,5443,11889,488,186,9757,11891],"class_list":{"0":"post-24795","1":"post","2":"type-post","3":"status-publish","4":"format-standard","5":"has-post-thumbnail","7":"category-audio","8":"category-edomex","9":"category-foto","10":"category-policiaca","11":"category-video","12":"tag-28-municipios-mas-inseguros","13":"tag-alejandro-jaime-gomez-sanchez","14":"tag-alfredo-del-mazo-maza","15":"tag-congreso-internacional-de-prevencion-social-de-la-delincuencia","16":"tag-jorge-olvera-garcia","17":"tag-jorge-omar-velazquez","18":"tag-marcela-gonzalez-salas","19":"tag-sergio-medina"},"wps_subtitle":"Se han identificado 28 municipios donde se presentan los mayores \u00edndices delictivos","_links":{"self":[{"href":"https:\/\/www.porlalibreedomex.com\/index.php?rest_route=\/wp\/v2\/posts\/24795","targetHints":{"allow":["GET"]}}],"collection":[{"href":"https:\/\/www.porlalibreedomex.com\/index.php?rest_route=\/wp\/v2\/posts"}],"about":[{"href":"https:\/\/www.porlalibreedomex.com\/index.php?rest_route=\/wp\/v2\/types\/post"}],"author":[{"embeddable":true,"href":"https:\/\/www.porlalibreedomex.com\/index.php?rest_route=\/wp\/v2\/users\/3"}],"replies":[{"embeddable":true,"href":"https:\/\/www.porlalibreedomex.com\/index.php?rest_route=%2Fwp%2Fv2%2Fcomments&post=24795"}],"version-history":[{"count":1,"href":"https:\/\/www.porlalibreedomex.com\/index.php?rest_route=\/wp\/v2\/posts\/24795\/revisions"}],"predecessor-version":[{"id":24800,"href":"https:\/\/www.porlalibreedomex.com\/index.php?rest_route=\/wp\/v2\/posts\/24795\/revisions\/24800"}],"wp:featuredmedia":[{"embeddable":true,"href":"https:\/\/www.porlalibreedomex.com\/index.php?rest_route=\/wp\/v2\/media\/24796"}],"wp:attachment":[{"href":"https:\/\/www.porlalibreedomex.com\/index.php?rest_route=%2Fwp%2Fv2%2Fmedia&parent=24795"}],"wp:term":[{"taxonomy":"category","embeddable":true,"href":"https:\/\/www.porlalibreedomex.com\/index.php?rest_route=%2Fwp%2Fv2%2Fcategories&post=24795"},{"taxonomy":"post_tag","embeddable":true,"href":"https:\/\/www.porlalibreedomex.com\/index.php?rest_route=%2Fwp%2Fv2%2Ftags&post=24795"}],"curies":[{"name":"wp","href":"https:\/\/api.w.org\/{rel}","templated":true}]}}