{"id":24781,"date":"2018-08-15T22:21:50","date_gmt":"2018-08-16T03:21:50","guid":{"rendered":"http:\/\/www.porlalibreedomex.com\/?p=24781"},"modified":"2018-08-15T22:21:50","modified_gmt":"2018-08-16T03:21:50","slug":"aprehenden-secretaria-de-seguridad-y-g-t-o-a-probable-responsable-de-robo-de-vehiculo","status":"publish","type":"post","link":"https:\/\/www.porlalibreedomex.com\/?p=24781","title":{"rendered":"APREHENDEN SECRETAR\u00cdA DE SEGURIDAD Y G.T.O. A PROBABLE RESPONSABLE DE ROBO DE VEH\u00cdCULO"},"content":{"rendered":"<p>&nbsp;<\/p>\n<p>&nbsp;<\/p>\n<p><strong>Naucalpan, Estado de M\u00e9xico, 15 de agosto de 2018.-<\/strong> Con la implementaci\u00f3n del Plan Integral Naucalpan, elementos de la Secretar\u00eda de Seguridad (SS), en coordinaci\u00f3n con el Grupo T\u00e1ctico Operativo (GTO), detuvieron a C\u00e9sar \u201cN\u201d, de 19 a\u00f1os de edad, por su probable relaci\u00f3n en el delito de robo de veh\u00edculo con violencia.<\/p>\n<p>Mientras los efectivos de la SS circulaban sobre la calle Bugambilia, fueron alertados por un ciudadano quien inform\u00f3 que el veh\u00edculo Ford Fiesta, color blanco, que arranc\u00f3 en ese momento a toda velocidad, era de su propiedad.<\/p>\n<figure id=\"attachment_24782\" aria-describedby=\"caption-attachment-24782\" style=\"width: 774px\" class=\"wp-caption aligncenter\"><a href=\"http:\/\/www.porlalibreedomex.com\/wp-content\/uploads\/2018\/08\/WhatsApp-Image-2018-08-15-at-7.25.28-PM-2.jpeg\"><img loading=\"lazy\" decoding=\"async\" class=\"size-full wp-image-24782\" src=\"http:\/\/www.porlalibreedomex.com\/wp-content\/uploads\/2018\/08\/WhatsApp-Image-2018-08-15-at-7.25.28-PM-2.jpeg\" alt=\"\" width=\"774\" height=\"822\" srcset=\"https:\/\/www.porlalibreedomex.com\/wp-content\/uploads\/2018\/08\/WhatsApp-Image-2018-08-15-at-7.25.28-PM-2.jpeg 774w, https:\/\/www.porlalibreedomex.com\/wp-content\/uploads\/2018\/08\/WhatsApp-Image-2018-08-15-at-7.25.28-PM-2-282x300.jpeg 282w, https:\/\/www.porlalibreedomex.com\/wp-content\/uploads\/2018\/08\/WhatsApp-Image-2018-08-15-at-7.25.28-PM-2-768x816.jpeg 768w\" sizes=\"auto, (max-width: 774px) 100vw, 774px\" \/><\/a><figcaption id=\"caption-attachment-24782\" class=\"wp-caption-text\">Veh\u00edculo recuperado por la SSEM y Grupo T\u00e1ctico Operativo<\/figcaption><\/figure>\n<p>Con los protocolos de actuaci\u00f3n, se inici\u00f3 la persecuci\u00f3n de la unidad; los dos probables responsables, incluso, efectuaron detonaciones de arma de fuego contra los uniformados, ataque que fue repelido.<\/p>\n<p>Al entroncar sobre Ferrocarril Ac\u00e1mbaro, a la altura del Rastro Municipal, quien manejaba un veh\u00edculo Pointer, color gris, aparentemente utilizado como \u00abmuro\u00bb, perdi\u00f3 el control del automotor y se impact\u00f3 contra un tr\u00e1iler que iba pasando, as\u00ed como con la base de un poste, por lo que qued\u00f3 aturdido; otro sujeto que conduc\u00eda el automotor robado logr\u00f3 evadirse.<a href=\"http:\/\/www.porlalibreedomex.com\/wp-content\/uploads\/2018\/08\/WhatsApp-Image-2018-08-15-at-7.25.28-PM-1.jpeg\"><img loading=\"lazy\" decoding=\"async\" class=\"aligncenter size-large wp-image-24784\" src=\"http:\/\/www.porlalibreedomex.com\/wp-content\/uploads\/2018\/08\/WhatsApp-Image-2018-08-15-at-7.25.28-PM-1-1024x768.jpeg\" alt=\"\" width=\"800\" height=\"600\" srcset=\"https:\/\/www.porlalibreedomex.com\/wp-content\/uploads\/2018\/08\/WhatsApp-Image-2018-08-15-at-7.25.28-PM-1-1024x768.jpeg 1024w, https:\/\/www.porlalibreedomex.com\/wp-content\/uploads\/2018\/08\/WhatsApp-Image-2018-08-15-at-7.25.28-PM-1-300x225.jpeg 300w, https:\/\/www.porlalibreedomex.com\/wp-content\/uploads\/2018\/08\/WhatsApp-Image-2018-08-15-at-7.25.28-PM-1-768x576.jpeg 768w, https:\/\/www.porlalibreedomex.com\/wp-content\/uploads\/2018\/08\/WhatsApp-Image-2018-08-15-at-7.25.28-PM-1.jpeg 1040w\" sizes=\"auto, (max-width: 800px) 100vw, 800px\" \/><\/a><\/p>\n<p>A petici\u00f3n de parte, la persona aprehendida fue trasladada a la agencia del Ministerio P\u00fablico correspondiente, donde se inici\u00f3 la Carpeta de Investigaci\u00f3n para definir su situaci\u00f3n legal y localizar al o a los probables c\u00f3mplices.<\/p>\n<p>C\u00e9sar \u00abN\u00bb podr\u00eda estar relacionado con una banda delictiva dedicada al robo de veh\u00edculos de alta gama, por lo que se investigar\u00e1 su probable participaci\u00f3n en otros il\u00edcitos perpetrados en un lapso de mes y medio, con en el robo de al menos diez automotores.<\/p>\n<p><strong>La Secretar\u00eda de Seguridad le recuerda que los tel\u00e9fonos de Denuncia An\u00f3nima 0-8-9 y de emergencia 9-1-1 trabajan las 24 horas del d\u00eda; tambi\u00e9n puede contactarnos a trav\u00e9s de nuestras redes sociales: en Facebook @SS.Edomex, y en Twitter @SS_Edomex.<\/strong><\/p>\n","protected":false},"excerpt":{"rendered":"<p>&nbsp; &nbsp; Naucalpan, Estado de M\u00e9xico, 15 de agosto de 2018.- Con la implementaci\u00f3n del Plan Integral Naucalpan, elementos de la Secretar\u00eda de Seguridad (SS), en coordinaci\u00f3n con el Grupo T\u00e1ctico Operativo (GTO), detuvieron a C\u00e9sar \u201cN\u201d, de 19 a\u00f1os de edad, por su probable relaci\u00f3n en el delito de robo de veh\u00edculo con violencia. [&hellip;]<\/p>\n","protected":false},"author":3,"featured_media":24783,"comment_status":"open","ping_status":"open","sticky":false,"template":"","format":"standard","meta":{"footnotes":""},"categories":[9157,16,9149],"tags":[],"class_list":{"0":"post-24781","1":"post","2":"type-post","3":"status-publish","4":"format-standard","5":"has-post-thumbnail","7":"category-edomex","8":"category-foto","9":"category-policiaca"},"wps_subtitle":"Miembro de una banda que rob\u00f3 diez autos en s\u00f3lo mes y medio","_links":{"self":[{"href":"https:\/\/www.porlalibreedomex.com\/index.php?rest_route=\/wp\/v2\/posts\/24781","targetHints":{"allow":["GET"]}}],"collection":[{"href":"https:\/\/www.porlalibreedomex.com\/index.php?rest_route=\/wp\/v2\/posts"}],"about":[{"href":"https:\/\/www.porlalibreedomex.com\/index.php?rest_route=\/wp\/v2\/types\/post"}],"author":[{"embeddable":true,"href":"https:\/\/www.porlalibreedomex.com\/index.php?rest_route=\/wp\/v2\/users\/3"}],"replies":[{"embeddable":true,"href":"https:\/\/www.porlalibreedomex.com\/index.php?rest_route=%2Fwp%2Fv2%2Fcomments&post=24781"}],"version-history":[{"count":1,"href":"https:\/\/www.porlalibreedomex.com\/index.php?rest_route=\/wp\/v2\/posts\/24781\/revisions"}],"predecessor-version":[{"id":24785,"href":"https:\/\/www.porlalibreedomex.com\/index.php?rest_route=\/wp\/v2\/posts\/24781\/revisions\/24785"}],"wp:featuredmedia":[{"embeddable":true,"href":"https:\/\/www.porlalibreedomex.com\/index.php?rest_route=\/wp\/v2\/media\/24783"}],"wp:attachment":[{"href":"https:\/\/www.porlalibreedomex.com\/index.php?rest_route=%2Fwp%2Fv2%2Fmedia&parent=24781"}],"wp:term":[{"taxonomy":"category","embeddable":true,"href":"https:\/\/www.porlalibreedomex.com\/index.php?rest_route=%2Fwp%2Fv2%2Fcategories&post=24781"},{"taxonomy":"post_tag","embeddable":true,"href":"https:\/\/www.porlalibreedomex.com\/index.php?rest_route=%2Fwp%2Fv2%2Ftags&post=24781"}],"curies":[{"name":"wp","href":"https:\/\/api.w.org\/{rel}","templated":true}]}}