{"id":24547,"date":"2018-07-07T13:09:25","date_gmt":"2018-07-07T18:09:25","guid":{"rendered":"http:\/\/www.porlalibreedomex.com\/?p=24547"},"modified":"2018-08-05T13:09:54","modified_gmt":"2018-08-05T18:09:54","slug":"detiene-secretaria-de-seguridad-a-probable-homicida-y-violador","status":"publish","type":"post","link":"https:\/\/www.porlalibreedomex.com\/?p=24547","title":{"rendered":"DETIENE SECRETAR\u00cdA DE SEGURIDAD A PROBABLE HOMICIDA Y VIOLADOR"},"content":{"rendered":"<p class=\"m_-3566468897996927448MsoNoSpacing\" align=\"center\"><b><span lang=\"ES-TRAD\">\u00a0<u><\/u><\/span><\/b><\/p>\n<p class=\"m_-3566468897996927448MsoNoSpacing\" align=\"center\"><b><\/b><b><span lang=\"ES-TRAD\"><u><\/u>\u00a0<u><\/u><\/span><\/b><\/p>\n<p class=\"m_-3566468897996927448MsoNoSpacing\"><b><span lang=\"ES-TRAD\">Tec\u00e1mac, Estado de M\u00e9xico, 07 de julio de 2018.-<\/span><\/b><span lang=\"ES-TRAD\">\u00a0Una oportuna llamada de emergencia deriv\u00f3 en la aprehensi\u00f3n de un probable agresor sexual, instantes despu\u00e9s de que, al parecer, asesinara a su v\u00edctima, empleada de un caf\u00e9 internet.<u><\/u><u><\/u><\/span><\/p>\n<p class=\"m_-3566468897996927448MsoNoSpacing\"><span lang=\"ES-TRAD\"><u><\/u>\u00a0<\/span><span lang=\"ES-TRAD\">Los hechos se suscitaron poco antes del mediod\u00eda de este s\u00e1bado en la unidad H\u00e9roes Tec\u00e1mac, cuando la Secretar\u00eda de Seguridad (SS) recibi\u00f3 una denuncia an\u00f3nima de un probable robo en proceso en un establecimiento para la renta al p\u00fablico de computadoras.<u><\/u><u><\/u><\/span><\/p>\n<p class=\"m_-3566468897996927448MsoNoSpacing\"><span lang=\"ES-TRAD\"><u><\/u>\u00a0<\/span><span lang=\"ES-TRAD\">Al arribar al sitio indicado para corroborar la petici\u00f3n de auxilio, los efectivos de la SS vieron cerrado el establecimiento; sin embargo, al tratar de checar si hab\u00eda alguien dentro, un sujeto abri\u00f3 intempestivamente la puerta e intent\u00f3 fugarse, a\u00fan a medio vestir.<\/span><\/p>\n<figure id=\"attachment_24549\" aria-describedby=\"caption-attachment-24549\" style=\"width: 800px\" class=\"wp-caption aligncenter\"><a href=\"http:\/\/www.porlalibreedomex.com\/wp-content\/uploads\/2018\/08\/Tec\u00e1macM\u00e9xico-Polic\u00eda-Estatal-mexiquense-detiene-a-violador-homicida.jpeg\"><img loading=\"lazy\" decoding=\"async\" class=\"size-large wp-image-24549\" src=\"http:\/\/www.porlalibreedomex.com\/wp-content\/uploads\/2018\/08\/Tec\u00e1macM\u00e9xico-Polic\u00eda-Estatal-mexiquense-detiene-a-violador-homicida-1024x780.jpeg\" alt=\"\" width=\"800\" height=\"609\" srcset=\"https:\/\/www.porlalibreedomex.com\/wp-content\/uploads\/2018\/08\/Tec\u00e1macM\u00e9xico-Polic\u00eda-Estatal-mexiquense-detiene-a-violador-homicida-1024x780.jpeg 1024w, https:\/\/www.porlalibreedomex.com\/wp-content\/uploads\/2018\/08\/Tec\u00e1macM\u00e9xico-Polic\u00eda-Estatal-mexiquense-detiene-a-violador-homicida-300x229.jpeg 300w, https:\/\/www.porlalibreedomex.com\/wp-content\/uploads\/2018\/08\/Tec\u00e1macM\u00e9xico-Polic\u00eda-Estatal-mexiquense-detiene-a-violador-homicida-768x585.jpeg 768w, https:\/\/www.porlalibreedomex.com\/wp-content\/uploads\/2018\/08\/Tec\u00e1macM\u00e9xico-Polic\u00eda-Estatal-mexiquense-detiene-a-violador-homicida.jpeg 1280w\" sizes=\"auto, (max-width: 800px) 100vw, 800px\" \/><\/a><figcaption id=\"caption-attachment-24549\" class=\"wp-caption-text\">Tec\u00e1mac, M\u00e9xico- Tripulantes de la patrulla 24221 de la polic\u00eda mexiquense, detuvieron al presunto violador asesino<\/figcaption><\/figure>\n<p class=\"m_-3566468897996927448MsoNoSpacing\"><span lang=\"ES-TRAD\"><u><\/u>\u00a0<\/span><span lang=\"ES-TRAD\">Uno de los Polic\u00edas Estatales corri\u00f3 tras dicha persona, en tanto que un uniformado sigui\u00f3 inspeccionando y encontr\u00f3 el cuerpo desnudo de una mujer, de aproximadamente 30 a\u00f1os de edad.<u><\/u><u><\/u><\/span><\/p>\n<p class=\"m_-3566468897996927448MsoNoSpacing\"><span lang=\"ES-TRAD\"><u><\/u>\u00a0<\/span><span lang=\"ES-TRAD\">Javier Alfredo \u00abN\u00bb, de 25 a\u00f1os de edad, fue capturado calles adelante, tras una persecuci\u00f3n pie a tierra, y de inmediato fue puesto a disposici\u00f3n del Ministerio P\u00fablico, con sede en Los H\u00e9roes.<u><\/u><u><\/u><\/span><\/p>\n<p class=\"m_-3566468897996927448MsoNoSpacing\"><span lang=\"ES-TRAD\"><u><\/u>\u00a0<\/span><span lang=\"ES-TRAD\">La Secretar\u00eda de Seguridad le recuerda que los tel\u00e9fonos de Denuncia An\u00f3nima 0-8-9 y de emergencia 9-1-1 trabajan las 24 horas del d\u00eda; tambi\u00e9n puede contactarnos a trav\u00e9s de nuestras redes sociales: en Facebook @SS.Edomex, y en Twitter @SS_Edomex<u><\/u><u><\/u><\/span><\/p>\n<p class=\"m_-3566468897996927448MsoNoSpacing\"><span lang=\"ES-TRAD\"><u><\/u>\u00a0<\/span><\/p>\n","protected":false},"excerpt":{"rendered":"<p>\u00a0 \u00a0 Tec\u00e1mac, Estado de M\u00e9xico, 07 de julio de 2018.-\u00a0Una oportuna llamada de emergencia deriv\u00f3 en la aprehensi\u00f3n de un probable agresor sexual, instantes despu\u00e9s de que, al parecer, asesinara a su v\u00edctima, empleada de un caf\u00e9 internet. \u00a0Los hechos se suscitaron poco antes del mediod\u00eda de este s\u00e1bado en la unidad H\u00e9roes Tec\u00e1mac, [&hellip;]<\/p>\n","protected":false},"author":3,"featured_media":24548,"comment_status":"open","ping_status":"open","sticky":false,"template":"","format":"standard","meta":{"footnotes":""},"categories":[16,9149],"tags":[11771,10029,11770],"class_list":{"0":"post-24547","1":"post","2":"type-post","3":"status-publish","4":"format-standard","5":"has-post-thumbnail","7":"category-foto","8":"category-policiaca","9":"tag-captura-policia-mexiquense","10":"tag-ssem","11":"tag-violador-asesino"},"wps_subtitle":"","_links":{"self":[{"href":"https:\/\/www.porlalibreedomex.com\/index.php?rest_route=\/wp\/v2\/posts\/24547","targetHints":{"allow":["GET"]}}],"collection":[{"href":"https:\/\/www.porlalibreedomex.com\/index.php?rest_route=\/wp\/v2\/posts"}],"about":[{"href":"https:\/\/www.porlalibreedomex.com\/index.php?rest_route=\/wp\/v2\/types\/post"}],"author":[{"embeddable":true,"href":"https:\/\/www.porlalibreedomex.com\/index.php?rest_route=\/wp\/v2\/users\/3"}],"replies":[{"embeddable":true,"href":"https:\/\/www.porlalibreedomex.com\/index.php?rest_route=%2Fwp%2Fv2%2Fcomments&post=24547"}],"version-history":[{"count":1,"href":"https:\/\/www.porlalibreedomex.com\/index.php?rest_route=\/wp\/v2\/posts\/24547\/revisions"}],"predecessor-version":[{"id":24550,"href":"https:\/\/www.porlalibreedomex.com\/index.php?rest_route=\/wp\/v2\/posts\/24547\/revisions\/24550"}],"wp:featuredmedia":[{"embeddable":true,"href":"https:\/\/www.porlalibreedomex.com\/index.php?rest_route=\/wp\/v2\/media\/24548"}],"wp:attachment":[{"href":"https:\/\/www.porlalibreedomex.com\/index.php?rest_route=%2Fwp%2Fv2%2Fmedia&parent=24547"}],"wp:term":[{"taxonomy":"category","embeddable":true,"href":"https:\/\/www.porlalibreedomex.com\/index.php?rest_route=%2Fwp%2Fv2%2Fcategories&post=24547"},{"taxonomy":"post_tag","embeddable":true,"href":"https:\/\/www.porlalibreedomex.com\/index.php?rest_route=%2Fwp%2Fv2%2Ftags&post=24547"}],"curies":[{"name":"wp","href":"https:\/\/api.w.org\/{rel}","templated":true}]}}