{"id":24506,"date":"2018-07-31T00:37:04","date_gmt":"2018-07-31T05:37:04","guid":{"rendered":"http:\/\/www.porlalibreedomex.com\/?p=24506"},"modified":"2018-08-01T00:37:28","modified_gmt":"2018-08-01T05:37:28","slug":"presentan-diputados-electos-del-pt-su-plan-de-agenda-legislativa","status":"publish","type":"post","link":"https:\/\/www.porlalibreedomex.com\/?p=24506","title":{"rendered":"PRESENTAN DIPUTADOS ELECTOS DEL PT SU PLAN DE AGENDA LEGISLATIVA"},"content":{"rendered":"<p>&nbsp;<\/p>\n<p><strong>Toluca, M\u00e9xico, 31 de julio de 2018.<\/strong> En conferencia de prensa, diputados locales electos del Partido del Trabajo presentaron una agenda legislativa, que anunciaron, pondr\u00e1n en marcha al entrar en funciones en el pr\u00f3ximo mes de septiembre; explicaron que su bancada tiene once diputados pero podr\u00eda llegar a 15, de ganar la impugnaci\u00f3n que presentaron ante el Tribunal Electoral, lo que les dar\u00eda uno m\u00e1s, y adicionalmente, la adhesi\u00f3n de otros tres del Partido Encuentro Social.<\/p>\n<p>Explicaron que no formar\u00e1n una gran bancada sum\u00e1ndose a los diputados de Morena, pues conservar\u00e1n su propia identidad, pero eso s\u00ed, apoyar\u00e1n a ojos cerrados las iniciativas de L\u00f3pez Obrador, aunque las que lleguen a presentar los legisladores locales morenistas, se analizar\u00e1n antes de decidir darles su voto.<\/p>\n<p>Los diputados electos\u00a0 Luis Antonio Guadarrama, Norberto Morales Poblete y Armando Bautista, fueron quienes encabezaron la conferencia de prensa, y estuvieron con Ricardo Ramos Arzate, miembro de la directiva estatal; m\u00e1s tarde se agreg\u00f3 Joel Cruz Canseco, quien aparece en la extrema derecha de la fotograf\u00eda, cuya pertenencia a la legislatura decidir\u00e1 el Tribunal Electoral, pues hay una impugnaci\u00f3n, quien dijeron, ser\u00eda el Coordinador de la Bancada petista. \u00abEn caso de que se perdiera ante el Tribunal Electoral, el Coordinador ser\u00eda cualquiera de los que estamos en esta mesa\u00bb declar\u00f3 Norberto Morales Poblete.<\/p>\n<p>Las propuestas que dijeron propondr\u00e1n convertir en ley en la C\u00e1mara de Diputados una vez que tomen posesi\u00f3n del cargo, son :<\/p>\n<p>La posible revocaci\u00f3n del mandato del gobernador del Estado de M\u00e9xico, luego de una consulta popular que se efect\u00fae cada dos a\u00f1os, de acuerdo con la propuesta que llev\u00f3 a los debates de los candidatos a la gubernatura, \u00d3scar Gonz\u00e1lez Y\u00e1\u00f1ez, y que firmaron los dem\u00e1s aspirantes a la titularidad del Poder Ejecutivo de la Entidad.<\/p>\n<p>Fiscalizaci\u00f3n de recursos p\u00fablicos y reforma del \u00d3rgano Superior de Fiscalizaci\u00f3n, pues explican, antes hab\u00eda revisi\u00f3n para aprobar las cuentas, y ahora basta con dar el visto bueno.<\/p>\n<p>Abrogar las reformas en materia de Seguridad Social y bursatilizaci\u00f3n de los recursos p\u00fablicos, as\u00ed como el refinanciamiento de la deuda.<\/p>\n<p>Mejorar las condiciones laborales y salariales de los trabajadores del campo y la ciudad.<\/p>\n<p>Mejorar la seguridad p\u00fablica y el combate a la delincuencia y el crimen organizado.<\/p>\n<p>Explicaron que es\u00a0fundamental atacar esta problem\u00e1tica por sus causas que anidan en la corrupci\u00f3n, impunidad y falta de oportunidades de la poblaci\u00f3n; sin descuidar elementos materiales que permitan eficientar los esquemas polic\u00edacos y de procuraci\u00f3n de justicia.<\/p>\n<p>Salud, Educaci\u00f3n y Seguridad Social, al considerar que cada d\u00eda se vuelven m\u00e1s dif\u00edciles para la poblaci\u00f3n las condiciones de salud, educaci\u00f3n, y seguridad social. El problema, dijeron, obedece a la concepci\u00f3n dominante que prevalece en el ejercicio p\u00fablico, y a que, dijeron, \u00abestos derechos son tan importantes econ\u00f3micamente que no deben estar en manos del Estado\u00bb.<\/p>\n<p>Tambi\u00e9n entran en sus planes legislativos, el agua y el desarrollo sustentable.\u00a0\u00abSomos un partido comprometido con el medio ambiente y como tal asumimos en compromiso de no comprometer la capacidad de satisfacci\u00f3n de las futuras generaciones haciendo un uso irracional de los recursos naturales existentes. Las reformas estar\u00e1n orientadas en garantizar el desarrollo sustentable.\u00bb<\/p>\n<p>Sobre la integraci\u00f3n de un gobierno de coalici\u00f3n, una reforma electoral y representaci\u00f3n popular, opinan que es imprescindible fortalecer o recomponer la vida democr\u00e1tica, por lo que habr\u00e1 reformas constitucionales y legales por las que se obligue a la\u00a0 formaci\u00f3n de gobiernos de coalici\u00f3n siempre que el partido ganador no obtenga el 45% de los votos de la elecci\u00f3n para gobernador. De igual forma anunciaron reforma \u00abpara terminar con la sobrerrepresentaci\u00f3n de los ayuntamientos y el congreso local.\u00bb<\/p>\n<p>Tambi\u00e9n tienen como objetivo, legislar para empatar la elecci\u00f3n de gobernador del Estado de M\u00e9xico, con la elecci\u00f3n federal inmediata.\u00a0Se propondr\u00e1\u00a0 que la elecci\u00f3n de gobernador se empate a la elecci\u00f3n federal en virtud del costo que genera una elecci\u00f3n estatal. Para tal efecto la pr\u00f3xima elecci\u00f3n de gobernador se deber\u00e1 realizar en 2024.<\/p>\n<p>Propondr\u00e1n -seg\u00fan informaron- municipalizar bienes p\u00fablicos, y no privatizar nada al margen del pueblo.<\/p>\n<p>En cuanto a derechos y cultura ind\u00edgena, la meta es establecer en la ley que la naturaleza pluricultural y pluri\u00e9tnica del estado de M\u00e9xico, es raz\u00f3n suficiente para entender que \u00abno podr\u00e1 haber desarrollo social ni democracia al margen de los pueblos y comunidades originarias del estado de M\u00e9xico.\u00bb<\/p>\n<p>Estos fueron los puntos principales de la agenda legislativa del PT, pero advirtieron que habr\u00e1 m\u00e1s propuestas por parte de los otros miembros de la bancada.<\/p>\n<p>&nbsp;<\/p>\n","protected":false},"excerpt":{"rendered":"<p>&nbsp; Toluca, M\u00e9xico, 31 de julio de 2018. En conferencia de prensa, diputados locales electos del Partido del Trabajo presentaron una agenda legislativa, que anunciaron, pondr\u00e1n en marcha al entrar en funciones en el pr\u00f3ximo mes de septiembre; explicaron que su bancada tiene once diputados pero podr\u00eda llegar a 15, de ganar la impugnaci\u00f3n que [&hellip;]<\/p>\n","protected":false},"author":3,"featured_media":24507,"comment_status":"open","ping_status":"open","sticky":false,"template":"","format":"standard","meta":{"footnotes":""},"categories":[9157,16,9150],"tags":[11750,11754,11755,11752,11753,11751],"class_list":{"0":"post-24506","1":"post","2":"type-post","3":"status-publish","4":"format-standard","5":"has-post-thumbnail","7":"category-edomex","8":"category-foto","9":"category-politica","10":"tag-agenda-legislativa-del-pt","11":"tag-armando-bautista","12":"tag-joel-cruz-canseco","13":"tag-norberto","14":"tag-norberto-morales-poblete","15":"tag-ricardo-ramos"},"wps_subtitle":"Incluye la consulta bianual para calificar el trabajo del Gobernador del Estado","_links":{"self":[{"href":"https:\/\/www.porlalibreedomex.com\/index.php?rest_route=\/wp\/v2\/posts\/24506","targetHints":{"allow":["GET"]}}],"collection":[{"href":"https:\/\/www.porlalibreedomex.com\/index.php?rest_route=\/wp\/v2\/posts"}],"about":[{"href":"https:\/\/www.porlalibreedomex.com\/index.php?rest_route=\/wp\/v2\/types\/post"}],"author":[{"embeddable":true,"href":"https:\/\/www.porlalibreedomex.com\/index.php?rest_route=\/wp\/v2\/users\/3"}],"replies":[{"embeddable":true,"href":"https:\/\/www.porlalibreedomex.com\/index.php?rest_route=%2Fwp%2Fv2%2Fcomments&post=24506"}],"version-history":[{"count":1,"href":"https:\/\/www.porlalibreedomex.com\/index.php?rest_route=\/wp\/v2\/posts\/24506\/revisions"}],"predecessor-version":[{"id":24508,"href":"https:\/\/www.porlalibreedomex.com\/index.php?rest_route=\/wp\/v2\/posts\/24506\/revisions\/24508"}],"wp:featuredmedia":[{"embeddable":true,"href":"https:\/\/www.porlalibreedomex.com\/index.php?rest_route=\/wp\/v2\/media\/24507"}],"wp:attachment":[{"href":"https:\/\/www.porlalibreedomex.com\/index.php?rest_route=%2Fwp%2Fv2%2Fmedia&parent=24506"}],"wp:term":[{"taxonomy":"category","embeddable":true,"href":"https:\/\/www.porlalibreedomex.com\/index.php?rest_route=%2Fwp%2Fv2%2Fcategories&post=24506"},{"taxonomy":"post_tag","embeddable":true,"href":"https:\/\/www.porlalibreedomex.com\/index.php?rest_route=%2Fwp%2Fv2%2Ftags&post=24506"}],"curies":[{"name":"wp","href":"https:\/\/api.w.org\/{rel}","templated":true}]}}