{"id":24502,"date":"2018-07-30T00:24:33","date_gmt":"2018-07-30T05:24:33","guid":{"rendered":"http:\/\/www.porlalibreedomex.com\/?p=24502"},"modified":"2018-07-31T00:34:06","modified_gmt":"2018-07-31T05:34:06","slug":"privan-de-la-libertad-a-camarografos-de-azteca-noticias-televisa-y-fotografo-de-excelsior-en-camara-de-diputados","status":"publish","type":"post","link":"https:\/\/www.porlalibreedomex.com\/?p=24502","title":{"rendered":"PRIVAN DE LA LIBERTAD A CAMAROGRAFOS DE AZTECA NOTICIAS, TELEVISA Y FOTOGRAFO DE EXCELSIOR EN CAMARA DE DIPUTADOS"},"content":{"rendered":"<p>&nbsp;<\/p>\n<p>&nbsp;<\/p>\n<p>Por Maxi Pel\u00e1ez<\/p>\n<p>La tarde de este lunes, un grupo de trabajadores del PRD de la C\u00e1mara de Diputados retuvo y agredi\u00f3 a dos Camar\u00f3grafos y a un fot\u00f3grafo cuando estos realizaban labores periodistas para levantar imagen de la mudanza de los diputados que dejaran el cargo, el ultimo d\u00eda de agosto en San L\u00e1zaro para que otros ocupen sus oficinas.<br \/>\nLos compa\u00f1eros retenidos son: Edgar Trejo Mendoza, de Azteca Noticias, Gabriel \u00c1vila Mancilla, de Televisa y, el fot\u00f3grafo del peri\u00f3dico Exc\u00e9lsior, Mateo Reyes Arellano.<br \/>\nLos trabajadores mantuvieron retenidos a los compa\u00f1eros por espacio de 45 minutos en una oficina del cuarto piso, del edificio \u201cB\u201d del Palacio Legislativo de San L\u00e1zaro, bajo la amenaza de no dejarlos ir sino borraban las im\u00e1genes de las cajas de la mudanza que hab\u00edan captado. Solo as\u00ed lograron salir.<br \/>\nLos dos camar\u00f3grafos y el fot\u00f3grafo se identificaron como representantes de sus respectivos medios de comunicaci\u00f3n, pero Beatriz Climaco, Coordinadora Administrativa de la fracci\u00f3n parlamentaria del PRD en la C\u00e1mara de Diputados, azuzo al grupo de trabajadores quienes rodearon, amedrentaron y retuvieron a los compa\u00f1eros.<br \/>\nIncluso, ped\u00edan que interviniera la Polic\u00eda Federal para que los compa\u00f1eros de la lente fueran detenidos y trasladados al Ministerio P\u00fablico Federal, bajo el argumento de que se encontraban en un edificio federal sin permiso, cuando son compa\u00f1eros acreditados para la cobertura de las actividades de la C\u00e1mara de diputados desde hace dos y hasta seis legislaturas.<br \/>\nEste, es el primer caso que se conoce de privaci\u00f3n de la libertad en la C\u00e1mara de Diputados en contra de los comunicadores que hacen su trabajo diariamente.<\/p>\n","protected":false},"excerpt":{"rendered":"<p>&nbsp; &nbsp; Por Maxi Pel\u00e1ez La tarde de este lunes, un grupo de trabajadores del PRD de la C\u00e1mara de Diputados retuvo y agredi\u00f3 a dos Camar\u00f3grafos y a un fot\u00f3grafo cuando estos realizaban labores periodistas para levantar imagen de la mudanza de los diputados que dejaran el cargo, el ultimo d\u00eda de agosto en [&hellip;]<\/p>\n","protected":false},"author":3,"featured_media":24503,"comment_status":"open","ping_status":"open","sticky":false,"template":"","format":"standard","meta":{"footnotes":""},"categories":[16,9145,9150],"tags":[11748,3036,11749,11747],"class_list":{"0":"post-24502","1":"post","2":"type-post","3":"status-publish","4":"format-standard","5":"has-post-thumbnail","7":"category-foto","8":"category-general","9":"category-politica","10":"tag-beatriz-climaco","11":"tag-camara-de-diputados","12":"tag-periodistas-retenidos","13":"tag-trabajadores-de-medios"},"wps_subtitle":"","_links":{"self":[{"href":"https:\/\/www.porlalibreedomex.com\/index.php?rest_route=\/wp\/v2\/posts\/24502","targetHints":{"allow":["GET"]}}],"collection":[{"href":"https:\/\/www.porlalibreedomex.com\/index.php?rest_route=\/wp\/v2\/posts"}],"about":[{"href":"https:\/\/www.porlalibreedomex.com\/index.php?rest_route=\/wp\/v2\/types\/post"}],"author":[{"embeddable":true,"href":"https:\/\/www.porlalibreedomex.com\/index.php?rest_route=\/wp\/v2\/users\/3"}],"replies":[{"embeddable":true,"href":"https:\/\/www.porlalibreedomex.com\/index.php?rest_route=%2Fwp%2Fv2%2Fcomments&post=24502"}],"version-history":[{"count":1,"href":"https:\/\/www.porlalibreedomex.com\/index.php?rest_route=\/wp\/v2\/posts\/24502\/revisions"}],"predecessor-version":[{"id":24504,"href":"https:\/\/www.porlalibreedomex.com\/index.php?rest_route=\/wp\/v2\/posts\/24502\/revisions\/24504"}],"wp:featuredmedia":[{"embeddable":true,"href":"https:\/\/www.porlalibreedomex.com\/index.php?rest_route=\/wp\/v2\/media\/24503"}],"wp:attachment":[{"href":"https:\/\/www.porlalibreedomex.com\/index.php?rest_route=%2Fwp%2Fv2%2Fmedia&parent=24502"}],"wp:term":[{"taxonomy":"category","embeddable":true,"href":"https:\/\/www.porlalibreedomex.com\/index.php?rest_route=%2Fwp%2Fv2%2Fcategories&post=24502"},{"taxonomy":"post_tag","embeddable":true,"href":"https:\/\/www.porlalibreedomex.com\/index.php?rest_route=%2Fwp%2Fv2%2Ftags&post=24502"}],"curies":[{"name":"wp","href":"https:\/\/api.w.org\/{rel}","templated":true}]}}