{"id":24496,"date":"2018-07-30T00:15:30","date_gmt":"2018-07-30T05:15:30","guid":{"rendered":"http:\/\/www.porlalibreedomex.com\/?p=24496"},"modified":"2018-07-31T00:15:45","modified_gmt":"2018-07-31T05:15:45","slug":"triunfan-artesanos-de-metepec-en-premio-nacional-de-la-ceramica-2018","status":"publish","type":"post","link":"https:\/\/www.porlalibreedomex.com\/?p=24496","title":{"rendered":"TRIUNFAN ARTESANOS DE METEPEC EN PREMIO NACIONAL DE LA CER\u00c1MICA 2018 \u00a0"},"content":{"rendered":"<div><\/div>\n<ul>\n<li>\u00a0<em>Cinco artesanos del Pueblo M\u00e1gico resultaron ganadores en diferentes categor\u00edas.<br \/>\n<\/em><\/li>\n<\/ul>\n<div>\n<p><strong>Metepec, Pueblo M\u00e1gico; 30 de julio de 2018.\u00a0<\/strong>Durante la XLII entrega del Premio Nacional de la Cer\u00e1mica que se llev\u00f3 a cabo en Tlaquepaque, Jalisco; cinco maestros del arte popular originarios de Metepec fueron reconocidos en diferentes categor\u00edas por haber participado con piezas magistralmente realizadas.<\/p>\n<p>Los ganadores fueron: Ver\u00f3nica Montoya Bueno, Mar\u00eda Estela Montoya V\u00e1zquez, Antonio Hern\u00e1ndez S\u00e1nchez, Said V\u00e1zquez G\u00f3mez y Ana Belem Malpica Guti\u00e9rrez, quienes triunfaron en categor\u00edas como Cer\u00e1mica contempor\u00e1nea, Alfarer\u00eda vidriada sin plomo, Cer\u00e1mica tradicional, Escultura en cer\u00e1mica, Cer\u00e1mica en miniatura, Cer\u00e1mica navide\u00f1a y Figura en arcilla.<\/p>\n<\/div>\n<div>\n<p><div id='gallery-1' class='gallery galleryid-24496 gallery-columns-3 gallery-size-large'><figure class='gallery-item'>\n\t\t\t<div class='gallery-icon landscape'>\n\t\t\t\t<a href='https:\/\/www.porlalibreedomex.com\/?attachment_id=24499'><img loading=\"lazy\" decoding=\"async\" width=\"696\" height=\"476\" src=\"https:\/\/www.porlalibreedomex.com\/wp-content\/uploads\/2018\/07\/Metepec-Cazuelas-Moleras-piezas-ganadoras.jpg\" class=\"attachment-large size-large\" alt=\"\" srcset=\"https:\/\/www.porlalibreedomex.com\/wp-content\/uploads\/2018\/07\/Metepec-Cazuelas-Moleras-piezas-ganadoras.jpg 800w, https:\/\/www.porlalibreedomex.com\/wp-content\/uploads\/2018\/07\/Metepec-Cazuelas-Moleras-piezas-ganadoras-300x205.jpg 300w, https:\/\/www.porlalibreedomex.com\/wp-content\/uploads\/2018\/07\/Metepec-Cazuelas-Moleras-piezas-ganadoras-768x525.jpg 768w, https:\/\/www.porlalibreedomex.com\/wp-content\/uploads\/2018\/07\/Metepec-Cazuelas-Moleras-piezas-ganadoras-130x90.jpg 130w\" sizes=\"auto, (max-width: 696px) 100vw, 696px\" \/><\/a>\n\t\t\t<\/div><\/figure><figure class='gallery-item'>\n\t\t\t<div class='gallery-icon landscape'>\n\t\t\t\t<a href='https:\/\/www.porlalibreedomex.com\/?attachment_id=24497'><img loading=\"lazy\" decoding=\"async\" width=\"696\" height=\"504\" src=\"https:\/\/www.porlalibreedomex.com\/wp-content\/uploads\/2018\/07\/Metepec-Pieza-Ganadora-Pescadera.jpg\" class=\"attachment-large size-large\" alt=\"\" aria-describedby=\"gallery-1-24497\" srcset=\"https:\/\/www.porlalibreedomex.com\/wp-content\/uploads\/2018\/07\/Metepec-Pieza-Ganadora-Pescadera.jpg 800w, https:\/\/www.porlalibreedomex.com\/wp-content\/uploads\/2018\/07\/Metepec-Pieza-Ganadora-Pescadera-300x217.jpg 300w, https:\/\/www.porlalibreedomex.com\/wp-content\/uploads\/2018\/07\/Metepec-Pieza-Ganadora-Pescadera-768x556.jpg 768w\" sizes=\"auto, (max-width: 696px) 100vw, 696px\" \/><\/a>\n\t\t\t<\/div>\n\t\t\t\t<figcaption class='wp-caption-text gallery-caption' id='gallery-1-24497'>\n\t\t\t\tPescadera elaborada por Ver\u00f3nica Montoya Bueno, de Metepec\n\n\t\t\t\t<\/figcaption><\/figure>\n\t\t<\/div>\n<br \/>\nPara el gobierno de Metepec, que encabeza el presidente David L\u00f3pez C\u00e1rdenas, impulsar la artesan\u00eda local es parte fundamental de las pol\u00edticas p\u00fablicas aplicadas durante la presente administraci\u00f3n municipal debido a la importancia econ\u00f3mica y cultural que representa este sector en la demarcaci\u00f3n.El Premio Nacional de la Cer\u00e1mica 2018, que entreg\u00f3 el Fondo Nacional por el Fomento de las Artesan\u00edas (FONART), registr\u00f3 m\u00e1s de mil 400 piezas elaboradas por artesanos de 29 estados de la Rep\u00fablica Mexicana.<\/p>\n<\/div>\n","protected":false},"excerpt":{"rendered":"<p>\u00a0Cinco artesanos del Pueblo M\u00e1gico resultaron ganadores en diferentes categor\u00edas. Metepec, Pueblo M\u00e1gico; 30 de julio de 2018.\u00a0Durante la XLII entrega del Premio Nacional de la Cer\u00e1mica que se llev\u00f3 a cabo en Tlaquepaque, Jalisco; cinco maestros del arte popular originarios de Metepec fueron reconocidos en diferentes categor\u00edas por haber participado con piezas magistralmente realizadas. [&hellip;]<\/p>\n","protected":false},"author":3,"featured_media":24498,"comment_status":"open","ping_status":"open","sticky":false,"template":"","format":"standard","meta":{"footnotes":""},"categories":[9873,16,9145],"tags":[8045,11746,2806,4186,11745],"class_list":{"0":"post-24496","1":"post","2":"type-post","3":"status-publish","4":"format-standard","5":"has-post-thumbnail","7":"category-cultura","8":"category-foto","9":"category-general","10":"tag-artesanos-de-metepec","11":"tag-artesanos-ganadores","12":"tag-david-lopez-cardenas","13":"tag-fonart","14":"tag-premio-nacional-de-ceramica"},"wps_subtitle":"\u00a0Fueron reconocidos\u00a0en Tlaquepaque, Jalisco, por el FONART","_links":{"self":[{"href":"https:\/\/www.porlalibreedomex.com\/index.php?rest_route=\/wp\/v2\/posts\/24496","targetHints":{"allow":["GET"]}}],"collection":[{"href":"https:\/\/www.porlalibreedomex.com\/index.php?rest_route=\/wp\/v2\/posts"}],"about":[{"href":"https:\/\/www.porlalibreedomex.com\/index.php?rest_route=\/wp\/v2\/types\/post"}],"author":[{"embeddable":true,"href":"https:\/\/www.porlalibreedomex.com\/index.php?rest_route=\/wp\/v2\/users\/3"}],"replies":[{"embeddable":true,"href":"https:\/\/www.porlalibreedomex.com\/index.php?rest_route=%2Fwp%2Fv2%2Fcomments&post=24496"}],"version-history":[{"count":2,"href":"https:\/\/www.porlalibreedomex.com\/index.php?rest_route=\/wp\/v2\/posts\/24496\/revisions"}],"predecessor-version":[{"id":24501,"href":"https:\/\/www.porlalibreedomex.com\/index.php?rest_route=\/wp\/v2\/posts\/24496\/revisions\/24501"}],"wp:featuredmedia":[{"embeddable":true,"href":"https:\/\/www.porlalibreedomex.com\/index.php?rest_route=\/wp\/v2\/media\/24498"}],"wp:attachment":[{"href":"https:\/\/www.porlalibreedomex.com\/index.php?rest_route=%2Fwp%2Fv2%2Fmedia&parent=24496"}],"wp:term":[{"taxonomy":"category","embeddable":true,"href":"https:\/\/www.porlalibreedomex.com\/index.php?rest_route=%2Fwp%2Fv2%2Fcategories&post=24496"},{"taxonomy":"post_tag","embeddable":true,"href":"https:\/\/www.porlalibreedomex.com\/index.php?rest_route=%2Fwp%2Fv2%2Ftags&post=24496"}],"curies":[{"name":"wp","href":"https:\/\/api.w.org\/{rel}","templated":true}]}}