{"id":24409,"date":"2018-07-26T01:25:51","date_gmt":"2018-07-26T06:25:51","guid":{"rendered":"http:\/\/www.porlalibreedomex.com\/?p=24409"},"modified":"2018-07-27T01:26:09","modified_gmt":"2018-07-27T06:26:09","slug":"reconoce-metepec-a-participantes-del-concurso-de-yuntas-retablos-carros-alegoricos-y-mojigangas","status":"publish","type":"post","link":"https:\/\/www.porlalibreedomex.com\/?p=24409","title":{"rendered":"RECONOCE METEPEC A PARTICIPANTES DEL CONCURSO DE YUNTAS, RETABLOS, CARROS ALEG\u00d3RICOS Y MOJIGANGAS"},"content":{"rendered":"<ul>\n<li><em>\u00a0Autoridades municipales premiaron a los ganadores del certamen que preserva la tradici\u00f3n del Paseo de la Agricultura del 15 de mayo.<\/em><\/li>\n<\/ul>\n<div>\n<p><strong>Pueblo M\u00e1gico de Metepec, M\u00e9xico; 26 de julio de 2018.<\/strong>\u00a0El gobierno de Metepec a trav\u00e9s de la direcci\u00f3n de Cultura, llev\u00f3 a cabo la premiaci\u00f3n del Sexto Concurso de Yuntas, Retablos, Carros Aleg\u00f3ricos y Mojigangas, reconociendo as\u00ed a los participantes por difundir, promover y preservar las tradiciones asociadas al Paseo de la Agricultura en honor a San Isidro Labrador, una de las festividades m\u00e1s importantes del Pueblo M\u00e1gico.<\/p>\n<p>Este a\u00f1o, el Concurso cont\u00f3 con 51 participantes, premiando a los creadores de 15 yuntas -adornadas con diversos instrumentos de labranza- y retablos -elaborados con semillas-; 12 carros aleg\u00f3ricos \u2013que mostraron im\u00e1genes de San Isidro-; as\u00ed como cinco mojigangas que cumplieron con los elementos tradicionales de la representaci\u00f3n, es decir, vestuario, m\u00fasica y danza, todos evaluados por un jurado especializado en celebraciones tradicionales e historia.<\/p>\n<figure id=\"attachment_24412\" aria-describedby=\"caption-attachment-24412\" style=\"width: 800px\" class=\"wp-caption aligncenter\"><a href=\"http:\/\/www.porlalibreedomex.com\/wp-content\/uploads\/2018\/07\/unnamed-45.jpg\"><img loading=\"lazy\" decoding=\"async\" class=\"size-large wp-image-24412\" src=\"http:\/\/www.porlalibreedomex.com\/wp-content\/uploads\/2018\/07\/unnamed-45-1024x682.jpg\" alt=\"\" width=\"800\" height=\"533\" srcset=\"https:\/\/www.porlalibreedomex.com\/wp-content\/uploads\/2018\/07\/unnamed-45-1024x682.jpg 1024w, https:\/\/www.porlalibreedomex.com\/wp-content\/uploads\/2018\/07\/unnamed-45-300x200.jpg 300w, https:\/\/www.porlalibreedomex.com\/wp-content\/uploads\/2018\/07\/unnamed-45-768x512.jpg 768w, https:\/\/www.porlalibreedomex.com\/wp-content\/uploads\/2018\/07\/unnamed-45.jpg 1280w\" sizes=\"auto, (max-width: 800px) 100vw, 800px\" \/><\/a><figcaption id=\"caption-attachment-24412\" class=\"wp-caption-text\">Agricultores metepequenses que recibieron reconocimiento por su papel destacado en carros aleg\u00f3ricos y cuadros con semillas, del Paseo de San Isidro Labrador<\/figcaption><\/figure>\n<p>En representaci\u00f3n del alcalde David L\u00f3pez C\u00e1rdenas, el secretario del ayuntamiento, Alejandro Abad Lara Terr\u00f3n, se\u00f1al\u00f3 que \u201cel Paseo de la Agricultura, forma parte del patrimonio cultural del municipio y su realizaci\u00f3n fue posible gracias a la participaci\u00f3n de todos\u201d, por lo que destac\u00f3 la disposici\u00f3n, tiempo, creatividad y trabajo de cada uno de los participantes.<\/p>\n<p>Por su parte, el presidente de la Uni\u00f3n de Cuadrillas y Familias del Paseo de la Agricultura, Guillermo Maya Gonz\u00e1lez, agradeci\u00f3 el apoyo del gobierno municipal durante los tres a\u00f1os, reconociendo el compromiso de hacer una festividad pac\u00edfica y responsable, adem\u00e1s de que en la edici\u00f3n 2018 del concurso se repartieron dos mil 154 premios gestionados ante el presidente municipal.<br \/>\n<a href=\"http:\/\/www.porlalibreedomex.com\/wp-content\/uploads\/2018\/07\/unnamed-46.jpg\"><img loading=\"lazy\" decoding=\"async\" class=\"aligncenter size-large wp-image-24413\" src=\"http:\/\/www.porlalibreedomex.com\/wp-content\/uploads\/2018\/07\/unnamed-46-682x1024.jpg\" alt=\"\" width=\"682\" height=\"1024\" srcset=\"https:\/\/www.porlalibreedomex.com\/wp-content\/uploads\/2018\/07\/unnamed-46-682x1024.jpg 682w, https:\/\/www.porlalibreedomex.com\/wp-content\/uploads\/2018\/07\/unnamed-46-200x300.jpg 200w, https:\/\/www.porlalibreedomex.com\/wp-content\/uploads\/2018\/07\/unnamed-46-768x1152.jpg 768w, https:\/\/www.porlalibreedomex.com\/wp-content\/uploads\/2018\/07\/unnamed-46.jpg 853w\" sizes=\"auto, (max-width: 682px) 100vw, 682px\" \/><\/a><br \/>\nDurante el Paseo, los vecinos y visitantes pueden disfrutar de la m\u00e1xima expresi\u00f3n de quienes se dedican al campo, familias que con devoci\u00f3n, piden una temporada de lluvias a San Isidro, para tener una buena cosecha.<\/p>\n<p>En la ceremonia, las autoridades municipales entregaron un reconocimiento a Marcial Miguel Arcos Romero, por participar en el Paseo durante 53 a\u00f1os ininterrumpidamente, iniciando a la edad de ocho a\u00f1os de edad. De esta manera Metepec promueve la preservaci\u00f3n y el amor por los elementos identitarios que forman parte de su cultura.<\/p>\n<\/div>\n","protected":false},"excerpt":{"rendered":"<p>\u00a0Autoridades municipales premiaron a los ganadores del certamen que preserva la tradici\u00f3n del Paseo de la Agricultura del 15 de mayo. Pueblo M\u00e1gico de Metepec, M\u00e9xico; 26 de julio de 2018.\u00a0El gobierno de Metepec a trav\u00e9s de la direcci\u00f3n de Cultura, llev\u00f3 a cabo la premiaci\u00f3n del Sexto Concurso de Yuntas, Retablos, Carros Aleg\u00f3ricos y [&hellip;]<\/p>\n","protected":false},"author":3,"featured_media":24410,"comment_status":"open","ping_status":"open","sticky":false,"template":"","format":"standard","meta":{"footnotes":""},"categories":[9873,9146,16],"tags":[378,2806,11724,11722,11723,6463,380],"class_list":{"0":"post-24409","1":"post","2":"type-post","3":"status-publish","4":"format-standard","5":"has-post-thumbnail","7":"category-cultura","8":"category-economia","9":"category-foto","10":"tag-carros-alegoricos","11":"tag-david-lopez-cardenas","12":"tag-marcial-miguel-arcos","13":"tag-metepec-premia","14":"tag-mojigangas","15":"tag-paseo-de-san-isidro-labrador","16":"tag-retablos"},"wps_subtitle":"Del Paseo en honor a San Isidro...","_links":{"self":[{"href":"https:\/\/www.porlalibreedomex.com\/index.php?rest_route=\/wp\/v2\/posts\/24409","targetHints":{"allow":["GET"]}}],"collection":[{"href":"https:\/\/www.porlalibreedomex.com\/index.php?rest_route=\/wp\/v2\/posts"}],"about":[{"href":"https:\/\/www.porlalibreedomex.com\/index.php?rest_route=\/wp\/v2\/types\/post"}],"author":[{"embeddable":true,"href":"https:\/\/www.porlalibreedomex.com\/index.php?rest_route=\/wp\/v2\/users\/3"}],"replies":[{"embeddable":true,"href":"https:\/\/www.porlalibreedomex.com\/index.php?rest_route=%2Fwp%2Fv2%2Fcomments&post=24409"}],"version-history":[{"count":2,"href":"https:\/\/www.porlalibreedomex.com\/index.php?rest_route=\/wp\/v2\/posts\/24409\/revisions"}],"predecessor-version":[{"id":24416,"href":"https:\/\/www.porlalibreedomex.com\/index.php?rest_route=\/wp\/v2\/posts\/24409\/revisions\/24416"}],"wp:featuredmedia":[{"embeddable":true,"href":"https:\/\/www.porlalibreedomex.com\/index.php?rest_route=\/wp\/v2\/media\/24410"}],"wp:attachment":[{"href":"https:\/\/www.porlalibreedomex.com\/index.php?rest_route=%2Fwp%2Fv2%2Fmedia&parent=24409"}],"wp:term":[{"taxonomy":"category","embeddable":true,"href":"https:\/\/www.porlalibreedomex.com\/index.php?rest_route=%2Fwp%2Fv2%2Fcategories&post=24409"},{"taxonomy":"post_tag","embeddable":true,"href":"https:\/\/www.porlalibreedomex.com\/index.php?rest_route=%2Fwp%2Fv2%2Ftags&post=24409"}],"curies":[{"name":"wp","href":"https:\/\/api.w.org\/{rel}","templated":true}]}}