{"id":24398,"date":"2018-07-25T00:04:00","date_gmt":"2018-07-25T05:04:00","guid":{"rendered":"http:\/\/www.porlalibreedomex.com\/?p=24398"},"modified":"2018-07-27T00:38:55","modified_gmt":"2018-07-27T05:38:55","slug":"comienza-el-sistema-de-bicicletas-publicas-en-el-pueblo-magico-de-metepec","status":"publish","type":"post","link":"https:\/\/www.porlalibreedomex.com\/?p=24398","title":{"rendered":"COMIENZA EL SISTEMA DE BICICLETAS P\u00daBLICAS EN EL PUEBLO M\u00c1GICO DE METEPEC"},"content":{"rendered":"<ul>\n<li><strong>Comienza a rodar VBike\u00a0<\/strong><\/li>\n<li><em>VBike llega a formar parte del sistema de transporte existente, y como nueva alternativa de recreaci\u00f3n para metepequenses y turistas.<\/em><\/li>\n<li><em>300 bicicletas repartidas en varias zonas del municipio cumplir\u00e1n en materia de transporte, medio ambiente y salud p\u00fablicos. <\/em><\/li>\n<\/ul>\n<p><strong>\u00a0<\/strong><\/p>\n<p><strong>Pueblo m\u00e1gico de Metepec, 26 de julio de 2018. <\/strong>Con el objetivo de formar parte de la cadena de transporte ya existente en Metepec e incrementar el atractivo tur\u00edstico y las alternativas recreativas en la zona, VBike, el sistema de bicicleta compartida sin estaciones y 100% tecnol\u00f3gico,\u00a0 habilit\u00f3 de manera formal 300 equipos y varias zonas de ascenso y descenso repartidas en diversos puntos de la localidad.<\/p>\n<p>De esta manera, la startup mexicana entra en un territorio m\u00e1s y se convierten en una nueva alternativa de transporte en la entidad y en parte del cumplimiento de los objetivos p\u00fablicos en materia de medio ambiente, transporte y salud.<\/p>\n<p>\u201cEstamos sumamente orgullosos de abrir una plaza m\u00e1s en el pa\u00eds. Esto confirma la gran capacidad que las administraciones p\u00fablicas para entender los beneficios de nuestro proyecto, as\u00ed como la existencia de un ciudadano que desea ser protagonistas y participante de un cambio tangible. Para nosotros, cada uno de nuestros usuarios no es un n\u00famero m\u00e1s, sino un agente de cambio que impacta de forma directa la construcci\u00f3n de un nuevo tejido urbano\u201d, asegur\u00f3 Federico Polakoff, Director de Operaciones de VBike M\u00e9xico.<\/p>\n<figure id=\"attachment_24400\" aria-describedby=\"caption-attachment-24400\" style=\"width: 800px\" class=\"wp-caption aligncenter\"><a href=\"http:\/\/www.porlalibreedomex.com\/wp-content\/uploads\/2018\/07\/Arranca-el-progtrama-de-Bicicleta-P\u00fablica-VBike-en-Metepec.jpg\"><img loading=\"lazy\" decoding=\"async\" class=\"size-large wp-image-24400\" src=\"http:\/\/www.porlalibreedomex.com\/wp-content\/uploads\/2018\/07\/Arranca-el-progtrama-de-Bicicleta-P\u00fablica-VBike-en-Metepec-1024x768.jpg\" alt=\"\" width=\"800\" height=\"600\" srcset=\"https:\/\/www.porlalibreedomex.com\/wp-content\/uploads\/2018\/07\/Arranca-el-progtrama-de-Bicicleta-P\u00fablica-VBike-en-Metepec-1024x768.jpg 1024w, https:\/\/www.porlalibreedomex.com\/wp-content\/uploads\/2018\/07\/Arranca-el-progtrama-de-Bicicleta-P\u00fablica-VBike-en-Metepec-300x225.jpg 300w, https:\/\/www.porlalibreedomex.com\/wp-content\/uploads\/2018\/07\/Arranca-el-progtrama-de-Bicicleta-P\u00fablica-VBike-en-Metepec-768x576.jpg 768w, https:\/\/www.porlalibreedomex.com\/wp-content\/uploads\/2018\/07\/Arranca-el-progtrama-de-Bicicleta-P\u00fablica-VBike-en-Metepec.jpg 1159w\" sizes=\"auto, (max-width: 800px) 100vw, 800px\" \/><\/a><figcaption id=\"caption-attachment-24400\" class=\"wp-caption-text\">Metepec, M\u00e9xico.- David L\u00f3pez, Presidente Municipal de Metepec, pone en funcionamiento el sistema de Bicicleta P\u00fablica Compartida VBike en el Pueblo M\u00e1gico que gobierna. Menos de un peso 20 centavos al d\u00eda si te inscribes por un a\u00f1o&#8230;<\/figcaption><\/figure>\n<p>Al igual que en otras plazas del pa\u00eds este nuevo sistema aprovecha el uso de los tel\u00e9fonos inteligentes de los ciudadanos y mediante una app de localizaci\u00f3n, desbloqueo y cobro, se convierte en uno de los servicios de bicicleta\u00a0 compartida m\u00e1s innovadores y eficaces en M\u00e9xico.<\/p>\n<p>VBike tiene como caracter\u00edstica principal ser un proyecto de corresponsabilidad social, ya que gobiernos, iniciativa privada y ciudadanos participan para ayudar a combatir la contaminaci\u00f3n, fomentar la actividad f\u00edsica y hacer m\u00e1s eficiente la cadena de transporte que ya existe en las localidades a las que est\u00e1 llegando.<\/p>\n<p>\u201cEn Metepec buscamos, adem\u00e1s de fomentar un estilo de vida m\u00e1s sano y el uso de un veh\u00edculo que no genera contaminaci\u00f3n,\u00a0 el cuidado de la imagen de una localidad considerada pueblo m\u00e1gico, y el incremento en las opciones recreativas para el turismo. En VBike entendemos la importancia de expandir la alternativa, y en conjunto con los gobiernos, sumar factores de innovaci\u00f3n y tecnolog\u00eda en beneficio de las personas, por lo que seguiremos explorando m\u00e1s plazas en donde podamos contribuir a mejorar la calidad de vida de los habitantes del pa\u00eds\u201d, agreg\u00f3\u00a0 Polaakoff<\/p>\n<p><iframe loading=\"lazy\"  id=\"_ytid_87757\"  width=\"696\" height=\"392\"  data-origwidth=\"696\" data-origheight=\"392\" src=\"https:\/\/www.youtube.com\/embed\/I1Xng05NFew?enablejsapi=1&#038;autoplay=1&#038;cc_load_policy=0&#038;cc_lang_pref=&#038;iv_load_policy=1&#038;loop=0&#038;rel=1&#038;fs=1&#038;playsinline=0&#038;autohide=2&#038;theme=dark&#038;color=red&#038;controls=1&#038;disablekb=0&#038;\" class=\"__youtube_prefs__  epyt-is-override  no-lazyload\" title=\"YouTube player\"  allow=\"fullscreen; accelerometer; autoplay; clipboard-write; encrypted-media; gyroscope; picture-in-picture; web-share\" referrerpolicy=\"strict-origin-when-cross-origin\" allowfullscreen data-no-lazy=\"1\" data-skipgform_ajax_framebjll=\"\"><\/iframe><\/p>\n<p>Cabe destacar que parte del servicio que entrega VBike es la constante <strong>comunicaci\u00f3n<\/strong> con los usuarios y no usuarios a trav\u00e9s de sus canales digitales y redes sociales.\u00a0 De esta manera genera una din\u00e1mica interacci\u00f3n para explicar los beneficios del uso de la bicicleta, as\u00ed como la generaci\u00f3n de buenas pr\u00e1cticas, tales como el respeto a los reglamentos de tr\u00e1nsito, el buen uso del sistema y el levantamiento de reportes en caso de encontrar <strong>equipos fuera de las zonas designadas,<\/strong> o que puedan estar bloqueando cocheras o pasos peatonales.<\/p>\n<p>Al igual que en otros territorios,\u00a0 VBike cuenta con costos estandarizados y dos formas de renta. La primera es a trav\u00e9s de una suscripci\u00f3n, donde hay tres tipos de planes: anual ($399), semestral ($229) y mensual ($49). Cada membres\u00eda tiene viajes ilimitados de dos horas, durante el periodo elegido. En caso de que el usuario no necesite membres\u00eda, porque solo usa VBike ocasionalmente, puede pagar $10 por cada viaje que haga y puede usar la bici durante toda una hora. Para mayor informaci\u00f3n: <a href=\"http:\/\/www.vbike.mx\">http:\/\/www.vbike.mx<\/a><\/p>\n<p>&nbsp;<\/p>\n<p><strong>Acerca de VBike<\/strong><\/p>\n<p><strong>VBike M\u00e9xico es el innovador sistema tecnol\u00f3gico de bicicleta compartida, el cual hace de sus usuarios los protagonistas de una revoluci\u00f3n verde en materia de salud, medio ambiente y movilidad urbana. Nuestra tecnolog\u00eda no tiene precedentes en Am\u00e9rica Latina y nos permite ofrecer a los usuarios diversos esquemas de renta sin restricciones de zonas, disponibilidad y horarios. Para mayor informaci\u00f3n: <a href=\"http:\/\/www.vbike.mx\">http:\/\/www.vbike.mx<\/a><\/strong><\/p>\n","protected":false},"excerpt":{"rendered":"<p>Comienza a rodar VBike\u00a0 VBike llega a formar parte del sistema de transporte existente, y como nueva alternativa de recreaci\u00f3n para metepequenses y turistas. 300 bicicletas repartidas en varias zonas del municipio cumplir\u00e1n en materia de transporte, medio ambiente y salud p\u00fablicos. \u00a0 Pueblo m\u00e1gico de Metepec, 26 de julio de 2018. Con el objetivo [&hellip;]<\/p>\n","protected":false},"author":3,"featured_media":24399,"comment_status":"open","ping_status":"open","sticky":false,"template":"","format":"standard","meta":{"footnotes":""},"categories":[9157,16,9209],"tags":[11715,11717,11718,2806,11716],"class_list":{"0":"post-24398","1":"post","2":"type-post","3":"status-publish","4":"format-standard","5":"has-post-thumbnail","7":"category-edomex","8":"category-foto","9":"category-salud","10":"tag-bicicleta-publica","11":"tag-bicicleta-publica-en-metepec","12":"tag-bicis-a-menos-de-un-peso-al-dia","13":"tag-david-lopez-cardenas","14":"tag-vbike"},"wps_subtitle":"","_links":{"self":[{"href":"https:\/\/www.porlalibreedomex.com\/index.php?rest_route=\/wp\/v2\/posts\/24398","targetHints":{"allow":["GET"]}}],"collection":[{"href":"https:\/\/www.porlalibreedomex.com\/index.php?rest_route=\/wp\/v2\/posts"}],"about":[{"href":"https:\/\/www.porlalibreedomex.com\/index.php?rest_route=\/wp\/v2\/types\/post"}],"author":[{"embeddable":true,"href":"https:\/\/www.porlalibreedomex.com\/index.php?rest_route=\/wp\/v2\/users\/3"}],"replies":[{"embeddable":true,"href":"https:\/\/www.porlalibreedomex.com\/index.php?rest_route=%2Fwp%2Fv2%2Fcomments&post=24398"}],"version-history":[{"count":3,"href":"https:\/\/www.porlalibreedomex.com\/index.php?rest_route=\/wp\/v2\/posts\/24398\/revisions"}],"predecessor-version":[{"id":24407,"href":"https:\/\/www.porlalibreedomex.com\/index.php?rest_route=\/wp\/v2\/posts\/24398\/revisions\/24407"}],"wp:featuredmedia":[{"embeddable":true,"href":"https:\/\/www.porlalibreedomex.com\/index.php?rest_route=\/wp\/v2\/media\/24399"}],"wp:attachment":[{"href":"https:\/\/www.porlalibreedomex.com\/index.php?rest_route=%2Fwp%2Fv2%2Fmedia&parent=24398"}],"wp:term":[{"taxonomy":"category","embeddable":true,"href":"https:\/\/www.porlalibreedomex.com\/index.php?rest_route=%2Fwp%2Fv2%2Fcategories&post=24398"},{"taxonomy":"post_tag","embeddable":true,"href":"https:\/\/www.porlalibreedomex.com\/index.php?rest_route=%2Fwp%2Fv2%2Ftags&post=24398"}],"curies":[{"name":"wp","href":"https:\/\/api.w.org\/{rel}","templated":true}]}}