{"id":24386,"date":"2018-07-25T02:24:56","date_gmt":"2018-07-25T07:24:56","guid":{"rendered":"http:\/\/www.porlalibreedomex.com\/?p=24386"},"modified":"2018-07-25T02:24:56","modified_gmt":"2018-07-25T07:24:56","slug":"este-viernes-en-el-teatro-quimera-de-metepec-concierto-de-la-sinfonica-del-estado-de-mexico","status":"publish","type":"post","link":"https:\/\/www.porlalibreedomex.com\/?p=24386","title":{"rendered":"ESTE VIERNES, EN EL TEATRO QUIMERA DE METEPEC, CONCIERTO DE LA SINF\u00d3NICA DEL ESTADO DE M\u00c9XICO"},"content":{"rendered":"<p align=\"center\">\n<p>\u00b7<\/p>\n<p align=\"center\"><strong>\u00a0<\/strong><\/p>\n<p><strong>Pueblo M\u00e1gico de Metepec, M\u00e9xico; 24 de julio de 2018.\u00a0\u00a0<\/strong>El Teatro Quimera de Metepec recibir\u00e1 este viernes a la Orquesta Sinf\u00f3nica del Estado de M\u00e9xico (OSEM) que ofrecer\u00e1 un concierto de jazz a partir de las 19:30 horas.<\/p>\n<p>Como parte del Festival de Verano 2018, bajo la direcci\u00f3n del maestro Rodrigo Mac\u00edas, la OSEM deleitar\u00e1 al p\u00fablico con un programa especial para la ocasi\u00f3n en la que participar\u00e1 Israel Varela Trio and Friends.<\/p>\n<p>Los boletos gratuitos pueden solicitarse directamente a partir de este d\u00eda en la administraci\u00f3n del Museo del Barro con domicilio en avenida Estado de M\u00e9xico n\u00famero 10 Barrio de Santiaguito, en Metepec.<\/p>\n<p>El Festival de Verano de la OSEM tuvo presentaci\u00f3n hace unos d\u00edas\u00a0\u00a0en la capital mexiquense y en en el municipio de Texcoco; en esta ocasi\u00f3n el Pueblo M\u00e1gico de Metepec ser\u00e1 sede y d\u00eda 29 cerrar\u00e1 la temporada en Valle de Bravo.<\/p>\n<p>&nbsp;<\/p>\n","protected":false},"excerpt":{"rendered":"<p>\u00b7 \u00a0 Pueblo M\u00e1gico de Metepec, M\u00e9xico; 24 de julio de 2018.\u00a0\u00a0El Teatro Quimera de Metepec recibir\u00e1 este viernes a la Orquesta Sinf\u00f3nica del Estado de M\u00e9xico (OSEM) que ofrecer\u00e1 un concierto de jazz a partir de las 19:30 horas. Como parte del Festival de Verano 2018, bajo la direcci\u00f3n del maestro Rodrigo Mac\u00edas, la [&hellip;]<\/p>\n","protected":false},"author":3,"featured_media":24387,"comment_status":"open","ping_status":"open","sticky":false,"template":"","format":"standard","meta":{"footnotes":""},"categories":[9873,16,5],"tags":[7717,9871],"class_list":{"0":"post-24386","1":"post","2":"type-post","3":"status-publish","4":"format-standard","5":"has-post-thumbnail","7":"category-cultura","8":"category-foto","9":"category-nota-informativa","10":"tag-concierto-de-la-osem-en-quimera","11":"tag-teatro-quimera-metepec"},"wps_subtitle":"\u00a0\u00a0\u00a0Boletos disponibles en el Museo del Barro.","_links":{"self":[{"href":"https:\/\/www.porlalibreedomex.com\/index.php?rest_route=\/wp\/v2\/posts\/24386","targetHints":{"allow":["GET"]}}],"collection":[{"href":"https:\/\/www.porlalibreedomex.com\/index.php?rest_route=\/wp\/v2\/posts"}],"about":[{"href":"https:\/\/www.porlalibreedomex.com\/index.php?rest_route=\/wp\/v2\/types\/post"}],"author":[{"embeddable":true,"href":"https:\/\/www.porlalibreedomex.com\/index.php?rest_route=\/wp\/v2\/users\/3"}],"replies":[{"embeddable":true,"href":"https:\/\/www.porlalibreedomex.com\/index.php?rest_route=%2Fwp%2Fv2%2Fcomments&post=24386"}],"version-history":[{"count":1,"href":"https:\/\/www.porlalibreedomex.com\/index.php?rest_route=\/wp\/v2\/posts\/24386\/revisions"}],"predecessor-version":[{"id":24388,"href":"https:\/\/www.porlalibreedomex.com\/index.php?rest_route=\/wp\/v2\/posts\/24386\/revisions\/24388"}],"wp:featuredmedia":[{"embeddable":true,"href":"https:\/\/www.porlalibreedomex.com\/index.php?rest_route=\/wp\/v2\/media\/24387"}],"wp:attachment":[{"href":"https:\/\/www.porlalibreedomex.com\/index.php?rest_route=%2Fwp%2Fv2%2Fmedia&parent=24386"}],"wp:term":[{"taxonomy":"category","embeddable":true,"href":"https:\/\/www.porlalibreedomex.com\/index.php?rest_route=%2Fwp%2Fv2%2Fcategories&post=24386"},{"taxonomy":"post_tag","embeddable":true,"href":"https:\/\/www.porlalibreedomex.com\/index.php?rest_route=%2Fwp%2Fv2%2Ftags&post=24386"}],"curies":[{"name":"wp","href":"https:\/\/api.w.org\/{rel}","templated":true}]}}