{"id":23863,"date":"2018-06-20T01:41:35","date_gmt":"2018-06-20T06:41:35","guid":{"rendered":"http:\/\/www.porlalibreedomex.com\/?p=23863"},"modified":"2018-06-21T01:41:57","modified_gmt":"2018-06-21T06:41:57","slug":"ofrece-codhem-asesoria-juridica-contra-politica-migratoria-de-trump","status":"publish","type":"post","link":"https:\/\/www.porlalibreedomex.com\/?p=23863","title":{"rendered":"OFRECE CODHEM ASESOR\u00cdA JUR\u00cdDICA  CONTRA POL\u00cdTICA MIGRATORIA DE TRUMP"},"content":{"rendered":"<p><strong>\u00a0<\/strong><\/p>\n<ul>\n<li><em><strong>Sumada al prop\u00f3sito del gobierno estatal para evitar el cruce de la frontera de manera ilegal<\/strong><\/em><\/li>\n<\/ul>\n<p>&nbsp;<\/p>\n<p><strong>Toluca, M\u00e9xico, 20 junio de 2018.-<\/strong> El presidente de la Comisi\u00f3n de Derechos Humanos del Estado de M\u00e9xico (Codhem), Jorge Olvera Garc\u00eda ofreci\u00f3 asesor\u00eda jur\u00eddica a trav\u00e9s de la Visitadur\u00eda Adjunta de Atenci\u00f3n a Personas Migrantes, a los mexiquenses deportados que hayan sido separados de sus hijos, al tiempo que se sum\u00f3 a la condena en\u00e9rgica de pa\u00edses y organismos internacionales contra la pol\u00edtica migratoria del gobierno de Estados Unidos que divide familias y afecta a ni\u00f1os y adolescentes, al violentar el principio del inter\u00e9s superior del menor.<\/p>\n<p>En el marco del \u201cD\u00eda Mundial de los Refugiados\u201d, Olvera Garc\u00eda tambi\u00e9n rechaz\u00f3 la decisi\u00f3n del gobierno de Donald Trump de separarse del Consejo de Derechos Humanos de la Organizaci\u00f3n de Naciones Unidas, ya que pone en riesgo los derechos a la integridad personal, a la salud, a la familia y a la libertad, en especial, de los migrantes.<\/p>\n<p>Al unirse al llamado mundial para terminar con la pr\u00e1ctica de la llamada \u201cPol\u00edtica Cero\u201d de Estados Unidos y a la solicitud de medidas cautelares a la Corte Interamericana de Derechos Humanos por parte de los \u00f3rganos nacionales de derechos humanos de M\u00e9xico, Colombia, Ecuador, Guatemala y Honduras, el presidente de la\u00a0\u00a0Comisi\u00f3n de Derechos Humanos del Estado de M\u00e9xico, recalc\u00f3 que de ninguna manera puede tolerarse una pol\u00edtica migratoria para disuadir la inmigraci\u00f3n ilegal, que atenta contra la dignidad humana.<\/p>\n<p>El ombudsperson record\u00f3 que la Codhem vela por el respeto a los derechos de las personas en tr\u00e1nsito, independiente a su situaci\u00f3n migratoria, a quienes les brinda ayuda humanitaria, atenci\u00f3n y acompa\u00f1amiento para presentar posibles quejas en contra de autoridades locales o estatales.<\/p>\n<p>La Codhem enfatiz\u00f3, ante el anuncio del gobernador Alfredo del Mazo Maza, quien rechaz\u00f3 las acciones que no respetan los derechos humanos e instruy\u00f3 a la Coordinaci\u00f3n de Asuntos Internacionales apoyar jur\u00eddicamente a los afectados, mantendr\u00e1 una vinculaci\u00f3n estrecha con dicha instancia a fin de respaldar a los paisanos mexiquenses.<\/p>\n<p>En ese sentido, se sum\u00f3 al llamado de la dependencia del gobierno estatal para que la poblaci\u00f3n evite cruzar la frontera norte de manera ilegal, para salvaguardar su integridad y la de los menores de edad.<\/p>\n<p>En 2017, la Codhem cre\u00f3 la Visitadur\u00eda Adjunta de Atenci\u00f3n a Personas Migrantes para dar puntual atenci\u00f3n y seguimiento a esos asuntos, la cual ya inici\u00f3 50 quejas y brind\u00f3 340 asesor\u00edas.<\/p>\n<p>&nbsp;<\/p>\n","protected":false},"excerpt":{"rendered":"<p>\u00a0 Sumada al prop\u00f3sito del gobierno estatal para evitar el cruce de la frontera de manera ilegal &nbsp; Toluca, M\u00e9xico, 20 junio de 2018.- El presidente de la Comisi\u00f3n de Derechos Humanos del Estado de M\u00e9xico (Codhem), Jorge Olvera Garc\u00eda ofreci\u00f3 asesor\u00eda jur\u00eddica a trav\u00e9s de la Visitadur\u00eda Adjunta de Atenci\u00f3n a Personas Migrantes, a [&hellip;]<\/p>\n","protected":false},"author":3,"featured_media":23864,"comment_status":"open","ping_status":"open","sticky":false,"template":"","format":"standard","meta":{"footnotes":""},"categories":[9157,16,9149],"tags":[],"class_list":{"0":"post-23863","1":"post","2":"type-post","3":"status-publish","4":"format-standard","5":"has-post-thumbnail","7":"category-edomex","8":"category-foto","9":"category-policiaca"},"wps_subtitle":"Grave, la separaci\u00f3n de padres e hijos en Estados Unidos","_links":{"self":[{"href":"https:\/\/www.porlalibreedomex.com\/index.php?rest_route=\/wp\/v2\/posts\/23863","targetHints":{"allow":["GET"]}}],"collection":[{"href":"https:\/\/www.porlalibreedomex.com\/index.php?rest_route=\/wp\/v2\/posts"}],"about":[{"href":"https:\/\/www.porlalibreedomex.com\/index.php?rest_route=\/wp\/v2\/types\/post"}],"author":[{"embeddable":true,"href":"https:\/\/www.porlalibreedomex.com\/index.php?rest_route=\/wp\/v2\/users\/3"}],"replies":[{"embeddable":true,"href":"https:\/\/www.porlalibreedomex.com\/index.php?rest_route=%2Fwp%2Fv2%2Fcomments&post=23863"}],"version-history":[{"count":1,"href":"https:\/\/www.porlalibreedomex.com\/index.php?rest_route=\/wp\/v2\/posts\/23863\/revisions"}],"predecessor-version":[{"id":23865,"href":"https:\/\/www.porlalibreedomex.com\/index.php?rest_route=\/wp\/v2\/posts\/23863\/revisions\/23865"}],"wp:featuredmedia":[{"embeddable":true,"href":"https:\/\/www.porlalibreedomex.com\/index.php?rest_route=\/wp\/v2\/media\/23864"}],"wp:attachment":[{"href":"https:\/\/www.porlalibreedomex.com\/index.php?rest_route=%2Fwp%2Fv2%2Fmedia&parent=23863"}],"wp:term":[{"taxonomy":"category","embeddable":true,"href":"https:\/\/www.porlalibreedomex.com\/index.php?rest_route=%2Fwp%2Fv2%2Fcategories&post=23863"},{"taxonomy":"post_tag","embeddable":true,"href":"https:\/\/www.porlalibreedomex.com\/index.php?rest_route=%2Fwp%2Fv2%2Ftags&post=23863"}],"curies":[{"name":"wp","href":"https:\/\/api.w.org\/{rel}","templated":true}]}}