{"id":23858,"date":"2018-06-20T01:14:03","date_gmt":"2018-06-20T06:14:03","guid":{"rendered":"http:\/\/www.porlalibreedomex.com\/?p=23858"},"modified":"2018-06-21T01:15:19","modified_gmt":"2018-06-21T06:15:19","slug":"capacita-issemym-a-personal-medico-del-valle-de-mexico-en-urgencias-quirurgicas-mas-frecuentes-en-segundo-nivel-de-atencion","status":"publish","type":"post","link":"https:\/\/www.porlalibreedomex.com\/?p=23858","title":{"rendered":"CAPACITA ISSEMYM A PERSONAL M\u00c9DICO DEL VALLE DE M\u00c9XICO EN URGENCIAS QUIR\u00daRGICAS M\u00c1S FRECUENTES EN SEGUNDO NIVEL DE ATENCI\u00d3N"},"content":{"rendered":"<p style=\"font-weight: 400;\"><strong>\u00a0<\/strong><\/p>\n<p style=\"font-weight: 400;\"><strong>Toluca, M\u00e9xico, 20 de junio de 2018.<\/strong>\u00a0El Instituto de Seguridad Social del Estado de M\u00e9xico y Municipios (ISSEMyM) llev\u00f3 a cabo el Primer Curso \u201cUrgencias quir\u00fargicas m\u00e1s frecuentes en segundo nivel de atenci\u00f3n\u201d, en el hospital Regional de Nezahualc\u00f3yotl.<\/p>\n<p style=\"font-weight: 400;\">\u00a0El objetivo es capacitar al m\u00e9dico en su manejo inmediato y eficaz, mediante la revisi\u00f3n de las patolog\u00edas que se presentan con mayor regularidad para ejercitarse en el diagn\u00f3stico, tratamiento o canalizaci\u00f3n oportuna, y as\u00ed disminuir la morbimortalidad del paciente quir\u00fargico.<\/p>\n<p style=\"font-weight: 400;\">\u00a0Tan s\u00f3lo en el \u00e1rea de urgencias de este hospital, la instituci\u00f3n brinda aproximadamente 4 mil 500 atenciones, de las cuales, <strong>450 son c\u00f3digos rojos,<\/strong> es decir, urgencias calificadas que ponen en riesgo la vida del paciente.<\/p>\n<figure id=\"attachment_23860\" aria-describedby=\"caption-attachment-23860\" style=\"width: 300px\" class=\"wp-caption alignright\"><a href=\"http:\/\/www.porlalibreedomex.com\/wp-content\/uploads\/2018\/06\/DSC05611.jpg\"><img loading=\"lazy\" decoding=\"async\" class=\"size-medium wp-image-23860\" src=\"http:\/\/www.porlalibreedomex.com\/wp-content\/uploads\/2018\/06\/DSC05611-300x200.jpg\" alt=\"\" width=\"300\" height=\"200\" srcset=\"https:\/\/www.porlalibreedomex.com\/wp-content\/uploads\/2018\/06\/DSC05611-300x200.jpg 300w, https:\/\/www.porlalibreedomex.com\/wp-content\/uploads\/2018\/06\/DSC05611-768x511.jpg 768w, https:\/\/www.porlalibreedomex.com\/wp-content\/uploads\/2018\/06\/DSC05611-1024x681.jpg 1024w\" sizes=\"auto, (max-width: 300px) 100vw, 300px\" \/><\/a><figcaption id=\"caption-attachment-23860\" class=\"wp-caption-text\">SONY DSC<\/figcaption><\/figure>\n<p style=\"font-weight: 400;\">\u00a0Entre los padecimientos que son atendidos se encuentran lesiones graves en ni\u00f1os y adultos como traumatismos craneoencef\u00e1licos, fracturas, quemaduras, heridas por armas de fuego o armas blancas, por ello, la importancia\u00a0\u00a0de actualizar los conocimientos del personal sobre el manejo y valoraci\u00f3n de las urgencias.<\/p>\n<p style=\"font-weight: 400;\">\u00a0<strong>Este hospital otorga m\u00e1s de 8 mil 600 consultas mensuales de medicina familiar, alrededor de 3 mil 800 de las especialidades de Medicina interna, Cirug\u00eda, Pediatr\u00eda, Ginecolog\u00eda, Traumatolog\u00eda, Otorrinolaringolog\u00eda, Oftalmolog\u00eda, Medicina f\u00edsica, 12 mil 500 tratamientos con la atenci\u00f3n de Gerontolog\u00eda, Medicina f\u00edsica y rehabilitaci\u00f3n, Acupuntura y Gerontolog\u00eda, as\u00ed como Medicina del trabajo.<\/strong><\/p>\n<p style=\"font-weight: 400;\">\u00a0En este curso se trataron temas como Traumatismo Tor\u00e1cico, Abdomen Agudo, Obstrucci\u00f3n Intestinal, Trauma abdominal y Patolog\u00eda Isqu\u00e9mica Abdominal, entre otros. Se revisaron los aspectos m\u00e1s importantes de las urgencias quir\u00fargicas con el refuerzo de los conocimientos para la toma de decisiones y mejorar la atenci\u00f3n a los\u00a0\u00a0derechohabientes.<\/p>\n<figure id=\"attachment_23859\" aria-describedby=\"caption-attachment-23859\" style=\"width: 800px\" class=\"wp-caption aligncenter\"><a href=\"http:\/\/www.porlalibreedomex.com\/wp-content\/uploads\/2018\/06\/DSC04932.jpg\"><img loading=\"lazy\" decoding=\"async\" class=\"size-large wp-image-23859\" src=\"http:\/\/www.porlalibreedomex.com\/wp-content\/uploads\/2018\/06\/DSC04932-1024x681.jpg\" alt=\"\" width=\"800\" height=\"532\" srcset=\"https:\/\/www.porlalibreedomex.com\/wp-content\/uploads\/2018\/06\/DSC04932-1024x681.jpg 1024w, https:\/\/www.porlalibreedomex.com\/wp-content\/uploads\/2018\/06\/DSC04932-300x200.jpg 300w, https:\/\/www.porlalibreedomex.com\/wp-content\/uploads\/2018\/06\/DSC04932-768x511.jpg 768w\" sizes=\"auto, (max-width: 800px) 100vw, 800px\" \/><\/a><figcaption id=\"caption-attachment-23859\" class=\"wp-caption-text\">Caopacitaci\u00f3n a m\u00e9dicos del ISSEMYM<\/figcaption><\/figure>\n<p style=\"font-weight: 400;\">\u00a0Se cont\u00f3 con la participaci\u00f3n de especialistas del ISSEMyM y de diferentes instituciones de salud como el ISEM, ISSSTE, IMSS, SEDESA, as\u00ed como la asistencia de m\u00e1s de 200 estudiantes de Medicina, m\u00e9dicos generales, especialistas, residentes y personal de enfermer\u00eda provenientes de diferentes instituciones de salud\u00a0\u00a0del Valle de M\u00e9xico.<\/p>\n","protected":false},"excerpt":{"rendered":"<p>\u00a0 Toluca, M\u00e9xico, 20 de junio de 2018.\u00a0El Instituto de Seguridad Social del Estado de M\u00e9xico y Municipios (ISSEMyM) llev\u00f3 a cabo el Primer Curso \u201cUrgencias quir\u00fargicas m\u00e1s frecuentes en segundo nivel de atenci\u00f3n\u201d, en el hospital Regional de Nezahualc\u00f3yotl. \u00a0El objetivo es capacitar al m\u00e9dico en su manejo inmediato y eficaz, mediante la revisi\u00f3n [&hellip;]<\/p>\n","protected":false},"author":3,"featured_media":23861,"comment_status":"open","ping_status":"open","sticky":false,"template":"","format":"standard","meta":{"footnotes":""},"categories":[9157,16,9209],"tags":[11452,11453],"class_list":{"0":"post-23858","1":"post","2":"type-post","3":"status-publish","4":"format-standard","5":"has-post-thumbnail","7":"category-edomex","8":"category-foto","9":"category-salud","10":"tag-medicos-issemym-capacitacion","11":"tag-urgencias-quirurgicas-primer-curso"},"wps_subtitle":"Participan m\u00e1s de 200 m\u00e9dicos y enfermeras de la Zona Metropolitana del Valle de M\u00e9xico. \u00a0","_links":{"self":[{"href":"https:\/\/www.porlalibreedomex.com\/index.php?rest_route=\/wp\/v2\/posts\/23858","targetHints":{"allow":["GET"]}}],"collection":[{"href":"https:\/\/www.porlalibreedomex.com\/index.php?rest_route=\/wp\/v2\/posts"}],"about":[{"href":"https:\/\/www.porlalibreedomex.com\/index.php?rest_route=\/wp\/v2\/types\/post"}],"author":[{"embeddable":true,"href":"https:\/\/www.porlalibreedomex.com\/index.php?rest_route=\/wp\/v2\/users\/3"}],"replies":[{"embeddable":true,"href":"https:\/\/www.porlalibreedomex.com\/index.php?rest_route=%2Fwp%2Fv2%2Fcomments&post=23858"}],"version-history":[{"count":1,"href":"https:\/\/www.porlalibreedomex.com\/index.php?rest_route=\/wp\/v2\/posts\/23858\/revisions"}],"predecessor-version":[{"id":23862,"href":"https:\/\/www.porlalibreedomex.com\/index.php?rest_route=\/wp\/v2\/posts\/23858\/revisions\/23862"}],"wp:featuredmedia":[{"embeddable":true,"href":"https:\/\/www.porlalibreedomex.com\/index.php?rest_route=\/wp\/v2\/media\/23861"}],"wp:attachment":[{"href":"https:\/\/www.porlalibreedomex.com\/index.php?rest_route=%2Fwp%2Fv2%2Fmedia&parent=23858"}],"wp:term":[{"taxonomy":"category","embeddable":true,"href":"https:\/\/www.porlalibreedomex.com\/index.php?rest_route=%2Fwp%2Fv2%2Fcategories&post=23858"},{"taxonomy":"post_tag","embeddable":true,"href":"https:\/\/www.porlalibreedomex.com\/index.php?rest_route=%2Fwp%2Fv2%2Ftags&post=23858"}],"curies":[{"name":"wp","href":"https:\/\/api.w.org\/{rel}","templated":true}]}}