{"id":23840,"date":"2018-06-20T12:43:07","date_gmt":"2018-06-20T17:43:07","guid":{"rendered":"http:\/\/www.porlalibreedomex.com\/?p=23840"},"modified":"2018-06-20T12:43:07","modified_gmt":"2018-06-20T17:43:07","slug":"secretaria-de-seguridad-captura-a-elemento-de-seguridad-privada-por-probable-posesion-ilegal-de-arma-de-fuego","status":"publish","type":"post","link":"https:\/\/www.porlalibreedomex.com\/?p=23840","title":{"rendered":"SECRETAR\u00cdA DE SEGURIDAD CAPTURA A ELEMENTO DE SEGURIDAD PRIVADA POR PROBABLE POSESI\u00d3N ILEGAL DE ARMA DE FUEGO  \u00a0"},"content":{"rendered":"<p style=\"font-weight: 400;\">\n<p style=\"font-weight: 400;\">\n<ul>\n<li style=\"font-weight: 400;\"><em>Sin motivo aparente, accion\u00f3 su arma en plena v\u00eda p\u00fablica<\/em><\/li>\n<\/ul>\n<p style=\"font-weight: 400;\">\n<p style=\"font-weight: 400;\"><strong>Ecatepec, Estado de M\u00e9xico, 20 de junio de 2018.-<\/strong>\u00a0Como resultado de los rondines permanentes en territorio mexiquense, elementos de la Secretar\u00eda de Seguridad (SS) detuvieron a una persona probablemente relacionada en el delito de portaci\u00f3n ilegal de arma de fuego.<\/p>\n<p style=\"font-weight: 400;\">\u00a0Los efectivos de la SS se percataron que en la avenida Sor Juana In\u00e9s de la Cruz, esquina con Plutarco El\u00edas Calles, de la colonia Valle de An\u00e1huac de este municipio, una persona realizaba detonaciones de arma de fuego.<\/p>\n<p style=\"font-weight: 400;\">\u00a0Luis \u201cN\u201d, de 33 a\u00f1os de edad, qui\u00e9n se identific\u00f3 como guardia de seguridad privada, intent\u00f3 huir al percatarse de la presencia de los uniformados, por lo que se inici\u00f3 una persecuci\u00f3n que deriv\u00f3 en su aprehensi\u00f3n metros m\u00e1s adelante.<\/p>\n<p style=\"font-weight: 400;\">\u00a0Al efectuarle una inspecci\u00f3n de rutina, fue posible encontrar entre sus pertenencias una pistola marca Glook calibre .380 mil\u00edmetros, con un cargador y 4 cartuchos \u00fatiles, la cual no pudo acreditar su procedencia legal; adem\u00e1s, se localiz\u00f3 un casquillo percutido del mismo calibre.<\/p>\n<figure id=\"attachment_23842\" aria-describedby=\"caption-attachment-23842\" style=\"width: 300px\" class=\"wp-caption alignright\"><a href=\"http:\/\/www.porlalibreedomex.com\/wp-content\/uploads\/2018\/06\/Gluck-.380.jpeg\"><img loading=\"lazy\" decoding=\"async\" class=\"size-medium wp-image-23842\" src=\"http:\/\/www.porlalibreedomex.com\/wp-content\/uploads\/2018\/06\/Gluck-.380-300x207.jpeg\" alt=\"\" width=\"300\" height=\"207\" srcset=\"https:\/\/www.porlalibreedomex.com\/wp-content\/uploads\/2018\/06\/Gluck-.380-300x207.jpeg 300w, https:\/\/www.porlalibreedomex.com\/wp-content\/uploads\/2018\/06\/Gluck-.380-768x529.jpeg 768w, https:\/\/www.porlalibreedomex.com\/wp-content\/uploads\/2018\/06\/Gluck-.380-1024x705.jpeg 1024w, https:\/\/www.porlalibreedomex.com\/wp-content\/uploads\/2018\/06\/Gluck-.380-392x272.jpeg 392w, https:\/\/www.porlalibreedomex.com\/wp-content\/uploads\/2018\/06\/Gluck-.380-130x90.jpeg 130w, https:\/\/www.porlalibreedomex.com\/wp-content\/uploads\/2018\/06\/Gluck-.380.jpeg 1089w\" sizes=\"auto, (max-width: 300px) 100vw, 300px\" \/><\/a><figcaption id=\"caption-attachment-23842\" class=\"wp-caption-text\">Arma disparada por el sujeto detenido por la SSEM<\/figcaption><\/figure>\n<p style=\"font-weight: 400;\">\u00a0Por este motivo, el sujeto junto con el arma asegurada, fueron trasladados a la agencia del Ministerio P\u00fablico correspondiente, donde se inici\u00f3 la carpeta de investigaci\u00f3n para definir su situaci\u00f3n legal.<\/p>\n<p style=\"font-weight: 400;\">\u00a0La Secretar\u00eda de Seguridad le recuerda que los tel\u00e9fonos de Denuncia An\u00f3nima 0-8-9 y de emergencia 9-1-1 trabajan las 24 horas del d\u00eda; tambi\u00e9n puede contactarnos a trav\u00e9s de nuestra redes sociales: en Facebook @SS.Edomex, y el Twitter @SS_Edomex<\/p>\n","protected":false},"excerpt":{"rendered":"<p>Sin motivo aparente, accion\u00f3 su arma en plena v\u00eda p\u00fablica Ecatepec, Estado de M\u00e9xico, 20 de junio de 2018.-\u00a0Como resultado de los rondines permanentes en territorio mexiquense, elementos de la Secretar\u00eda de Seguridad (SS) detuvieron a una persona probablemente relacionada en el delito de portaci\u00f3n ilegal de arma de fuego. \u00a0Los efectivos de la SS [&hellip;]<\/p>\n","protected":false},"author":3,"featured_media":23841,"comment_status":"open","ping_status":"open","sticky":false,"template":"","format":"standard","meta":{"footnotes":""},"categories":[16,9149],"tags":[11442,11440,11441,11439],"class_list":{"0":"post-23840","1":"post","2":"type-post","3":"status-publish","4":"format-standard","5":"has-post-thumbnail","7":"category-foto","8":"category-policiaca","9":"tag-disparo-de-arma","10":"tag-elemento-de-seguridad-privada","11":"tag-gluck-30","12":"tag-portacion-de-arma"},"wps_subtitle":"","_links":{"self":[{"href":"https:\/\/www.porlalibreedomex.com\/index.php?rest_route=\/wp\/v2\/posts\/23840","targetHints":{"allow":["GET"]}}],"collection":[{"href":"https:\/\/www.porlalibreedomex.com\/index.php?rest_route=\/wp\/v2\/posts"}],"about":[{"href":"https:\/\/www.porlalibreedomex.com\/index.php?rest_route=\/wp\/v2\/types\/post"}],"author":[{"embeddable":true,"href":"https:\/\/www.porlalibreedomex.com\/index.php?rest_route=\/wp\/v2\/users\/3"}],"replies":[{"embeddable":true,"href":"https:\/\/www.porlalibreedomex.com\/index.php?rest_route=%2Fwp%2Fv2%2Fcomments&post=23840"}],"version-history":[{"count":1,"href":"https:\/\/www.porlalibreedomex.com\/index.php?rest_route=\/wp\/v2\/posts\/23840\/revisions"}],"predecessor-version":[{"id":23843,"href":"https:\/\/www.porlalibreedomex.com\/index.php?rest_route=\/wp\/v2\/posts\/23840\/revisions\/23843"}],"wp:featuredmedia":[{"embeddable":true,"href":"https:\/\/www.porlalibreedomex.com\/index.php?rest_route=\/wp\/v2\/media\/23841"}],"wp:attachment":[{"href":"https:\/\/www.porlalibreedomex.com\/index.php?rest_route=%2Fwp%2Fv2%2Fmedia&parent=23840"}],"wp:term":[{"taxonomy":"category","embeddable":true,"href":"https:\/\/www.porlalibreedomex.com\/index.php?rest_route=%2Fwp%2Fv2%2Fcategories&post=23840"},{"taxonomy":"post_tag","embeddable":true,"href":"https:\/\/www.porlalibreedomex.com\/index.php?rest_route=%2Fwp%2Fv2%2Ftags&post=23840"}],"curies":[{"name":"wp","href":"https:\/\/api.w.org\/{rel}","templated":true}]}}