{"id":23731,"date":"2018-06-15T00:12:22","date_gmt":"2018-06-15T05:12:22","guid":{"rendered":"http:\/\/www.porlalibreedomex.com\/?p=23731"},"modified":"2018-06-17T00:12:48","modified_gmt":"2018-06-17T05:12:48","slug":"invita-metepec-a-segunda-edicion-de-la-fiesta-de-la-musica","status":"publish","type":"post","link":"https:\/\/www.porlalibreedomex.com\/?p=23731","title":{"rendered":"INVITA METEPEC A SEGUNDA EDICI\u00d3N DE LA FIESTA DE LA M\u00daSICA"},"content":{"rendered":"<p><em>A partir de este s\u00e1bado 16 de junio llega una vez m\u00e1s iniciativa fancesa.<\/em><\/p>\n<ul>\n<li><em>Acceso libre a conciertos a partir de las 12 h.<\/em><\/li>\n<\/ul>\n<div><strong>Pueblo M\u00e1gico de Metepec, M\u00e9xico; 15 de junio de 2018.\u00a0<\/strong>Por segundo a\u00f1o consecutivo, el municipio de Metepec celebrar\u00e1 la Fiesta de la M\u00fasica, iniciativa del gobierno franc\u00e9s desde hace 36 a\u00f1os con sede en diferentes ciudades del mundo que da la bienvenida a la temporada de verano.<br \/>\nLa Fiesta de la M\u00fasica (F\u00eate de la Musique), es foro de expresi\u00f3n de grupos musicales aficionados, que alienta la convivencia de familias y resulta un atractivo m\u00e1s para los visitantes al Pueblo M\u00e1gico.<br \/>\nMetepec albergar\u00e1 el evento este s\u00e1bado 16 de junio a partir de las 12:00 h, teniendo como escenario la Escalinata del Calvario, donde se presentar\u00e1n 7 conciertos a cargo de los artistas, Raynaud Hern\u00e1ndez y Antares Jazz; Sarmad; Miguel Insunza; Manu Pineda; Lise y Pedro Sandoval, provenientes de M\u00e9xico, Colombia, Argentina y Francia.<br \/>\nLa programaci\u00f3n completa puede consultarse en la p\u00e1gina oficial del ayuntamiento:\u00a0<a href=\"https:\/\/gob.us16.list-manage.com\/track\/click?u=2a8f52c6615b834b7c2819cf9&amp;id=1a80c15b08&amp;e=45cd18ec1a\" target=\"_blank\" data-saferedirecturl=\"https:\/\/www.google.com\/url?hl=es&amp;q=https:\/\/gob.us16.list-manage.com\/track\/click?u%3D2a8f52c6615b834b7c2819cf9%26id%3D1a80c15b08%26e%3D45cd18ec1a&amp;source=gmail&amp;ust=1529292491774000&amp;usg=AFQjCNHPhj1M3HNIGNAdUPnVmY8QXvdf3Q\">http:\/\/metepec.gob.mx\/pagina\/<wbr \/>avisos\/db5-PROGRAMA(1).jpg<\/a>\u00a0.<\/div>\n<p>&nbsp;<\/p>\n","protected":false},"excerpt":{"rendered":"<p>A partir de este s\u00e1bado 16 de junio llega una vez m\u00e1s iniciativa fancesa. Acceso libre a conciertos a partir de las 12 h. Pueblo M\u00e1gico de Metepec, M\u00e9xico; 15 de junio de 2018.\u00a0Por segundo a\u00f1o consecutivo, el municipio de Metepec celebrar\u00e1 la Fiesta de la M\u00fasica, iniciativa del gobierno franc\u00e9s desde hace 36 a\u00f1os [&hellip;]<\/p>\n","protected":false},"author":3,"featured_media":23732,"comment_status":"open","ping_status":"open","sticky":false,"template":"","format":"standard","meta":{"footnotes":""},"categories":[9873,9157,16],"tags":[11390],"class_list":{"0":"post-23731","1":"post","2":"type-post","3":"status-publish","4":"format-standard","5":"has-post-thumbnail","7":"category-cultura","8":"category-edomex","9":"category-foto","10":"tag-metepec-fiesta-de-la-musica"},"wps_subtitle":"","_links":{"self":[{"href":"https:\/\/www.porlalibreedomex.com\/index.php?rest_route=\/wp\/v2\/posts\/23731","targetHints":{"allow":["GET"]}}],"collection":[{"href":"https:\/\/www.porlalibreedomex.com\/index.php?rest_route=\/wp\/v2\/posts"}],"about":[{"href":"https:\/\/www.porlalibreedomex.com\/index.php?rest_route=\/wp\/v2\/types\/post"}],"author":[{"embeddable":true,"href":"https:\/\/www.porlalibreedomex.com\/index.php?rest_route=\/wp\/v2\/users\/3"}],"replies":[{"embeddable":true,"href":"https:\/\/www.porlalibreedomex.com\/index.php?rest_route=%2Fwp%2Fv2%2Fcomments&post=23731"}],"version-history":[{"count":2,"href":"https:\/\/www.porlalibreedomex.com\/index.php?rest_route=\/wp\/v2\/posts\/23731\/revisions"}],"predecessor-version":[{"id":23734,"href":"https:\/\/www.porlalibreedomex.com\/index.php?rest_route=\/wp\/v2\/posts\/23731\/revisions\/23734"}],"wp:featuredmedia":[{"embeddable":true,"href":"https:\/\/www.porlalibreedomex.com\/index.php?rest_route=\/wp\/v2\/media\/23732"}],"wp:attachment":[{"href":"https:\/\/www.porlalibreedomex.com\/index.php?rest_route=%2Fwp%2Fv2%2Fmedia&parent=23731"}],"wp:term":[{"taxonomy":"category","embeddable":true,"href":"https:\/\/www.porlalibreedomex.com\/index.php?rest_route=%2Fwp%2Fv2%2Fcategories&post=23731"},{"taxonomy":"post_tag","embeddable":true,"href":"https:\/\/www.porlalibreedomex.com\/index.php?rest_route=%2Fwp%2Fv2%2Ftags&post=23731"}],"curies":[{"name":"wp","href":"https:\/\/api.w.org\/{rel}","templated":true}]}}