{"id":23457,"date":"2018-06-02T02:04:42","date_gmt":"2018-06-02T07:04:42","guid":{"rendered":"http:\/\/www.porlalibreedomex.com\/?p=23457"},"modified":"2018-06-03T02:05:36","modified_gmt":"2018-06-03T07:05:36","slug":"el-voto-util-sera-para-el-triunfo-de-pepe-meade-ernesto-nemer","status":"publish","type":"post","link":"https:\/\/www.porlalibreedomex.com\/?p=23457","title":{"rendered":"EL \u00abVOTO \u00daTIL\u00bb SER\u00c1 PARA EL TRIUNFO DE PEPE MEADE: ERNESTO NEMER"},"content":{"rendered":"<p style=\"font-weight: 400;\"><strong><em>\u00a0<\/em><\/strong><\/p>\n<ul>\n<li style=\"font-weight: 400;\"><strong><em>El Gobierno de Alfredo Del Mazo nos da fortaleza y confianza para decirle a la sociedad que el PRI s\u00ed da resultados.<\/em><\/strong><\/li>\n<li style=\"font-weight: 400;\"><strong><em>El dirigente estatal se reuni\u00f3 con la militancia de los municipios del sur de la entidad.<\/em><\/strong><\/li>\n<\/ul>\n<p>&nbsp;<\/p>\n<p><strong>Tejupilco, Estado de M\u00e9xico<\/strong>.- La capacidad, honestidad y firmeza de Pepe Meade ganan la confianza de los ciudadanos que votar\u00e1n pensando en el perfil del candidato, por eso el voto \u00fatil le favorecer\u00e1 y consolidar\u00e1 su triunfo en las urnas, sostuvo Ernesto Nemer Alvarez, Presidente del PRI en el Estado de M\u00e9xico.<\/p>\n<p style=\"font-weight: 400;\">\u00a0Al reunirse con la militancia y las estructuras territoriales de los municipios del sur de la entidad, hizo un exhorto a todos los mexiquenses a no desaprovechar la oportunidad de tener a un extraordinario Presidente como lo ser\u00e1 Pepe Meade.<\/p>\n<figure id=\"attachment_23460\" aria-describedby=\"caption-attachment-23460\" style=\"width: 800px\" class=\"wp-caption aligncenter\"><a href=\"http:\/\/www.porlalibreedomex.com\/wp-content\/uploads\/2018\/06\/020618-Comunicado-049-2.jpeg\"><img loading=\"lazy\" decoding=\"async\" class=\"size-large wp-image-23460\" src=\"http:\/\/www.porlalibreedomex.com\/wp-content\/uploads\/2018\/06\/020618-Comunicado-049-2-1024x649.jpeg\" alt=\"\" width=\"800\" height=\"507\" srcset=\"https:\/\/www.porlalibreedomex.com\/wp-content\/uploads\/2018\/06\/020618-Comunicado-049-2-1024x649.jpeg 1024w, https:\/\/www.porlalibreedomex.com\/wp-content\/uploads\/2018\/06\/020618-Comunicado-049-2-300x190.jpeg 300w, https:\/\/www.porlalibreedomex.com\/wp-content\/uploads\/2018\/06\/020618-Comunicado-049-2-768x487.jpeg 768w, https:\/\/www.porlalibreedomex.com\/wp-content\/uploads\/2018\/06\/020618-Comunicado-049-2.jpeg 1280w\" sizes=\"auto, (max-width: 800px) 100vw, 800px\" \/><\/a><figcaption id=\"caption-attachment-23460\" class=\"wp-caption-text\">Ernesto Nemer, presidente del CDE del PRI, en el sur mexiquense<\/figcaption><\/figure>\n<p style=\"font-weight: 400;\">\u00a0Explic\u00f3 que el candidato del PRI es el \u00fanico que sabe c\u00f3mo se combate la pobreza, que conoce c\u00f3mo obtener los recursos para mejorar la educaci\u00f3n, la salud e incentivar la inversi\u00f3n y el desarrollo; al tiempo que pondr\u00e1 a la mujer como el centro de sus acciones de gobierno y al campo mexicano como una de sus prioridades.<\/p>\n<p style=\"font-weight: 400;\">\u00a0Contar hoy con los mejores candidatos y con un gobierno como el que encabeza Alfredo Del Mazo, nos da fortaleza y confianza para decirle a la sociedad que el PRI s\u00ed cumple, porque a trav\u00e9s de acciones concretas, nuestro Gobernador atiende las principales demandas de los mexiquenses, expres\u00f3 el dirigente estatal del tricolor.<\/p>\n<p style=\"font-weight: 400;\">\u00a0El alma del PRI es su militancia incansable, la misma que recorre cientos de kil\u00f3metros todos los d\u00edas, y que tiene como m\u00edstica ganar en el Estado de M\u00e9xico. Este es el priismo del orgullo y de la convicci\u00f3n de que somos la mejor opci\u00f3n para el desarrollo del pa\u00eds y de nuestra entidad.<\/p>\n<figure id=\"attachment_23459\" aria-describedby=\"caption-attachment-23459\" style=\"width: 1280px\" class=\"wp-caption aligncenter\"><a href=\"http:\/\/www.porlalibreedomex.com\/wp-content\/uploads\/2018\/06\/020618-Comunicado-049-3.jpeg\"><img loading=\"lazy\" decoding=\"async\" class=\"size-full wp-image-23459\" src=\"http:\/\/www.porlalibreedomex.com\/wp-content\/uploads\/2018\/06\/020618-Comunicado-049-3.jpeg\" alt=\"\" width=\"1280\" height=\"853\" srcset=\"https:\/\/www.porlalibreedomex.com\/wp-content\/uploads\/2018\/06\/020618-Comunicado-049-3.jpeg 1280w, https:\/\/www.porlalibreedomex.com\/wp-content\/uploads\/2018\/06\/020618-Comunicado-049-3-300x200.jpeg 300w, https:\/\/www.porlalibreedomex.com\/wp-content\/uploads\/2018\/06\/020618-Comunicado-049-3-768x512.jpeg 768w, https:\/\/www.porlalibreedomex.com\/wp-content\/uploads\/2018\/06\/020618-Comunicado-049-3-1024x682.jpeg 1024w\" sizes=\"auto, (max-width: 1280px) 100vw, 1280px\" \/><\/a><figcaption id=\"caption-attachment-23459\" class=\"wp-caption-text\">Gran entusiasmo en el sur mexiquense por candidatos del PRI, pese al mito de que hay preferencia por la \u00abizquierda\u00bb<\/figcaption><\/figure>\n<p style=\"font-weight: 400;\">\u00a0El Presidente del PRI en el estado estuvo acompa\u00f1ado por el diputado local Fidelio Ort\u00edz Carbajal, as\u00ed como por los candidatos a las presidencias municipales de Tejupilco, Lino Garc\u00eda; Alfredo Jaimes, de Luvianos; Obed Santos, de Amatepec; Maribel Mora, de San Sim\u00f3n de Guerrero; No\u00e9 Barrueta, de Temascaltepec; y Jazm\u00edn Jaimes, de Tlatlaya, adem\u00e1s de los candidatos a la diputaci\u00f3n federal por el distrito 36, Juvenal Cruz Roa; a la legislatura local por el Distrito IX, Iveth Bernal Casique; y Mercedes Col\u00edn Guadarrama, por el Distrito X.<\/p>\n<p style=\"font-weight: 400;\">\u00a0Nemer Alvarez ratific\u00f3 el agradecimiento del priismo mexiquense a esta regi\u00f3n de la entidad, por lo que dijo, el Partido seguir\u00e1 respaldando sus causas, cumpliendo sus compromisos y sumando voluntades para ganar las cinco elecciones que est\u00e1n en disputa.<\/p>\n","protected":false},"excerpt":{"rendered":"<p>\u00a0 El Gobierno de Alfredo Del Mazo nos da fortaleza y confianza para decirle a la sociedad que el PRI s\u00ed da resultados. El dirigente estatal se reuni\u00f3 con la militancia de los municipios del sur de la entidad. &nbsp; Tejupilco, Estado de M\u00e9xico.- La capacidad, honestidad y firmeza de Pepe Meade ganan la confianza [&hellip;]<\/p>\n","protected":false},"author":3,"featured_media":23458,"comment_status":"open","ping_status":"open","sticky":false,"template":"","format":"standard","meta":{"footnotes":""},"categories":[9157,16,5],"tags":[11284,8015,10098,11285,11283],"class_list":{"0":"post-23457","1":"post","2":"type-post","3":"status-publish","4":"format-standard","5":"has-post-thumbnail","7":"category-edomex","8":"category-foto","9":"category-nota-informativa","10":"tag-campana-en-temascaltepec","11":"tag-ernesto-nemer","12":"tag-jose-antonio-meade","13":"tag-nemer-en-tejupilco","14":"tag-voto-util"},"wps_subtitle":"\"No desaprovechemos la oportunidad de tener a un extraordinario presidente\", dijo","_links":{"self":[{"href":"https:\/\/www.porlalibreedomex.com\/index.php?rest_route=\/wp\/v2\/posts\/23457","targetHints":{"allow":["GET"]}}],"collection":[{"href":"https:\/\/www.porlalibreedomex.com\/index.php?rest_route=\/wp\/v2\/posts"}],"about":[{"href":"https:\/\/www.porlalibreedomex.com\/index.php?rest_route=\/wp\/v2\/types\/post"}],"author":[{"embeddable":true,"href":"https:\/\/www.porlalibreedomex.com\/index.php?rest_route=\/wp\/v2\/users\/3"}],"replies":[{"embeddable":true,"href":"https:\/\/www.porlalibreedomex.com\/index.php?rest_route=%2Fwp%2Fv2%2Fcomments&post=23457"}],"version-history":[{"count":1,"href":"https:\/\/www.porlalibreedomex.com\/index.php?rest_route=\/wp\/v2\/posts\/23457\/revisions"}],"predecessor-version":[{"id":23461,"href":"https:\/\/www.porlalibreedomex.com\/index.php?rest_route=\/wp\/v2\/posts\/23457\/revisions\/23461"}],"wp:featuredmedia":[{"embeddable":true,"href":"https:\/\/www.porlalibreedomex.com\/index.php?rest_route=\/wp\/v2\/media\/23458"}],"wp:attachment":[{"href":"https:\/\/www.porlalibreedomex.com\/index.php?rest_route=%2Fwp%2Fv2%2Fmedia&parent=23457"}],"wp:term":[{"taxonomy":"category","embeddable":true,"href":"https:\/\/www.porlalibreedomex.com\/index.php?rest_route=%2Fwp%2Fv2%2Fcategories&post=23457"},{"taxonomy":"post_tag","embeddable":true,"href":"https:\/\/www.porlalibreedomex.com\/index.php?rest_route=%2Fwp%2Fv2%2Ftags&post=23457"}],"curies":[{"name":"wp","href":"https:\/\/api.w.org\/{rel}","templated":true}]}}