{"id":23451,"date":"2018-06-02T01:52:39","date_gmt":"2018-06-02T06:52:39","guid":{"rendered":"http:\/\/www.porlalibreedomex.com\/?p=23451"},"modified":"2018-06-03T01:53:15","modified_gmt":"2018-06-03T06:53:15","slug":"llama-cesar-camacho-a-votar-por-meade-para-garantizar-el-triunfo-de-las-causas-mas-justas","status":"publish","type":"post","link":"https:\/\/www.porlalibreedomex.com\/?p=23451","title":{"rendered":"LLAMA C\u00c9SAR CAMACHO A VOTAR POR MEADE PARA GARANTIZAR EL TRIUNFO DE LAS CAUSAS M\u00c1S JUSTAS  \u00a0"},"content":{"rendered":"<p style=\"font-weight: 400;\">De gira proselitista en Mexicaltzingo, el candidato del PRI al Senado de la Rep\u00fablica por el Estado de M\u00e9xico llam\u00f3 a votar el 1 de julio por Jos\u00e9 Antonio Meade \u201cpara garantizar el triunfo de las causas m\u00e1s justas que demanda el pa\u00eds\u201d.<\/p>\n<p style=\"font-weight: 400;\">\u00a0Desde aqu\u00ed, el ex gobernador mexiquense se comprometi\u00f3 ante simpatizantes a que, desde la c\u00e1mara alta, garantizar\u00e1 el ejercicio pleno de los derechos de las mujeres.<\/p>\n<div id='gallery-1' class='gallery galleryid-23451 gallery-columns-3 gallery-size-large'><figure class='gallery-item'>\n\t\t\t<div class='gallery-icon landscape'>\n\t\t\t\t<a href='https:\/\/www.porlalibreedomex.com\/?attachment_id=23453'><img loading=\"lazy\" decoding=\"async\" width=\"696\" height=\"464\" src=\"https:\/\/www.porlalibreedomex.com\/wp-content\/uploads\/2018\/06\/Comunicado-de-Prensa-082-1-1024x683.jpeg\" class=\"attachment-large size-large\" alt=\"\" srcset=\"https:\/\/www.porlalibreedomex.com\/wp-content\/uploads\/2018\/06\/Comunicado-de-Prensa-082-1-1024x683.jpeg 1024w, https:\/\/www.porlalibreedomex.com\/wp-content\/uploads\/2018\/06\/Comunicado-de-Prensa-082-1-300x200.jpeg 300w, https:\/\/www.porlalibreedomex.com\/wp-content\/uploads\/2018\/06\/Comunicado-de-Prensa-082-1-768x512.jpeg 768w, https:\/\/www.porlalibreedomex.com\/wp-content\/uploads\/2018\/06\/Comunicado-de-Prensa-082-1.jpeg 1200w\" sizes=\"auto, (max-width: 696px) 100vw, 696px\" \/><\/a>\n\t\t\t<\/div><\/figure><figure class='gallery-item'>\n\t\t\t<div class='gallery-icon landscape'>\n\t\t\t\t<a href='https:\/\/www.porlalibreedomex.com\/?attachment_id=23454'><img loading=\"lazy\" decoding=\"async\" width=\"696\" height=\"464\" src=\"https:\/\/www.porlalibreedomex.com\/wp-content\/uploads\/2018\/06\/Comunicado-de-Prensa-082-5-1024x683.jpeg\" class=\"attachment-large size-large\" alt=\"\" srcset=\"https:\/\/www.porlalibreedomex.com\/wp-content\/uploads\/2018\/06\/Comunicado-de-Prensa-082-5-1024x683.jpeg 1024w, https:\/\/www.porlalibreedomex.com\/wp-content\/uploads\/2018\/06\/Comunicado-de-Prensa-082-5-300x200.jpeg 300w, https:\/\/www.porlalibreedomex.com\/wp-content\/uploads\/2018\/06\/Comunicado-de-Prensa-082-5-768x512.jpeg 768w, https:\/\/www.porlalibreedomex.com\/wp-content\/uploads\/2018\/06\/Comunicado-de-Prensa-082-5.jpeg 1200w\" sizes=\"auto, (max-width: 696px) 100vw, 696px\" \/><\/a>\n\t\t\t<\/div><\/figure>\n\t\t<\/div>\n\n<p style=\"font-weight: 400;\">\u00a0Pidi\u00f3 a sus compa\u00f1eros de partido \u201ctocar no s\u00f3lo las puertas sino los corazones de la gente para que de la mano de Pepe Meade podamos entregar un mejor pa\u00eds a nuestros hijos del que recibimos nosotros\u201d.<\/p>\n<p style=\"font-weight: 400;\">\u00a0En su actividad de campa\u00f1a por esta localidad, el abanderado tricolor estuvo acompa\u00f1ado por los candidatos a diputado federal por el distrito XXVII, Alexa Reyes Nader y suplente a Senador, Fernando Alberto Garc\u00eda Cuevas.<\/p>\n","protected":false},"excerpt":{"rendered":"<p>De gira proselitista en Mexicaltzingo, el candidato del PRI al Senado de la Rep\u00fablica por el Estado de M\u00e9xico llam\u00f3 a votar el 1 de julio por Jos\u00e9 Antonio Meade \u201cpara garantizar el triunfo de las causas m\u00e1s justas que demanda el pa\u00eds\u201d. \u00a0Desde aqu\u00ed, el ex gobernador mexiquense se comprometi\u00f3 ante simpatizantes a que, [&hellip;]<\/p>\n","protected":false},"author":3,"featured_media":23452,"comment_status":"open","ping_status":"open","sticky":false,"template":"","format":"standard","meta":{"footnotes":""},"categories":[9157,16,9150],"tags":[],"class_list":{"0":"post-23451","1":"post","2":"type-post","3":"status-publish","4":"format-standard","5":"has-post-thumbnail","7":"category-edomex","8":"category-foto","9":"category-politica"},"wps_subtitle":"\u201cAnte el dilema que enfrenta el pa\u00eds, M\u00e9xico demanda la participaci\u00f3n de todos\u201d","_links":{"self":[{"href":"https:\/\/www.porlalibreedomex.com\/index.php?rest_route=\/wp\/v2\/posts\/23451","targetHints":{"allow":["GET"]}}],"collection":[{"href":"https:\/\/www.porlalibreedomex.com\/index.php?rest_route=\/wp\/v2\/posts"}],"about":[{"href":"https:\/\/www.porlalibreedomex.com\/index.php?rest_route=\/wp\/v2\/types\/post"}],"author":[{"embeddable":true,"href":"https:\/\/www.porlalibreedomex.com\/index.php?rest_route=\/wp\/v2\/users\/3"}],"replies":[{"embeddable":true,"href":"https:\/\/www.porlalibreedomex.com\/index.php?rest_route=%2Fwp%2Fv2%2Fcomments&post=23451"}],"version-history":[{"count":2,"href":"https:\/\/www.porlalibreedomex.com\/index.php?rest_route=\/wp\/v2\/posts\/23451\/revisions"}],"predecessor-version":[{"id":23456,"href":"https:\/\/www.porlalibreedomex.com\/index.php?rest_route=\/wp\/v2\/posts\/23451\/revisions\/23456"}],"wp:featuredmedia":[{"embeddable":true,"href":"https:\/\/www.porlalibreedomex.com\/index.php?rest_route=\/wp\/v2\/media\/23452"}],"wp:attachment":[{"href":"https:\/\/www.porlalibreedomex.com\/index.php?rest_route=%2Fwp%2Fv2%2Fmedia&parent=23451"}],"wp:term":[{"taxonomy":"category","embeddable":true,"href":"https:\/\/www.porlalibreedomex.com\/index.php?rest_route=%2Fwp%2Fv2%2Fcategories&post=23451"},{"taxonomy":"post_tag","embeddable":true,"href":"https:\/\/www.porlalibreedomex.com\/index.php?rest_route=%2Fwp%2Fv2%2Ftags&post=23451"}],"curies":[{"name":"wp","href":"https:\/\/api.w.org\/{rel}","templated":true}]}}