{"id":23430,"date":"2018-06-02T00:18:58","date_gmt":"2018-06-02T05:18:58","guid":{"rendered":"http:\/\/www.porlalibreedomex.com\/?p=23430"},"modified":"2018-06-03T01:36:15","modified_gmt":"2018-06-03T06:36:15","slug":"ordena-el-gobernador-del-mazo-apoyar-a-heridos-y-deudos-del-choque-entre-un-microbus-y-un-trailes-en-tepetlaoxtoc","status":"publish","type":"post","link":"https:\/\/www.porlalibreedomex.com\/?p=23430","title":{"rendered":"ORDENA EL GOBERNADOR DEL MAZO APOYAR A HERIDOS Y DEUDOS DEL CHOQUE ENTRE UN MICROB\u00daS Y UN TRAILER EN TEPETLAOXTOC"},"content":{"rendered":"<p>Toluca, M\u00e9xico, 2 de junio de 2018. El Gobernador del Estado de M\u00e9xico expres\u00f3 sus condolencias a los familiares de las personas que perdieron la vida, consecuencia del choque registrado entre un microb\u00fas y un tr\u00e1iler en la localidad de Santa In\u00e9s, en Tepetlaoxtoc, e inform\u00f3 que la administraci\u00f3n estatal apoyar\u00e1 a los heridos y deudos.<\/p>\n<p>\u201cLe env\u00edo mis condolencias a los familiares de las v\u00edctimas del accidente carretero ocurrido esta ma\u00f1ana en #Tepetlaoxtoc. He instruido al secretario de Gobierno, contactar y apoyar a los heridos y deudos\u201d, escribi\u00f3 en su cuenta de Twitter.<\/p>\n<p>El accidente se registr\u00f3 alrededor de las 10:25 horas a la altura del Kil\u00f3metro 32 de la carretera federal M\u00e9xico-Zacatepec, en la localidad de Santa In\u00e9s, en Tepetlaoxtoc; el microb\u00fas pertenece a la l\u00ednea M\u00e9xico-Texcoco, de la empresa Serutex SA de CV.<\/p>\n<p>Al lugar del accidente arribaron integrantes de la Polic\u00eda estatal, as\u00ed como del sector salud para brindar atenci\u00f3n a las personas lesionadas, quienes fueron trasladadas a los hospitales \u201cGuadalupe Victoria\u201d y \u201cSan Jos\u00e9\u201d, en el municipio de Texcoco.<\/p>\n<div id='gallery-1' class='gallery galleryid-23430 gallery-columns-3 gallery-size-large'><figure class='gallery-item'>\n\t\t\t<div class='gallery-icon landscape'>\n\t\t\t\t<a href='https:\/\/www.porlalibreedomex.com\/?attachment_id=23434'><img loading=\"lazy\" decoding=\"async\" width=\"696\" height=\"522\" src=\"https:\/\/www.porlalibreedomex.com\/wp-content\/uploads\/2018\/06\/WhatsApp-Image-2018-06-02-at-5.12.20-PM-1024x768.jpeg\" class=\"attachment-large size-large\" alt=\"\" srcset=\"https:\/\/www.porlalibreedomex.com\/wp-content\/uploads\/2018\/06\/WhatsApp-Image-2018-06-02-at-5.12.20-PM-1024x768.jpeg 1024w, https:\/\/www.porlalibreedomex.com\/wp-content\/uploads\/2018\/06\/WhatsApp-Image-2018-06-02-at-5.12.20-PM-300x225.jpeg 300w, https:\/\/www.porlalibreedomex.com\/wp-content\/uploads\/2018\/06\/WhatsApp-Image-2018-06-02-at-5.12.20-PM-768x576.jpeg 768w, https:\/\/www.porlalibreedomex.com\/wp-content\/uploads\/2018\/06\/WhatsApp-Image-2018-06-02-at-5.12.20-PM.jpeg 1280w\" sizes=\"auto, (max-width: 696px) 100vw, 696px\" \/><\/a>\n\t\t\t<\/div><\/figure><figure class='gallery-item'>\n\t\t\t<div class='gallery-icon landscape'>\n\t\t\t\t<a href='https:\/\/www.porlalibreedomex.com\/?attachment_id=23433'><img loading=\"lazy\" decoding=\"async\" width=\"696\" height=\"522\" src=\"https:\/\/www.porlalibreedomex.com\/wp-content\/uploads\/2018\/06\/WhatsApp-Image-2018-06-02-at-5.12.19-PM-1024x768.jpeg\" class=\"attachment-large size-large\" alt=\"\" srcset=\"https:\/\/www.porlalibreedomex.com\/wp-content\/uploads\/2018\/06\/WhatsApp-Image-2018-06-02-at-5.12.19-PM-1024x768.jpeg 1024w, https:\/\/www.porlalibreedomex.com\/wp-content\/uploads\/2018\/06\/WhatsApp-Image-2018-06-02-at-5.12.19-PM-300x225.jpeg 300w, https:\/\/www.porlalibreedomex.com\/wp-content\/uploads\/2018\/06\/WhatsApp-Image-2018-06-02-at-5.12.19-PM-768x576.jpeg 768w, https:\/\/www.porlalibreedomex.com\/wp-content\/uploads\/2018\/06\/WhatsApp-Image-2018-06-02-at-5.12.19-PM.jpeg 1280w\" sizes=\"auto, (max-width: 696px) 100vw, 696px\" \/><\/a>\n\t\t\t<\/div><\/figure><figure class='gallery-item'>\n\t\t\t<div class='gallery-icon landscape'>\n\t\t\t\t<a href='https:\/\/www.porlalibreedomex.com\/?attachment_id=23431'><img loading=\"lazy\" decoding=\"async\" width=\"696\" height=\"522\" src=\"https:\/\/www.porlalibreedomex.com\/wp-content\/uploads\/2018\/06\/Tepetlaoxtoc-M\u00e9x.-Atenci\u00f3n-a-v\u00edctimas-de-accidente-1024x768.jpeg\" class=\"attachment-large size-large\" alt=\"\" srcset=\"https:\/\/www.porlalibreedomex.com\/wp-content\/uploads\/2018\/06\/Tepetlaoxtoc-M\u00e9x.-Atenci\u00f3n-a-v\u00edctimas-de-accidente-1024x768.jpeg 1024w, https:\/\/www.porlalibreedomex.com\/wp-content\/uploads\/2018\/06\/Tepetlaoxtoc-M\u00e9x.-Atenci\u00f3n-a-v\u00edctimas-de-accidente-300x225.jpeg 300w, https:\/\/www.porlalibreedomex.com\/wp-content\/uploads\/2018\/06\/Tepetlaoxtoc-M\u00e9x.-Atenci\u00f3n-a-v\u00edctimas-de-accidente-768x576.jpeg 768w, https:\/\/www.porlalibreedomex.com\/wp-content\/uploads\/2018\/06\/Tepetlaoxtoc-M\u00e9x.-Atenci\u00f3n-a-v\u00edctimas-de-accidente.jpeg 1280w\" sizes=\"auto, (max-width: 696px) 100vw, 696px\" \/><\/a>\n\t\t\t<\/div><\/figure>\n\t\t<\/div>\n\n<p>El Grupo de Rescate A\u00e9reo Rel\u00e1mpagos por su parte, realiz\u00f3 el traslado de una ni\u00f1a de seis a\u00f1os de edad, quien fue diagnosticada con traumatismo cr\u00e1neo encef\u00e1lico severo, del hospital Guadalupe Victoria al Nicol\u00e1s San Juan, en Toluca.<\/p>\n<p>De este accidente resultaron 11 personas fallecidas, cuatro hombres, tres mujeres y un menor de edad, en el lugar del percance.<\/p>\n<p>Mientras que de las personas que fueron trasladadas a los hospitales, fallecieron una mujer, un hombre y un menor de 13 a\u00f1os de edad.<\/p>\n","protected":false},"excerpt":{"rendered":"<p>Toluca, M\u00e9xico, 2 de junio de 2018. El Gobernador del Estado de M\u00e9xico expres\u00f3 sus condolencias a los familiares de las personas que perdieron la vida, consecuencia del choque registrado entre un microb\u00fas y un tr\u00e1iler en la localidad de Santa In\u00e9s, en Tepetlaoxtoc, e inform\u00f3 que la administraci\u00f3n estatal apoyar\u00e1 a los heridos y [&hellip;]<\/p>\n","protected":false},"author":3,"featured_media":23432,"comment_status":"open","ping_status":"open","sticky":false,"template":"","format":"standard","meta":{"footnotes":""},"categories":[9157,16,9149],"tags":[11277,11279,11278,10718,6494],"class_list":{"0":"post-23430","1":"post","2":"type-post","3":"status-publish","4":"format-standard","5":"has-post-thumbnail","7":"category-edomex","8":"category-foto","9":"category-policiaca","10":"tag-apoyo-a-vctimas","11":"tag-choque-trailer-minibus","12":"tag-condolencias-de-adm","13":"tag-grupo-relampagos","14":"tag-tepetlaoxtoc"},"wps_subtitle":"Env\u00eda condolencias a familiares de v\u00edctimas","_links":{"self":[{"href":"https:\/\/www.porlalibreedomex.com\/index.php?rest_route=\/wp\/v2\/posts\/23430","targetHints":{"allow":["GET"]}}],"collection":[{"href":"https:\/\/www.porlalibreedomex.com\/index.php?rest_route=\/wp\/v2\/posts"}],"about":[{"href":"https:\/\/www.porlalibreedomex.com\/index.php?rest_route=\/wp\/v2\/types\/post"}],"author":[{"embeddable":true,"href":"https:\/\/www.porlalibreedomex.com\/index.php?rest_route=\/wp\/v2\/users\/3"}],"replies":[{"embeddable":true,"href":"https:\/\/www.porlalibreedomex.com\/index.php?rest_route=%2Fwp%2Fv2%2Fcomments&post=23430"}],"version-history":[{"count":2,"href":"https:\/\/www.porlalibreedomex.com\/index.php?rest_route=\/wp\/v2\/posts\/23430\/revisions"}],"predecessor-version":[{"id":23450,"href":"https:\/\/www.porlalibreedomex.com\/index.php?rest_route=\/wp\/v2\/posts\/23430\/revisions\/23450"}],"wp:featuredmedia":[{"embeddable":true,"href":"https:\/\/www.porlalibreedomex.com\/index.php?rest_route=\/wp\/v2\/media\/23432"}],"wp:attachment":[{"href":"https:\/\/www.porlalibreedomex.com\/index.php?rest_route=%2Fwp%2Fv2%2Fmedia&parent=23430"}],"wp:term":[{"taxonomy":"category","embeddable":true,"href":"https:\/\/www.porlalibreedomex.com\/index.php?rest_route=%2Fwp%2Fv2%2Fcategories&post=23430"},{"taxonomy":"post_tag","embeddable":true,"href":"https:\/\/www.porlalibreedomex.com\/index.php?rest_route=%2Fwp%2Fv2%2Ftags&post=23430"}],"curies":[{"name":"wp","href":"https:\/\/api.w.org\/{rel}","templated":true}]}}