{"id":23237,"date":"2018-05-24T01:22:07","date_gmt":"2018-05-24T06:22:07","guid":{"rendered":"http:\/\/www.porlalibreedomex.com\/?p=23237"},"modified":"2018-05-27T01:23:01","modified_gmt":"2018-05-27T06:23:01","slug":"especializa-issemym-a-medicos-y-enfermeras-en-neurocirugia","status":"publish","type":"post","link":"https:\/\/www.porlalibreedomex.com\/?p=23237","title":{"rendered":"ESPECIALIZA ISSEMYM A M\u00c9DICOS Y ENFERMERAS EN NEUROCIRUG\u00cdA"},"content":{"rendered":"<ul>\n<li><em><strong>Participan expertos en neurocirug\u00eda de diferentes pa\u00edses en la actualizaci\u00f3n para doctores y enfermeras.<\/strong><\/em><\/li>\n<\/ul>\n<p>&nbsp;<\/p>\n<p><strong>Toluca, M\u00e9xico, 24 de mayo de 2018<\/strong>. Con la participaci\u00f3n de m\u00e9dicos especialistas provenientes de Chile, Brasil, Ecuador, Argentina y Espa\u00f1a, el Instituto de Seguridad Social del Estado de M\u00e9xico y Municipios (ISSEMyM), llev\u00f3 a cabo el XVI Congreso Internacional de Neurocirug\u00eda y el X Congreso Neuroquir\u00fargico para enfermeras.<\/p>\n<figure id=\"attachment_23238\" aria-describedby=\"caption-attachment-23238\" style=\"width: 1280px\" class=\"wp-caption aligncenter\"><a href=\"http:\/\/www.porlalibreedomex.com\/wp-content\/uploads\/2018\/05\/WhatsApp-Image-2018-05-24-at-1.40.37-PM-1.jpeg\"><img loading=\"lazy\" decoding=\"async\" class=\"size-full wp-image-23238\" src=\"http:\/\/www.porlalibreedomex.com\/wp-content\/uploads\/2018\/05\/WhatsApp-Image-2018-05-24-at-1.40.37-PM-1.jpeg\" alt=\"\" width=\"1280\" height=\"720\" srcset=\"https:\/\/www.porlalibreedomex.com\/wp-content\/uploads\/2018\/05\/WhatsApp-Image-2018-05-24-at-1.40.37-PM-1.jpeg 1280w, https:\/\/www.porlalibreedomex.com\/wp-content\/uploads\/2018\/05\/WhatsApp-Image-2018-05-24-at-1.40.37-PM-1-300x169.jpeg 300w, https:\/\/www.porlalibreedomex.com\/wp-content\/uploads\/2018\/05\/WhatsApp-Image-2018-05-24-at-1.40.37-PM-1-768x432.jpeg 768w, https:\/\/www.porlalibreedomex.com\/wp-content\/uploads\/2018\/05\/WhatsApp-Image-2018-05-24-at-1.40.37-PM-1-1024x576.jpeg 1024w\" sizes=\"auto, (max-width: 1280px) 100vw, 1280px\" \/><\/a><figcaption id=\"caption-attachment-23238\" class=\"wp-caption-text\">Capacitaci\u00f3n Especializada en el ISSEMYM<\/figcaption><\/figure>\n<p>Con trasmisiones en vivo a los cinco continentes, abordaron temas para el tratamiento de traumatismo craneal por accidente automovil\u00edstico, ca\u00eddas, as\u00ed como por impacto por arma de fuego y todos los cuidados que implican estas lesiones para evitar secuelas motoras, as\u00ed como el manejo de hipotermia en pacientes con hinchaz\u00f3n cerebral, lesiones secundarias al trauma o lesi\u00f3n hemorr\u00e1gica y la monitorizaci\u00f3n neurol\u00f3gica con medidas continuas en la oxigenaci\u00f3n.<\/p>\n<p>Por su parte, las enfermeras recibieron actualizaci\u00f3n en t\u00e9cnicas quir\u00fargicas, ya que tienen un papel trascendente con el paciente, tanto en el apoyo quir\u00fargico con los equipos e instrumental como al terminar la operaci\u00f3n y continuar con los cuidados postoperatorios, monitoreo de los signos vitales, aplicaci\u00f3n de medicamentos, mantener un registro de la alimentaci\u00f3n y actividad f\u00edsica, entre otros.<\/p>\n<p>Durante la inauguraci\u00f3n de los Congresos, el Presidente de la Sociedad Mexicana de Cirug\u00eda Neurol\u00f3gica reconoci\u00f3 que el Centro M\u00e9dico del ISSEMyM, en Toluca cuenta con los mejores implementos y herramientas m\u00e9dico-tecnol\u00f3gicas a nivel nacional para el servicio de neurocirug\u00eda, como el microscopio de \u00faltima generaci\u00f3n, el neuronavegador, que pr\u00e1cticamente es un GPS para que el m\u00e9dico pueda ser m\u00e1s objetivo y ahorrar tiempo, el neuroendoscopio, para cirug\u00edas de m\u00ednima invasi\u00f3n y el crane\u00f3tomo, con el que se realizan cortes de alta precisi\u00f3n, lo que complementa un servicio integral para los derechohabientes.<\/p>\n<p>Actualmente, el 40 por ciento de los casos que recibe este nosocomio son traumatismos craneoencef\u00e1licos por accidentes automovil\u00edsticos, mientras que el resto son patolog\u00edas neurol\u00f3gicas de alta complejidad, atendidos con estas tecnolog\u00edas vanguardistas y un equipo interdisciplinario de recursos humanos.<a href=\"http:\/\/www.porlalibreedomex.com\/wp-content\/uploads\/2018\/05\/WhatsApp-Image-2018-05-24-at-1.40.37-PM-2.jpeg\"><img loading=\"lazy\" decoding=\"async\" class=\"aligncenter size-large wp-image-23239\" src=\"http:\/\/www.porlalibreedomex.com\/wp-content\/uploads\/2018\/05\/WhatsApp-Image-2018-05-24-at-1.40.37-PM-2-1024x576.jpeg\" alt=\"\" width=\"800\" height=\"450\" srcset=\"https:\/\/www.porlalibreedomex.com\/wp-content\/uploads\/2018\/05\/WhatsApp-Image-2018-05-24-at-1.40.37-PM-2-1024x576.jpeg 1024w, https:\/\/www.porlalibreedomex.com\/wp-content\/uploads\/2018\/05\/WhatsApp-Image-2018-05-24-at-1.40.37-PM-2-300x169.jpeg 300w, https:\/\/www.porlalibreedomex.com\/wp-content\/uploads\/2018\/05\/WhatsApp-Image-2018-05-24-at-1.40.37-PM-2-768x432.jpeg 768w, https:\/\/www.porlalibreedomex.com\/wp-content\/uploads\/2018\/05\/WhatsApp-Image-2018-05-24-at-1.40.37-PM-2.jpeg 1280w\" sizes=\"auto, (max-width: 800px) 100vw, 800px\" \/><\/a><\/p>\n<p>El ISSEMyM capacita de manera permanente a sus m\u00e9dicos y enfermeras, actualizando sus conocimientos, en este caso para la extracci\u00f3n de tumores, lesiones o contusiones cerebrales a trav\u00e9s de la fosa nasal.<\/p>\n<p>Estas novedosas t\u00e9cnicas m\u00ednimamente invasivas no dejan cicatriz y su recuperaci\u00f3n es m\u00e1s r\u00e1pida.<\/p>\n","protected":false},"excerpt":{"rendered":"<p>Participan expertos en neurocirug\u00eda de diferentes pa\u00edses en la actualizaci\u00f3n para doctores y enfermeras. &nbsp; Toluca, M\u00e9xico, 24 de mayo de 2018. Con la participaci\u00f3n de m\u00e9dicos especialistas provenientes de Chile, Brasil, Ecuador, Argentina y Espa\u00f1a, el Instituto de Seguridad Social del Estado de M\u00e9xico y Municipios (ISSEMyM), llev\u00f3 a cabo el XVI Congreso Internacional [&hellip;]<\/p>\n","protected":false},"author":3,"featured_media":23240,"comment_status":"open","ping_status":"open","sticky":false,"template":"","format":"standard","meta":{"footnotes":""},"categories":[9157,16,9209],"tags":[11188,123,3182,11189],"class_list":{"0":"post-23237","1":"post","2":"type-post","3":"status-publish","4":"format-standard","5":"has-post-thumbnail","7":"category-edomex","8":"category-foto","9":"category-salud","10":"tag-capacitacion-en-neurocirugia","11":"tag-issemym","12":"tag-neurocirugia","13":"tag-tecnologia-de-vanguardia"},"wps_subtitle":"Cuenta Centro M\u00e9dico ISSEMyM con tecnolog\u00eda de vanguardia ","_links":{"self":[{"href":"https:\/\/www.porlalibreedomex.com\/index.php?rest_route=\/wp\/v2\/posts\/23237","targetHints":{"allow":["GET"]}}],"collection":[{"href":"https:\/\/www.porlalibreedomex.com\/index.php?rest_route=\/wp\/v2\/posts"}],"about":[{"href":"https:\/\/www.porlalibreedomex.com\/index.php?rest_route=\/wp\/v2\/types\/post"}],"author":[{"embeddable":true,"href":"https:\/\/www.porlalibreedomex.com\/index.php?rest_route=\/wp\/v2\/users\/3"}],"replies":[{"embeddable":true,"href":"https:\/\/www.porlalibreedomex.com\/index.php?rest_route=%2Fwp%2Fv2%2Fcomments&post=23237"}],"version-history":[{"count":1,"href":"https:\/\/www.porlalibreedomex.com\/index.php?rest_route=\/wp\/v2\/posts\/23237\/revisions"}],"predecessor-version":[{"id":23241,"href":"https:\/\/www.porlalibreedomex.com\/index.php?rest_route=\/wp\/v2\/posts\/23237\/revisions\/23241"}],"wp:featuredmedia":[{"embeddable":true,"href":"https:\/\/www.porlalibreedomex.com\/index.php?rest_route=\/wp\/v2\/media\/23240"}],"wp:attachment":[{"href":"https:\/\/www.porlalibreedomex.com\/index.php?rest_route=%2Fwp%2Fv2%2Fmedia&parent=23237"}],"wp:term":[{"taxonomy":"category","embeddable":true,"href":"https:\/\/www.porlalibreedomex.com\/index.php?rest_route=%2Fwp%2Fv2%2Fcategories&post=23237"},{"taxonomy":"post_tag","embeddable":true,"href":"https:\/\/www.porlalibreedomex.com\/index.php?rest_route=%2Fwp%2Fv2%2Ftags&post=23237"}],"curies":[{"name":"wp","href":"https:\/\/api.w.org\/{rel}","templated":true}]}}