{"id":23228,"date":"2018-05-26T00:40:10","date_gmt":"2018-05-26T05:40:10","guid":{"rendered":"http:\/\/www.porlalibreedomex.com\/?p=23228"},"modified":"2018-05-27T00:41:02","modified_gmt":"2018-05-27T05:41:02","slug":"detenidos-cinco-sujetos-por-portar-arma-de-fuego-en-villa-victoria","status":"publish","type":"post","link":"https:\/\/www.porlalibreedomex.com\/?p=23228","title":{"rendered":"DETENIDOS CINCO SUJETOS POR PORTAR ARMA DE FUEGO EN VILLA VICTORIA"},"content":{"rendered":"<p>&nbsp;<\/p>\n<p>&nbsp;<\/p>\n<p>Villa Victoria, Estado de M\u00e9xico, 26 de mayo de 2018.- Dentro de la Estrategia Integral, elementos de la Secretar\u00eda de Seguridad (SS) lograron la detenci\u00f3n de cinco personas que viajaban a bordo de un veh\u00edculo y portaban un arma de fuego.<\/p>\n<p>Los hechos se suscitaron en respuesta a una denuncia an\u00f3nima, mediante la cual se inform\u00f3 a los elementos de la SS que en una camioneta Ford, color vino, viajaban varios sujetos aparentemente armados.<\/p>\n<p>Fue as\u00ed que en el kil\u00f3metro 46+000 de la carretera federal Toluca \u2013 Zit\u00e1cuaro, en el municipio de Villa Victoria, los polic\u00edas estatales y municipales visualizaron la referida unidad con matr\u00edcula del Estado de M\u00e9xico.<\/p>\n<p>En el automotor viajaban Juan \u00abN\u00bb, de 56 a\u00f1os de edad; Juan Carlos \u00abN\u00bb, de 23; Antonio \u00abN\u00bb, de 26; Jes\u00fas \u00abN\u00bb, de 35, y Gabino \u00abN\u00bb, de 20 a\u00f1os, todos consangu\u00edneos y originarios del municipio de Almoloya de Ju\u00e1rez.<a href=\"http:\/\/www.porlalibreedomex.com\/wp-content\/uploads\/2018\/05\/Arma-encontrada-a-cinco-sujetos-por-la-SSEM.jpg\"><img loading=\"lazy\" decoding=\"async\" class=\"aligncenter size-full wp-image-23230\" src=\"http:\/\/www.porlalibreedomex.com\/wp-content\/uploads\/2018\/05\/Arma-encontrada-a-cinco-sujetos-por-la-SSEM.jpg\" alt=\"\" width=\"603\" height=\"533\" srcset=\"https:\/\/www.porlalibreedomex.com\/wp-content\/uploads\/2018\/05\/Arma-encontrada-a-cinco-sujetos-por-la-SSEM.jpg 603w, https:\/\/www.porlalibreedomex.com\/wp-content\/uploads\/2018\/05\/Arma-encontrada-a-cinco-sujetos-por-la-SSEM-300x265.jpg 300w\" sizes=\"auto, (max-width: 603px) 100vw, 603px\" \/><\/a><\/p>\n<p>Tras marcarles el alto y efectuar la revisi\u00f3n correspondiente, se localiz\u00f3 en el piso de la camioneta una pistola tipo escuadra marca Colt, calibre 38 S\u00faper, con cachas doradas, y un cargador abastecido con seis cartuchos \u00fatiles.<\/p>\n<p>Los indiciados, el veh\u00edculo, el arma de fuego, el cargador y los cartuchos \u00fatiles, fueron puestos a disposici\u00f3n del Ministerio P\u00fablico Federal de la capital del Estado de M\u00e9xico, instancia que se encargar\u00e1 de determinar su situaci\u00f3n jur\u00eddica<\/p>\n<p>La Secretar\u00eda de Seguridad le recuerda que los tel\u00e9fonos de Denuncia An\u00f3nima 0-8-9 y de emergencia 9-1-1 trabajan las 24 horas del d\u00eda; tambi\u00e9n puede contactarnos a trav\u00e9s de nuestras redes sociales: en Facebook @SS.Edomex, y en Twitter @SS_Edomex<\/p>\n<p>&nbsp;<\/p>\n","protected":false},"excerpt":{"rendered":"<p>&nbsp; &nbsp; Villa Victoria, Estado de M\u00e9xico, 26 de mayo de 2018.- Dentro de la Estrategia Integral, elementos de la Secretar\u00eda de Seguridad (SS) lograron la detenci\u00f3n de cinco personas que viajaban a bordo de un veh\u00edculo y portaban un arma de fuego. Los hechos se suscitaron en respuesta a una denuncia an\u00f3nima, mediante la [&hellip;]<\/p>\n","protected":false},"author":3,"featured_media":23229,"comment_status":"open","ping_status":"open","sticky":false,"template":"","format":"standard","meta":{"footnotes":""},"categories":[16,5,9149],"tags":[11185,9566,11186,897],"class_list":{"0":"post-23228","1":"post","2":"type-post","3":"status-publish","4":"format-standard","5":"has-post-thumbnail","7":"category-foto","8":"category-nota-informativa","9":"category-policiaca","10":"tag-detenidos-por-la-ssem","11":"tag-portacion-de-arma-de-fuego","12":"tag-v","13":"tag-villa-victoria"},"wps_subtitle":"Los tel\u00e9fonos de Denuncia An\u00f3nima 089 y de emergencia 911 trabajan las 24 horas del d\u00eda","_links":{"self":[{"href":"https:\/\/www.porlalibreedomex.com\/index.php?rest_route=\/wp\/v2\/posts\/23228","targetHints":{"allow":["GET"]}}],"collection":[{"href":"https:\/\/www.porlalibreedomex.com\/index.php?rest_route=\/wp\/v2\/posts"}],"about":[{"href":"https:\/\/www.porlalibreedomex.com\/index.php?rest_route=\/wp\/v2\/types\/post"}],"author":[{"embeddable":true,"href":"https:\/\/www.porlalibreedomex.com\/index.php?rest_route=\/wp\/v2\/users\/3"}],"replies":[{"embeddable":true,"href":"https:\/\/www.porlalibreedomex.com\/index.php?rest_route=%2Fwp%2Fv2%2Fcomments&post=23228"}],"version-history":[{"count":1,"href":"https:\/\/www.porlalibreedomex.com\/index.php?rest_route=\/wp\/v2\/posts\/23228\/revisions"}],"predecessor-version":[{"id":23231,"href":"https:\/\/www.porlalibreedomex.com\/index.php?rest_route=\/wp\/v2\/posts\/23228\/revisions\/23231"}],"wp:featuredmedia":[{"embeddable":true,"href":"https:\/\/www.porlalibreedomex.com\/index.php?rest_route=\/wp\/v2\/media\/23229"}],"wp:attachment":[{"href":"https:\/\/www.porlalibreedomex.com\/index.php?rest_route=%2Fwp%2Fv2%2Fmedia&parent=23228"}],"wp:term":[{"taxonomy":"category","embeddable":true,"href":"https:\/\/www.porlalibreedomex.com\/index.php?rest_route=%2Fwp%2Fv2%2Fcategories&post=23228"},{"taxonomy":"post_tag","embeddable":true,"href":"https:\/\/www.porlalibreedomex.com\/index.php?rest_route=%2Fwp%2Fv2%2Ftags&post=23228"}],"curies":[{"name":"wp","href":"https:\/\/api.w.org\/{rel}","templated":true}]}}