{"id":23224,"date":"2018-05-25T01:13:45","date_gmt":"2018-05-25T06:13:45","guid":{"rendered":"http:\/\/www.porlalibreedomex.com\/?p=23224"},"modified":"2018-05-26T01:46:24","modified_gmt":"2018-05-26T06:46:24","slug":"candidato-a-diputado-del-verde-por-el-distrito-xxxv-propone-cadena-perpetua-a-feminicidas","status":"publish","type":"post","link":"https:\/\/www.porlalibreedomex.com\/?p=23224","title":{"rendered":"CANDIDATO A DIPUTADO DEL VERDE POR EL DISTRITO XXXV PROPONE CADENA PERPETUA A FEMINICIDAS"},"content":{"rendered":"<p><strong>\u00a0<\/strong><\/p>\n<p><strong>*<em>Dio a conocer sus ocho propuestas centrales, de las cu\u00e1les destaca: \u201cCadena Perpetua a Feminicidas\u00bb<\/em><\/strong><\/p>\n<p><strong><em>\u00a0<\/em><\/strong><\/p>\n<p><strong>Metepec, M\u00e9xico, 25 de mayo de 2018.- \u00a0<\/strong>Jair Gardu\u00f1o Montalvo aspirante, del Partido Verde Ecologista de M\u00e9xico, a diputado local por el distrito 35 que abarca los municipios de Metepec, San Mateo Atenco, Mexicaltzingo y Chapultepec, inici\u00f3 su campa\u00f1a con pobladores de la comunidad de San Gaspar.<\/p>\n<p>Acompa\u00f1ado por Jos\u00e9 Alberto Couttolenc, co del Partido en el Estado de M\u00e9xico, y Maritza Flores, candidata a presidenta municipal del pueblo m\u00e1gico de Metepec; Gardu\u00f1o Montalvo present\u00f3 8 propuestas centrales que incluyen temas referentes a seguridad y justicia; cuidado y protecci\u00f3n de adultos mayores; movilidad, certeza jur\u00eddica del hogar,\u00a0 deporte y empleo para j\u00f3venes.<\/p>\n<p>Su principal propuesta es cadena perpetua a feminicidas, con esta medida asegur\u00f3 que disminuir\u00e1 el \u00edndice de feminicidios en el Estado de M\u00e9xico, y que los criminales no salgan de prisi\u00f3n y vuelvan a cometer hechos violentos.<\/p>\n<p>En su mensaje, asegur\u00f3 que de llegar a la legislatura mexiquense, crear\u00e1 el Instituto Estatal para la Atenci\u00f3n de Adultos Mayores, ya que en la entidad el 68 por ciento de esta poblaci\u00f3n no cuenta con alg\u00fan tipo de atenci\u00f3n especializada en las enfermedades relacionadas al envejecimiento.<\/p>\n<p>Ante la situaci\u00f3n que viven actualmente los transportistas en el Estado, mostr\u00f3 su apoyo para que de la mano con los propietarios de taxis o camiones urbanos se mejore el servicio en el transporte p\u00fablico, siendo \u00e9l el facilitador y aval para el tr\u00e1mite de su principal herramienta de trabajo.<\/p>\n<p>Conocido por su amor al deporte, Jair Montalvo, lleg\u00f3 en bicicleta a su acto de arranque de campa\u00f1a, y aprovech\u00f3 para mencionar que otra de sus propuestas es la creaci\u00f3n del proyecto \u201cRuta 35&#8243;, una ciclov\u00eda que de seguridad y confianza a los ciclistas de estos municipios; ya que gran parte de la poblaci\u00f3n utiliza este medio de transporte para realizar sus actividades, y est\u00e1n expuestos a grandes riesgos en la v\u00eda p\u00fablica.<\/p>\n<p>Para finalizar, puntualiz\u00f3 que en esta campa\u00f1a su compromiso\u00a0 es recorrer cada una de las secciones que integran el distrito 35 para que los ciudadanos est\u00e9n convencidos que en su persona tendr\u00e1n plena representaci\u00f3n, asegurando que las elecciones se ganan con trabajo.<\/p>\n","protected":false},"excerpt":{"rendered":"<p>\u00a0 *Dio a conocer sus ocho propuestas centrales, de las cu\u00e1les destaca: \u201cCadena Perpetua a Feminicidas\u00bb \u00a0 Metepec, M\u00e9xico, 25 de mayo de 2018.- \u00a0Jair Gardu\u00f1o Montalvo aspirante, del Partido Verde Ecologista de M\u00e9xico, a diputado local por el distrito 35 que abarca los municipios de Metepec, San Mateo Atenco, Mexicaltzingo y Chapultepec, inici\u00f3 su [&hellip;]<\/p>\n","protected":false},"author":3,"featured_media":23225,"comment_status":"open","ping_status":"open","sticky":false,"template":"","format":"standard","meta":{"footnotes":""},"categories":[16,5,9150],"tags":[],"class_list":{"0":"post-23224","1":"post","2":"type-post","3":"status-publish","4":"format-standard","5":"has-post-thumbnail","7":"category-foto","8":"category-nota-informativa","9":"category-politica"},"wps_subtitle":" Jair Gardu\u00f1o Montalvo dio a conocer sus ocho propuestas centrales","_links":{"self":[{"href":"https:\/\/www.porlalibreedomex.com\/index.php?rest_route=\/wp\/v2\/posts\/23224","targetHints":{"allow":["GET"]}}],"collection":[{"href":"https:\/\/www.porlalibreedomex.com\/index.php?rest_route=\/wp\/v2\/posts"}],"about":[{"href":"https:\/\/www.porlalibreedomex.com\/index.php?rest_route=\/wp\/v2\/types\/post"}],"author":[{"embeddable":true,"href":"https:\/\/www.porlalibreedomex.com\/index.php?rest_route=\/wp\/v2\/users\/3"}],"replies":[{"embeddable":true,"href":"https:\/\/www.porlalibreedomex.com\/index.php?rest_route=%2Fwp%2Fv2%2Fcomments&post=23224"}],"version-history":[{"count":1,"href":"https:\/\/www.porlalibreedomex.com\/index.php?rest_route=\/wp\/v2\/posts\/23224\/revisions"}],"predecessor-version":[{"id":23226,"href":"https:\/\/www.porlalibreedomex.com\/index.php?rest_route=\/wp\/v2\/posts\/23224\/revisions\/23226"}],"wp:featuredmedia":[{"embeddable":true,"href":"https:\/\/www.porlalibreedomex.com\/index.php?rest_route=\/wp\/v2\/media\/23225"}],"wp:attachment":[{"href":"https:\/\/www.porlalibreedomex.com\/index.php?rest_route=%2Fwp%2Fv2%2Fmedia&parent=23224"}],"wp:term":[{"taxonomy":"category","embeddable":true,"href":"https:\/\/www.porlalibreedomex.com\/index.php?rest_route=%2Fwp%2Fv2%2Fcategories&post=23224"},{"taxonomy":"post_tag","embeddable":true,"href":"https:\/\/www.porlalibreedomex.com\/index.php?rest_route=%2Fwp%2Fv2%2Ftags&post=23224"}],"curies":[{"name":"wp","href":"https:\/\/api.w.org\/{rel}","templated":true}]}}