{"id":23199,"date":"2018-05-24T01:08:30","date_gmt":"2018-05-24T06:08:30","guid":{"rendered":"http:\/\/www.porlalibreedomex.com\/?p=23199"},"modified":"2018-05-24T01:08:30","modified_gmt":"2018-05-24T06:08:30","slug":"en-el-primer-minuto-de-este-jueves-arrancan-campana-en-metepec-carolina-monroy-y-miguel-angel-terron","status":"publish","type":"post","link":"https:\/\/www.porlalibreedomex.com\/?p=23199","title":{"rendered":"EN EL PRIMER MINUTO DE ESTE JUEVES, ARRANCAN CAMPA\u00d1A EN METEPEC, CAROLINA MONROY  Y MIGUEL ANGEL TERR\u00d3N"},"content":{"rendered":"<p><a href=\"http:\/\/www.porlalibreedomex.com\/wp-content\/uploads\/2018\/05\/WhatsApp-Image-2018-05-24-at-12.44.10-AM.jpeg\"><img loading=\"lazy\" decoding=\"async\" class=\"aligncenter size-full wp-image-23202\" src=\"http:\/\/www.porlalibreedomex.com\/wp-content\/uploads\/2018\/05\/WhatsApp-Image-2018-05-24-at-12.44.10-AM.jpeg\" alt=\"\" width=\"1040\" height=\"780\" srcset=\"https:\/\/www.porlalibreedomex.com\/wp-content\/uploads\/2018\/05\/WhatsApp-Image-2018-05-24-at-12.44.10-AM.jpeg 1040w, https:\/\/www.porlalibreedomex.com\/wp-content\/uploads\/2018\/05\/WhatsApp-Image-2018-05-24-at-12.44.10-AM-300x225.jpeg 300w, https:\/\/www.porlalibreedomex.com\/wp-content\/uploads\/2018\/05\/WhatsApp-Image-2018-05-24-at-12.44.10-AM-768x576.jpeg 768w, https:\/\/www.porlalibreedomex.com\/wp-content\/uploads\/2018\/05\/WhatsApp-Image-2018-05-24-at-12.44.10-AM-1024x768.jpeg 1024w\" sizes=\"auto, (max-width: 1040px) 100vw, 1040px\" \/><\/a><\/p>\n<p>&nbsp;<\/p>\n<p><a href=\"http:\/\/www.porlalibreedomex.com\/wp-content\/uploads\/2018\/05\/Arrancan-campa\u00f1a-Carolina-Monroy-y-Miguel-\u00c1ngel-Terr\u00f3n-en-Metepec.html\">Arrancan campa\u00f1a Carolina Monroy y Miguel \u00c1ngel Terr\u00f3n en Metepec<\/a><\/p>\n<p>(Clic para escuchar el mensaje de Carolina)Candidata a presidenta mubnicipal Metepec, Candidato a Diputado local,<\/p>\n","protected":false},"excerpt":{"rendered":"<p>&nbsp; Arrancan campa\u00f1a Carolina Monroy y Miguel \u00c1ngel Terr\u00f3n en Metepec (Clic para escuchar el mensaje de Carolina)Candidata a presidenta mubnicipal Metepec, Candidato a Diputado local,<\/p>\n","protected":false},"author":3,"featured_media":23201,"comment_status":"open","ping_status":"open","sticky":false,"template":"","format":"standard","meta":{"footnotes":""},"categories":[8741,16,9150],"tags":[79,155,11174],"class_list":{"0":"post-23199","1":"post","2":"type-post","3":"status-publish","4":"format-standard","5":"has-post-thumbnail","7":"category-audio","8":"category-foto","9":"category-politica","10":"tag-carolina-monroy","11":"tag-cesar-camacho","12":"tag-miguel-angel-terron"},"wps_subtitle":"En unidad har\u00e1n la labor de conseguir el voto","_links":{"self":[{"href":"https:\/\/www.porlalibreedomex.com\/index.php?rest_route=\/wp\/v2\/posts\/23199","targetHints":{"allow":["GET"]}}],"collection":[{"href":"https:\/\/www.porlalibreedomex.com\/index.php?rest_route=\/wp\/v2\/posts"}],"about":[{"href":"https:\/\/www.porlalibreedomex.com\/index.php?rest_route=\/wp\/v2\/types\/post"}],"author":[{"embeddable":true,"href":"https:\/\/www.porlalibreedomex.com\/index.php?rest_route=\/wp\/v2\/users\/3"}],"replies":[{"embeddable":true,"href":"https:\/\/www.porlalibreedomex.com\/index.php?rest_route=%2Fwp%2Fv2%2Fcomments&post=23199"}],"version-history":[{"count":1,"href":"https:\/\/www.porlalibreedomex.com\/index.php?rest_route=\/wp\/v2\/posts\/23199\/revisions"}],"predecessor-version":[{"id":23204,"href":"https:\/\/www.porlalibreedomex.com\/index.php?rest_route=\/wp\/v2\/posts\/23199\/revisions\/23204"}],"wp:featuredmedia":[{"embeddable":true,"href":"https:\/\/www.porlalibreedomex.com\/index.php?rest_route=\/wp\/v2\/media\/23201"}],"wp:attachment":[{"href":"https:\/\/www.porlalibreedomex.com\/index.php?rest_route=%2Fwp%2Fv2%2Fmedia&parent=23199"}],"wp:term":[{"taxonomy":"category","embeddable":true,"href":"https:\/\/www.porlalibreedomex.com\/index.php?rest_route=%2Fwp%2Fv2%2Fcategories&post=23199"},{"taxonomy":"post_tag","embeddable":true,"href":"https:\/\/www.porlalibreedomex.com\/index.php?rest_route=%2Fwp%2Fv2%2Ftags&post=23199"}],"curies":[{"name":"wp","href":"https:\/\/api.w.org\/{rel}","templated":true}]}}