{"id":22939,"date":"2018-05-12T00:49:50","date_gmt":"2018-05-12T05:49:50","guid":{"rendered":"http:\/\/www.porlalibreedomex.com\/?p=22939"},"modified":"2018-05-14T00:50:13","modified_gmt":"2018-05-14T05:50:13","slug":"ciclo-de-conferencias-perspectiva-de-genero-en-la-cultura-y-el-deporte","status":"publish","type":"post","link":"https:\/\/www.porlalibreedomex.com\/?p=22939","title":{"rendered":"CICLO DE CONFERENCIAS \u201cPERSPECTIVA DE G\u00c9NERO EN LA CULTURA Y EL DEPORTE\u201d"},"content":{"rendered":"<p>&nbsp;<\/p>\n<ul>\n<li><em><strong>Tiene como objetivo que las y los servidores p\u00fablicos se integren en esta forma de convivencia social.<\/strong><\/em><\/li>\n<li><em><strong>Ofrece CEMyBS conferencia sobre \u201cComunicaci\u00f3n no sexista\u201d.<\/strong><\/em><\/li>\n<\/ul>\n<p><strong>Toluca, M\u00e9xico, 12 de mayo de 2018.<\/strong> Con el objetivo de integrar al equipo en una cordial y sana convivencia igualitaria para fortalecer el desempe\u00f1o del personal, desde el mes de enero la Secretar\u00eda de Cultura ofrece una conferencia mensual dirigida a las y los servidores p\u00fablicos, con temas relacionados a la teor\u00eda de perspectiva de g\u00e9nero.<\/p>\n<p>El Consejo Estatal de la Mujer y Bienestar Social (CEMyBS) ofreci\u00f3 la pl\u00e1tica \u201cComunicaci\u00f3n no sexista\u201d que, adem\u00e1s de mostrar los conceptos pertinentes para entender la din\u00e1mica de igualdad de g\u00e9nero, brind\u00f3 la oportunidad de reflexionar sobre el actuar diario y la forma en que inconscientemente discriminamos al pr\u00f3jimo por su sexo.<\/p>\n<p>Con la participaci\u00f3n de los y las asistentes se retroalimentaron ideas, se fortalecieron las ense\u00f1anzas y se manifest\u00f3 el compromiso de aplicar estas nuevas formas de comunicaci\u00f3n para crear un mejor clima laboral.<\/p>\n<p>As\u00ed, la Secretar\u00eda de Cultura, siguiendo los pilares del gobierno estatal, trabaja continuamente para que las personas dedicadas al servicio p\u00fablico conozcan y accionen los planes de igualdad de g\u00e9nero.<\/p>\n","protected":false},"excerpt":{"rendered":"<p>&nbsp; Tiene como objetivo que las y los servidores p\u00fablicos se integren en esta forma de convivencia social. Ofrece CEMyBS conferencia sobre \u201cComunicaci\u00f3n no sexista\u201d. Toluca, M\u00e9xico, 12 de mayo de 2018. Con el objetivo de integrar al equipo en una cordial y sana convivencia igualitaria para fortalecer el desempe\u00f1o del personal, desde el mes [&hellip;]<\/p>\n","protected":false},"author":3,"featured_media":22940,"comment_status":"open","ping_status":"open","sticky":false,"template":"","format":"standard","meta":{"footnotes":""},"categories":[16,5],"tags":[11070,11069,11071],"class_list":{"0":"post-22939","1":"post","2":"type-post","3":"status-publish","4":"format-standard","5":"has-post-thumbnail","7":"category-foto","8":"category-nota-informativa","9":"tag-cemybs","10":"tag-comunicacion-no-sexista","11":"tag-consejo-de-la-mujer-del-estado-de-mexico"},"wps_subtitle":"","_links":{"self":[{"href":"https:\/\/www.porlalibreedomex.com\/index.php?rest_route=\/wp\/v2\/posts\/22939","targetHints":{"allow":["GET"]}}],"collection":[{"href":"https:\/\/www.porlalibreedomex.com\/index.php?rest_route=\/wp\/v2\/posts"}],"about":[{"href":"https:\/\/www.porlalibreedomex.com\/index.php?rest_route=\/wp\/v2\/types\/post"}],"author":[{"embeddable":true,"href":"https:\/\/www.porlalibreedomex.com\/index.php?rest_route=\/wp\/v2\/users\/3"}],"replies":[{"embeddable":true,"href":"https:\/\/www.porlalibreedomex.com\/index.php?rest_route=%2Fwp%2Fv2%2Fcomments&post=22939"}],"version-history":[{"count":1,"href":"https:\/\/www.porlalibreedomex.com\/index.php?rest_route=\/wp\/v2\/posts\/22939\/revisions"}],"predecessor-version":[{"id":22941,"href":"https:\/\/www.porlalibreedomex.com\/index.php?rest_route=\/wp\/v2\/posts\/22939\/revisions\/22941"}],"wp:featuredmedia":[{"embeddable":true,"href":"https:\/\/www.porlalibreedomex.com\/index.php?rest_route=\/wp\/v2\/media\/22940"}],"wp:attachment":[{"href":"https:\/\/www.porlalibreedomex.com\/index.php?rest_route=%2Fwp%2Fv2%2Fmedia&parent=22939"}],"wp:term":[{"taxonomy":"category","embeddable":true,"href":"https:\/\/www.porlalibreedomex.com\/index.php?rest_route=%2Fwp%2Fv2%2Fcategories&post=22939"},{"taxonomy":"post_tag","embeddable":true,"href":"https:\/\/www.porlalibreedomex.com\/index.php?rest_route=%2Fwp%2Fv2%2Ftags&post=22939"}],"curies":[{"name":"wp","href":"https:\/\/api.w.org\/{rel}","templated":true}]}}