{"id":22933,"date":"2018-05-12T00:42:47","date_gmt":"2018-05-12T05:42:47","guid":{"rendered":"http:\/\/www.porlalibreedomex.com\/?p=22933"},"modified":"2018-05-14T00:43:07","modified_gmt":"2018-05-14T05:43:07","slug":"celebro-el-instituto-de-salud-del-eestado-de-mexico-el-dia-internacional-de-la-enfermeria","status":"publish","type":"post","link":"https:\/\/www.porlalibreedomex.com\/?p=22933","title":{"rendered":"CELEBR\u00d3 EL INSTITUTO DE SALUD DEL EESTADO DE M\u00c9XICO EL D\u00cdA INTERNACIONAL DE LA ENFERMER\u00cdA"},"content":{"rendered":"<p>\u2022 <em><strong>Cuenta ISEM con m\u00e1s de 16 mil profesionales en la materia.<\/strong><\/em><br \/>\n<em><strong>\u2022 Participan en 19 programas de prevenci\u00f3n y control de enfermedades en el primer nivel de atenci\u00f3n m\u00e9dica.<\/strong><\/em><\/p>\n<p>Toluca, Estado de M\u00e9xico, 12 de mayo de 2018. Las enfermeras y los enfermeros son parte fundamental de la atenci\u00f3n que el Instituto de Salud del Estado de M\u00e9xico (ISEM) brinda a los mexiquenses, a trav\u00e9s de las m\u00e1s de mil 200 unidades m\u00e9dicas con que cuenta la entidad.<\/p>\n<p>Hoy en d\u00eda, en el Estado de M\u00e9xico suman 16 mil 659 profesionales de la Enfermer\u00eda, quienes se desarrollan en cuatro \u00e1reas fundamentales: administrativa, docencia, investigaci\u00f3n y cuidado de enfermos.<a href=\"http:\/\/www.porlalibreedomex.com\/wp-content\/uploads\/2018\/05\/WhatsApp-Image-2018-05-12-at-11.54.31-AM-1.jpeg\"><img loading=\"lazy\" decoding=\"async\" class=\"alignleft size-medium wp-image-22936\" src=\"http:\/\/www.porlalibreedomex.com\/wp-content\/uploads\/2018\/05\/WhatsApp-Image-2018-05-12-at-11.54.31-AM-1-199x300.jpeg\" alt=\"\" width=\"199\" height=\"300\" srcset=\"https:\/\/www.porlalibreedomex.com\/wp-content\/uploads\/2018\/05\/WhatsApp-Image-2018-05-12-at-11.54.31-AM-1-199x300.jpeg 199w, https:\/\/www.porlalibreedomex.com\/wp-content\/uploads\/2018\/05\/WhatsApp-Image-2018-05-12-at-11.54.31-AM-1-768x1158.jpeg 768w, https:\/\/www.porlalibreedomex.com\/wp-content\/uploads\/2018\/05\/WhatsApp-Image-2018-05-12-at-11.54.31-AM-1-679x1024.jpeg 679w, https:\/\/www.porlalibreedomex.com\/wp-content\/uploads\/2018\/05\/WhatsApp-Image-2018-05-12-at-11.54.31-AM-1.jpeg 849w\" sizes=\"auto, (max-width: 199px) 100vw, 199px\" \/><\/a><\/p>\n<p>Con motivo del D\u00eda Internacional de la Enfermer\u00eda, que se celebra cada 12 de mayo, el ISEM informa que estos profesionales de la salud participan en 19 programas del primer nivel de atenci\u00f3n.<\/p>\n<p>Adem\u00e1s, realizan acciones de promoci\u00f3n, prevenci\u00f3n, atenci\u00f3n, control y seguimiento de enfermedades, transmisibles y no transmisibles, presentes en la poblaci\u00f3n desde el nacimiento hasta el fallecimiento, dirigidas a la persona, familia y comunidad, con lo que se contribuye a elevar la calidad de vida de la sociedad.<\/p>\n<p>En tanto, en el segundo y tercer nivel, brinda servicios en 48 \u00e1reas como consulta externa, urgencias, quir\u00f3fano, sala de hemodinamia, cuidados intensivos, lactancia, embarazo de alto riesgo, epidemiolog\u00eda, hemodi\u00e1lisis y cuidados paliativos, entre otros.<\/p>\n<p>Asimismo, es importante destacar que el 70 por ciento son enfermeras generales y el porcentaje restante cuenta con estudios de licenciatura, posgrado y maestr\u00eda con especialidades en Gerontogeriatr\u00eda, Salud p\u00fablica, Terapia intensiva, Perinatolog\u00eda, Tanatolog\u00eda, Neonatolog\u00eda pedi\u00e1trica y Cuidados intensivos, adem\u00e1s de que en general se capacitan constantemente.<a href=\"http:\/\/www.porlalibreedomex.com\/wp-content\/uploads\/2018\/05\/WhatsApp-Image-2018-05-12-at-11.54.31-AM.jpeg\"><img loading=\"lazy\" decoding=\"async\" class=\"alignright size-medium wp-image-22937\" src=\"http:\/\/www.porlalibreedomex.com\/wp-content\/uploads\/2018\/05\/WhatsApp-Image-2018-05-12-at-11.54.31-AM-199x300.jpeg\" alt=\"\" width=\"199\" height=\"300\" srcset=\"https:\/\/www.porlalibreedomex.com\/wp-content\/uploads\/2018\/05\/WhatsApp-Image-2018-05-12-at-11.54.31-AM-199x300.jpeg 199w, https:\/\/www.porlalibreedomex.com\/wp-content\/uploads\/2018\/05\/WhatsApp-Image-2018-05-12-at-11.54.31-AM-768x1158.jpeg 768w, https:\/\/www.porlalibreedomex.com\/wp-content\/uploads\/2018\/05\/WhatsApp-Image-2018-05-12-at-11.54.31-AM-679x1024.jpeg 679w, https:\/\/www.porlalibreedomex.com\/wp-content\/uploads\/2018\/05\/WhatsApp-Image-2018-05-12-at-11.54.31-AM.jpeg 849w\" sizes=\"auto, (max-width: 199px) 100vw, 199px\" \/><\/a><\/p>\n<p>En el ISEM, en los tres niveles de atenci\u00f3n, las y los enfermeros son el v\u00ednculo permanente entre los pacientes y los servicios de salud y son parte fundamental en Centros de Atenci\u00f3n al Diab\u00e9tico, Unidades de Hemodi\u00e1lisis, Cl\u00ednicas Geri\u00e1tricas y Bancos de Leche; su intenso trabajo contribuye de manera decidida a que los diversos programas que se desarrollan tengan un mayor impacto en la poblaci\u00f3n.<\/p>\n<p>Finalmente, tambi\u00e9n participan en los ejes de investigaci\u00f3n, docencia y administraci\u00f3n y para avalar sus conocimientos el Consejo Mexicano de Certificaci\u00f3n en Enfermer\u00eda, valida y garantiza su profesionalizaci\u00f3n.<\/p>\n","protected":false},"excerpt":{"rendered":"<p>\u2022 Cuenta ISEM con m\u00e1s de 16 mil profesionales en la materia. \u2022 Participan en 19 programas de prevenci\u00f3n y control de enfermedades en el primer nivel de atenci\u00f3n m\u00e9dica. Toluca, Estado de M\u00e9xico, 12 de mayo de 2018. Las enfermeras y los enfermeros son parte fundamental de la atenci\u00f3n que el Instituto de Salud [&hellip;]<\/p>\n","protected":false},"author":3,"featured_media":22935,"comment_status":"open","ping_status":"open","sticky":false,"template":"","format":"standard","meta":{"footnotes":""},"categories":[9157,16,9209],"tags":[11068,3299,10045],"class_list":{"0":"post-22933","1":"post","2":"type-post","3":"status-publish","4":"format-standard","5":"has-post-thumbnail","7":"category-edomex","8":"category-foto","9":"category-salud","10":"tag-dia-internacional-de-la-enfermeria","11":"tag-instituto-de-salud-del-estado-de-mexico","12":"tag-isem"},"wps_subtitle":"","_links":{"self":[{"href":"https:\/\/www.porlalibreedomex.com\/index.php?rest_route=\/wp\/v2\/posts\/22933","targetHints":{"allow":["GET"]}}],"collection":[{"href":"https:\/\/www.porlalibreedomex.com\/index.php?rest_route=\/wp\/v2\/posts"}],"about":[{"href":"https:\/\/www.porlalibreedomex.com\/index.php?rest_route=\/wp\/v2\/types\/post"}],"author":[{"embeddable":true,"href":"https:\/\/www.porlalibreedomex.com\/index.php?rest_route=\/wp\/v2\/users\/3"}],"replies":[{"embeddable":true,"href":"https:\/\/www.porlalibreedomex.com\/index.php?rest_route=%2Fwp%2Fv2%2Fcomments&post=22933"}],"version-history":[{"count":2,"href":"https:\/\/www.porlalibreedomex.com\/index.php?rest_route=\/wp\/v2\/posts\/22933\/revisions"}],"predecessor-version":[{"id":22938,"href":"https:\/\/www.porlalibreedomex.com\/index.php?rest_route=\/wp\/v2\/posts\/22933\/revisions\/22938"}],"wp:featuredmedia":[{"embeddable":true,"href":"https:\/\/www.porlalibreedomex.com\/index.php?rest_route=\/wp\/v2\/media\/22935"}],"wp:attachment":[{"href":"https:\/\/www.porlalibreedomex.com\/index.php?rest_route=%2Fwp%2Fv2%2Fmedia&parent=22933"}],"wp:term":[{"taxonomy":"category","embeddable":true,"href":"https:\/\/www.porlalibreedomex.com\/index.php?rest_route=%2Fwp%2Fv2%2Fcategories&post=22933"},{"taxonomy":"post_tag","embeddable":true,"href":"https:\/\/www.porlalibreedomex.com\/index.php?rest_route=%2Fwp%2Fv2%2Ftags&post=22933"}],"curies":[{"name":"wp","href":"https:\/\/api.w.org\/{rel}","templated":true}]}}