{"id":22922,"date":"2018-05-13T00:20:22","date_gmt":"2018-05-13T05:20:22","guid":{"rendered":"http:\/\/www.porlalibreedomex.com\/?p=22922"},"modified":"2018-05-14T00:20:43","modified_gmt":"2018-05-14T05:20:43","slug":"organiza-sedagro-el-primer-foro-sobre-el-cafe-en-territorio-mexiquense","status":"publish","type":"post","link":"https:\/\/www.porlalibreedomex.com\/?p=22922","title":{"rendered":"ORGANIZA SEDAGRO EL PRIMER FORO SOBRE EL CAF\u00c9 EN TERRITORIO MEXIQUENSE"},"content":{"rendered":"<ul>\n<li><em><strong>Participan especialistas de Sedagro en este foro, cuyo principal objetivo fue mejorar las estrategias de producci\u00f3n y distribuci\u00f3n de este grano.<\/strong><\/em><\/li>\n<\/ul>\n<p><strong>Tejupilco, M\u00e9xico, 13 de mayo 2018.<\/strong> Con la presencia de m\u00e1s de 30 productores mexiquenses de caf\u00e9, la Secretar\u00eda de Desarrollo Agropecuario (Sedagro) realiz\u00f3 el Primer Foro Caf\u00e9 en el que participaron la Direcci\u00f3n General de Comercializaci\u00f3n, Direcci\u00f3n de Sanidad e Inocuidad, Direcci\u00f3n General de Agricultura, la Unidad Jur\u00eddica y la Delegaci\u00f3n Regional de Sedagro en Tejupilco, todas adscritas a esta dependencia con ponencias de inter\u00e9s para los cafetaleros del sur de la entidad.<\/p>\n<p>Entre los temas que se abordaron en este Primer Foro Caf\u00e9 destacaron \u00bfQu\u00e9 es la producci\u00f3n org\u00e1nica?; \u00bfC\u00f3mo obtener la certificaci\u00f3n org\u00e1nica?; Sanidad e inocuidad del cultivo del caf\u00e9; Plagas y control de enfermedades en el cultivo del caf\u00e9; \u00bfPor qu\u00e9 M\u00e9xico necesita alimentos sanos?; Buen uso y manejo de agroqu\u00edmicos, An\u00e1lisis de mercado, Dise\u00f1o y registro de marca y Asociaciones de productores.<\/p>\n<p><a href=\"http:\/\/www.porlalibreedomex.com\/wp-content\/uploads\/2018\/05\/PRIMER-FORO-SOBRE-EL-CAF\u00c9-TEJUPILCO.jpeg\"><img loading=\"lazy\" decoding=\"async\" class=\"aligncenter size-large wp-image-22924\" src=\"http:\/\/www.porlalibreedomex.com\/wp-content\/uploads\/2018\/05\/PRIMER-FORO-SOBRE-EL-CAF\u00c9-TEJUPILCO-1024x575.jpeg\" alt=\"\" width=\"800\" height=\"449\" srcset=\"https:\/\/www.porlalibreedomex.com\/wp-content\/uploads\/2018\/05\/PRIMER-FORO-SOBRE-EL-CAF\u00c9-TEJUPILCO-1024x575.jpeg 1024w, https:\/\/www.porlalibreedomex.com\/wp-content\/uploads\/2018\/05\/PRIMER-FORO-SOBRE-EL-CAF\u00c9-TEJUPILCO-300x169.jpeg 300w, https:\/\/www.porlalibreedomex.com\/wp-content\/uploads\/2018\/05\/PRIMER-FORO-SOBRE-EL-CAF\u00c9-TEJUPILCO-768x431.jpeg 768w, https:\/\/www.porlalibreedomex.com\/wp-content\/uploads\/2018\/05\/PRIMER-FORO-SOBRE-EL-CAF\u00c9-TEJUPILCO.jpeg 1280w\" sizes=\"auto, (max-width: 800px) 100vw, 800px\" \/><\/a>Este foro, que se llev\u00f3 a cabo en las instalaciones de la Unidad Acad\u00e9mica Profesional de la Universidad Aut\u00f3noma del Estado de M\u00e9xico (UAEM) en Tejupilco, tuvo como principal objetivo tratar temas que ayuden a los cafetaleros a mejorar las estrategias de producci\u00f3n y distribuci\u00f3n del caf\u00e9 y sus derivados.<\/p>\n<p><a href=\"http:\/\/www.porlalibreedomex.com\/wp-content\/uploads\/2018\/05\/PRIMER-FORO-SOBRE-EL-CAF\u00c9-EN-TEJUPILCO-ESTADO-DE-M\u00c9XICO.jpeg\"><img loading=\"lazy\" decoding=\"async\" class=\"aligncenter size-large wp-image-22925\" src=\"http:\/\/www.porlalibreedomex.com\/wp-content\/uploads\/2018\/05\/PRIMER-FORO-SOBRE-EL-CAF\u00c9-EN-TEJUPILCO-ESTADO-DE-M\u00c9XICO-1024x682.jpeg\" alt=\"\" width=\"800\" height=\"533\" srcset=\"https:\/\/www.porlalibreedomex.com\/wp-content\/uploads\/2018\/05\/PRIMER-FORO-SOBRE-EL-CAF\u00c9-EN-TEJUPILCO-ESTADO-DE-M\u00c9XICO-1024x682.jpeg 1024w, https:\/\/www.porlalibreedomex.com\/wp-content\/uploads\/2018\/05\/PRIMER-FORO-SOBRE-EL-CAF\u00c9-EN-TEJUPILCO-ESTADO-DE-M\u00c9XICO-300x200.jpeg 300w, https:\/\/www.porlalibreedomex.com\/wp-content\/uploads\/2018\/05\/PRIMER-FORO-SOBRE-EL-CAF\u00c9-EN-TEJUPILCO-ESTADO-DE-M\u00c9XICO-768x512.jpeg 768w, https:\/\/www.porlalibreedomex.com\/wp-content\/uploads\/2018\/05\/PRIMER-FORO-SOBRE-EL-CAF\u00c9-EN-TEJUPILCO-ESTADO-DE-M\u00c9XICO.jpeg 1280w\" sizes=\"auto, (max-width: 800px) 100vw, 800px\" \/><\/a>Gabriel Barrueta Morales, productor originario de Temascaltepec y due\u00f1o de la empresa Caf\u00e9 Barmor, dijo que este Primer Foro Caf\u00e9 toc\u00f3 temas de gran inter\u00e9s, pues asegur\u00f3 que los productores se enfocan a una parte del proceso productivo y se olvidan de organizarse, constituir sociedades, realizar estrategias de venta y de mercado, incluso, de realizar adecuadamente el tratamiento de sus plantas y granos.<\/p>\n<p>Agreg\u00f3 que espera que, en breve, los cafetaleros de esta regi\u00f3n del Estado de M\u00e9xico logren crecer con lo que se denomina \u201ccaf\u00e9 de altura\u201d, y con trabajo organizado conformen la ruta del caf\u00e9 para atraer a los amantes de este grano con calidad mexiquense, y con ellos derrama econ\u00f3mica y beneficios directos e indirectos para toda la poblaci\u00f3n de la zona.<\/p>\n","protected":false},"excerpt":{"rendered":"<p>Participan especialistas de Sedagro en este foro, cuyo principal objetivo fue mejorar las estrategias de producci\u00f3n y distribuci\u00f3n de este grano. Tejupilco, M\u00e9xico, 13 de mayo 2018. Con la presencia de m\u00e1s de 30 productores mexiquenses de caf\u00e9, la Secretar\u00eda de Desarrollo Agropecuario (Sedagro) realiz\u00f3 el Primer Foro Caf\u00e9 en el que participaron la Direcci\u00f3n [&hellip;]<\/p>\n","protected":false},"author":3,"featured_media":22923,"comment_status":"open","ping_status":"open","sticky":false,"template":"","format":"standard","meta":{"footnotes":""},"categories":[9146,16,5],"tags":[11066,11065,4905],"class_list":{"0":"post-22922","1":"post","2":"type-post","3":"status-publish","4":"format-standard","5":"has-post-thumbnail","7":"category-economia","8":"category-foto","9":"category-nota-informativa","10":"tag-cafetaleros-de-tejupilco","11":"tag-primer-foro-sobre-cafe","12":"tag-sedagro"},"wps_subtitle":" Acuden m\u00e1s de 30 productores mexiquenses","_links":{"self":[{"href":"https:\/\/www.porlalibreedomex.com\/index.php?rest_route=\/wp\/v2\/posts\/22922","targetHints":{"allow":["GET"]}}],"collection":[{"href":"https:\/\/www.porlalibreedomex.com\/index.php?rest_route=\/wp\/v2\/posts"}],"about":[{"href":"https:\/\/www.porlalibreedomex.com\/index.php?rest_route=\/wp\/v2\/types\/post"}],"author":[{"embeddable":true,"href":"https:\/\/www.porlalibreedomex.com\/index.php?rest_route=\/wp\/v2\/users\/3"}],"replies":[{"embeddable":true,"href":"https:\/\/www.porlalibreedomex.com\/index.php?rest_route=%2Fwp%2Fv2%2Fcomments&post=22922"}],"version-history":[{"count":1,"href":"https:\/\/www.porlalibreedomex.com\/index.php?rest_route=\/wp\/v2\/posts\/22922\/revisions"}],"predecessor-version":[{"id":22926,"href":"https:\/\/www.porlalibreedomex.com\/index.php?rest_route=\/wp\/v2\/posts\/22922\/revisions\/22926"}],"wp:featuredmedia":[{"embeddable":true,"href":"https:\/\/www.porlalibreedomex.com\/index.php?rest_route=\/wp\/v2\/media\/22923"}],"wp:attachment":[{"href":"https:\/\/www.porlalibreedomex.com\/index.php?rest_route=%2Fwp%2Fv2%2Fmedia&parent=22922"}],"wp:term":[{"taxonomy":"category","embeddable":true,"href":"https:\/\/www.porlalibreedomex.com\/index.php?rest_route=%2Fwp%2Fv2%2Fcategories&post=22922"},{"taxonomy":"post_tag","embeddable":true,"href":"https:\/\/www.porlalibreedomex.com\/index.php?rest_route=%2Fwp%2Fv2%2Ftags&post=22922"}],"curies":[{"name":"wp","href":"https:\/\/api.w.org\/{rel}","templated":true}]}}