{"id":22554,"date":"2018-04-22T12:30:30","date_gmt":"2018-04-22T17:30:30","guid":{"rendered":"http:\/\/www.porlalibreedomex.com\/?p=22554"},"modified":"2018-04-22T12:30:30","modified_gmt":"2018-04-22T17:30:30","slug":"participan-artistas-de-metepec-en-festival-internacional-del-caribe","status":"publish","type":"post","link":"https:\/\/www.porlalibreedomex.com\/?p=22554","title":{"rendered":"PARTICIPAN ARTISTAS DE METEPEC EN FESTIVAL INTERNACIONAL DEL CARIBE"},"content":{"rendered":"<p class=\"m_-7990089455676534974yiv7972212563ydp3bc298eyiv9193610928msonormal\" align=\"center\">\n<p class=\"m_-7990089455676534974yiv7972212563ydp3bc298eyiv9193610928msonormal\">\u00b7\u00a0\u00a0\u00a0\u00a0\u00a0\u00a0\u00a0\u00a0<em>Encanta Metepec al pueblo cubano con expresiones art\u00edsticas y culturales.<\/em><\/p>\n<p class=\"m_-7990089455676534974yiv7972212563ydp3bc298eyiv9193610928msonormal\"><strong>\u00a0<\/strong><\/p>\n<p class=\"m_-7990089455676534974yiv7972212563ydp3bc298eyiv9193610928msonormal\"><strong>Pueblo M\u00e1gico de Metepec, M\u00e9xico; 22 de abril de 2018.<\/strong>\u00a0Derivado del Plan Anual de Trabajo\u00a0 firmado hace unos d\u00edas entre el gobierno municipal de Metepec y la Casa del Caribe de Santiago de Cuba, artistas de la demarcaci\u00f3n mexiquense participar\u00e1n en el XXXVIII Festival Internacional del Caribe, que se realizar\u00e1 del 3 al 9 de julio, donde promover\u00e1n aspectos culturales representativos del municipio.<\/p>\n<p class=\"m_-7990089455676534974yiv7972212563ydp3bc298eyiv9193610928msonormal\"><a href=\"http:\/\/www.porlalibreedomex.com\/wp-content\/uploads\/2018\/04\/METEPEC-Conoce-Metepec.jpg\"><br \/>\n<\/a> <a href=\"http:\/\/www.porlalibreedomex.com\/wp-content\/uploads\/2018\/04\/Metepec-Artistas-al-Festival-Internacional-del-CARIBE.jpg\"><img loading=\"lazy\" decoding=\"async\" class=\"aligncenter size-large wp-image-22558\" src=\"http:\/\/www.porlalibreedomex.com\/wp-content\/uploads\/2018\/04\/Metepec-Artistas-al-Festival-Internacional-del-CARIBE.jpg\" alt=\"\" width=\"800\" height=\"533\" srcset=\"https:\/\/www.porlalibreedomex.com\/wp-content\/uploads\/2018\/04\/Metepec-Artistas-al-Festival-Internacional-del-CARIBE.jpg 800w, https:\/\/www.porlalibreedomex.com\/wp-content\/uploads\/2018\/04\/Metepec-Artistas-al-Festival-Internacional-del-CARIBE-300x200.jpg 300w, https:\/\/www.porlalibreedomex.com\/wp-content\/uploads\/2018\/04\/Metepec-Artistas-al-Festival-Internacional-del-CARIBE-768x512.jpg 768w\" sizes=\"auto, (max-width: 800px) 100vw, 800px\" \/><\/a> <a href=\"http:\/\/www.porlalibreedomex.com\/wp-content\/uploads\/2018\/04\/Metepec-Sal\u00f3n-de-Cabildos.jpg\"><br \/>\n<\/a>\u00a0\u00a0\u00a0\u00a0\u00a0\u00a0\u00a0\u00a0\u00a0\u00a0\u00a0\u00a0En el acto celebrado en el sal\u00f3n de cabildos en esta ciudad donde fue signado el acuerdo con la representante de la Casa del Caribe en M\u00e9xico, Victoria James P\u00e9rez, el presidente municipal de Metepec, resalt\u00f3 que el objetivo de concretar estas acciones es \u00a0dar a conocer la vasta cultura y el valor hist\u00f3rico del Pueblo M\u00e1gico en Latinoam\u00e9rica, as\u00ed como sus expresiones art\u00edsticas como los \u00e1rboles de la vida y sus tradiciones.<a href=\"http:\/\/www.porlalibreedomex.com\/wp-content\/uploads\/2018\/04\/Metepec-Sal\u00f3n-de-Cabildos.jpg\"><img loading=\"lazy\" decoding=\"async\" class=\"aligncenter size-full wp-image-22559\" src=\"http:\/\/www.porlalibreedomex.com\/wp-content\/uploads\/2018\/04\/Metepec-Sal\u00f3n-de-Cabildos.jpg\" alt=\"\" width=\"587\" height=\"295\" srcset=\"https:\/\/www.porlalibreedomex.com\/wp-content\/uploads\/2018\/04\/Metepec-Sal\u00f3n-de-Cabildos.jpg 587w, https:\/\/www.porlalibreedomex.com\/wp-content\/uploads\/2018\/04\/Metepec-Sal\u00f3n-de-Cabildos-300x151.jpg 300w\" sizes=\"auto, (max-width: 587px) 100vw, 587px\" \/><\/a><\/p>\n<p class=\"m_-7990089455676534974yiv7972212563ydp3bc298eyiv9193610928msonormal\">\u00a0\u00a0\u00a0\u00a0\u00a0\u00a0\u00a0\u00a0\u00a0\u00a0\u00a0\u00a0Resalt\u00f3 que a trav\u00e9s de la firma del Plan Anual de Trabajo se fortaleci\u00f3 la hermandad que existe entre los gobiernos de Metepec y Santiago de Cuba, adem\u00e1s de reafirmar los lazos culturales, hist\u00f3ricos y sociales que unen al pueblo cubano con el de nuestro pa\u00eds.<\/p>\n<p class=\"m_-7990089455676534974yiv7972212563ydp3bc298eyiv9193610928msonormal\">\u00a0\u00a0\u00a0\u00a0\u00a0\u00a0\u00a0\u00a0\u00a0\u00a0\u00a0\u00a0Algunos de los ejes de trabajo contemplados en el plan fueron: la participaci\u00f3n de una delegaci\u00f3n de Metepec en el\u00a0<em>11\u00b0 Coloquio Joel James in Memoriam,\u00a0<\/em>donde se develar\u00e1 un \u00c1rbol de la Vida elaborado por el maestro artesano Cecilio S\u00e1nchez Fierro; difusi\u00f3n del trabajo artesanal de Metepec reconocido a nivel nacional e internacional mediante reportajes publicados en la Revista del Caribe y la presencia de una representaci\u00f3n cubana en la Feria de San Isidro 2018 y la vig\u00e9sima octava edici\u00f3n del Festival Internacional de Arte y Cultura Quimera, a celebrarse en el mes de octubre.<\/p>\n","protected":false},"excerpt":{"rendered":"<p>\u00b7\u00a0\u00a0\u00a0\u00a0\u00a0\u00a0\u00a0\u00a0Encanta Metepec al pueblo cubano con expresiones art\u00edsticas y culturales. \u00a0 Pueblo M\u00e1gico de Metepec, M\u00e9xico; 22 de abril de 2018.\u00a0Derivado del Plan Anual de Trabajo\u00a0 firmado hace unos d\u00edas entre el gobierno municipal de Metepec y la Casa del Caribe de Santiago de Cuba, artistas de la demarcaci\u00f3n mexiquense participar\u00e1n en el XXXVIII Festival [&hellip;]<\/p>\n","protected":false},"author":3,"featured_media":22555,"comment_status":"open","ping_status":"open","sticky":false,"template":"","format":"standard","meta":{"footnotes":""},"categories":[9873,16],"tags":[10924,2806,10925],"class_list":{"0":"post-22554","1":"post","2":"type-post","3":"status-publish","4":"format-standard","5":"has-post-thumbnail","7":"category-cultura","8":"category-foto","9":"tag-artistas-de-metepec","10":"tag-david-lopez-cardenas","11":"tag-festival-internacional-de-musica-del-caribe"},"wps_subtitle":"","_links":{"self":[{"href":"https:\/\/www.porlalibreedomex.com\/index.php?rest_route=\/wp\/v2\/posts\/22554","targetHints":{"allow":["GET"]}}],"collection":[{"href":"https:\/\/www.porlalibreedomex.com\/index.php?rest_route=\/wp\/v2\/posts"}],"about":[{"href":"https:\/\/www.porlalibreedomex.com\/index.php?rest_route=\/wp\/v2\/types\/post"}],"author":[{"embeddable":true,"href":"https:\/\/www.porlalibreedomex.com\/index.php?rest_route=\/wp\/v2\/users\/3"}],"replies":[{"embeddable":true,"href":"https:\/\/www.porlalibreedomex.com\/index.php?rest_route=%2Fwp%2Fv2%2Fcomments&post=22554"}],"version-history":[{"count":1,"href":"https:\/\/www.porlalibreedomex.com\/index.php?rest_route=\/wp\/v2\/posts\/22554\/revisions"}],"predecessor-version":[{"id":22560,"href":"https:\/\/www.porlalibreedomex.com\/index.php?rest_route=\/wp\/v2\/posts\/22554\/revisions\/22560"}],"wp:featuredmedia":[{"embeddable":true,"href":"https:\/\/www.porlalibreedomex.com\/index.php?rest_route=\/wp\/v2\/media\/22555"}],"wp:attachment":[{"href":"https:\/\/www.porlalibreedomex.com\/index.php?rest_route=%2Fwp%2Fv2%2Fmedia&parent=22554"}],"wp:term":[{"taxonomy":"category","embeddable":true,"href":"https:\/\/www.porlalibreedomex.com\/index.php?rest_route=%2Fwp%2Fv2%2Fcategories&post=22554"},{"taxonomy":"post_tag","embeddable":true,"href":"https:\/\/www.porlalibreedomex.com\/index.php?rest_route=%2Fwp%2Fv2%2Ftags&post=22554"}],"curies":[{"name":"wp","href":"https:\/\/api.w.org\/{rel}","templated":true}]}}