{"id":22473,"date":"2018-04-16T00:24:41","date_gmt":"2018-04-16T05:24:41","guid":{"rendered":"http:\/\/www.porlalibreedomex.com\/?p=22473"},"modified":"2018-04-18T01:03:33","modified_gmt":"2018-04-18T06:03:33","slug":"proponen-aplicar-teconologia-para-monitorear-cauce-del-rio-lerma","status":"publish","type":"post","link":"https:\/\/www.porlalibreedomex.com\/?p=22473","title":{"rendered":"PROPONEN APLICAR TECNOLOG\u00cdA PARA  MONITOREAR CAUCE DEL R\u00cdO LERMA"},"content":{"rendered":"<ul>\n<li class=\"m_7541956419459577655ydp704edeb1MsoNormal\">\u00a0<i>El objetivo es identificar de forma eficiente las problem\u00e1ticas que afectan el caudal del r\u00edo y dise\u00f1ar acciones para atenderlas de manera conjunta: Metepec<\/i><\/li>\n<\/ul>\n<p class=\"m_7541956419459577655ydp704edeb1MsoNormal\"><b>Pueblo M\u00e1gico de Metepec, M\u00e9xico; 16 de abril de 2018<\/b>. \u00a0A fin de monitorear peri\u00f3dicamente los cauces que confluyen hacia el Rio Lerma e identificar problem\u00e1ticas para atenderlas mediante acciones conjuntas, el municipio de Metepec hizo un llamado a los 10 ayuntamientos que integran la Subcuenca para signar un convenio que permita la utilizaci\u00f3n de drones, tal y como o efect\u00faa dicha demarcaci\u00f3n.<\/p>\n<p class=\"m_7541956419459577655ydp704edeb1MsoNormal\">Durante la sexta Sesi\u00f3n de la Comisi\u00f3n del Consejo de la Subcuenca Metropolitana del R\u00edo Lerma, trascendi\u00f3 que la administraci\u00f3n de Metepec ha monitoreado mediante sobrevuelos el cauce del R\u00edo Arenal, lo cual ha permitido tener un panorama m\u00e1s amplio del trayecto de este afluente, logrando atender de forma eficiente las problem\u00e1ticas que han sido identificadas.<\/p>\n<p class=\"m_7541956419459577655ydp704edeb1MsoNormal\">Autoridades municipales destacaron la importancia de trabajar conjuntamente con las dependencias del gobierno estatal y federal, as\u00ed como fortalecer las acciones en materia de saneamiento y tambi\u00e9n impulsar a la sociedad a cumplir con las normas en materia de medio ambiente, con el objetivo de consolidar un mejor futuro para las pr\u00f3ximas generaciones.<\/p>\n<p class=\"m_7541956419459577655ydp704edeb1MsoNormal\">Los representantes de los diferentes ayuntamientos y de las dependencias de gobierno, coincidieron en redoblar esfuerzos para integrar los diferentes planes h\u00eddricos municipales, adem\u00e1s de consensuar el reglamento para las descargas de aguas residuales a los sistemas de alcantarillados locales y se logr\u00f3 que la sociedad civil se integrara a los trabajos que emprende Consejo de la Subcuenca Metropolitana del R\u00edo Lerma para el rescate de los suelos y bosques de la cuenca.<\/p>\n","protected":false},"excerpt":{"rendered":"<p>\u00a0El objetivo es identificar de forma eficiente las problem\u00e1ticas que afectan el caudal del r\u00edo y dise\u00f1ar acciones para atenderlas de manera conjunta: Metepec Pueblo M\u00e1gico de Metepec, M\u00e9xico; 16 de abril de 2018. \u00a0A fin de monitorear peri\u00f3dicamente los cauces que confluyen hacia el Rio Lerma e identificar problem\u00e1ticas para atenderlas mediante acciones conjuntas, [&hellip;]<\/p>\n","protected":false},"author":3,"featured_media":22474,"comment_status":"open","ping_status":"open","sticky":false,"template":"","format":"standard","meta":{"footnotes":""},"categories":[16,9207,5],"tags":[4,10888,10889,6499,10887],"class_list":{"0":"post-22473","1":"post","2":"type-post","3":"status-publish","4":"format-standard","5":"has-post-thumbnail","7":"category-foto","8":"category-medio-ambiente","9":"category-nota-informativa","10":"tag-metepec","11":"tag-monitoreo-rio-lerma","12":"tag-planes-hidricos-municipales","13":"tag-prevenir-inundaciones","14":"tag-subcuenca-metropolitana-del-rio-lerma"},"wps_subtitle":"Labor preventiva ante la pr\u00f3xima llegada de las lluvias","_links":{"self":[{"href":"https:\/\/www.porlalibreedomex.com\/index.php?rest_route=\/wp\/v2\/posts\/22473","targetHints":{"allow":["GET"]}}],"collection":[{"href":"https:\/\/www.porlalibreedomex.com\/index.php?rest_route=\/wp\/v2\/posts"}],"about":[{"href":"https:\/\/www.porlalibreedomex.com\/index.php?rest_route=\/wp\/v2\/types\/post"}],"author":[{"embeddable":true,"href":"https:\/\/www.porlalibreedomex.com\/index.php?rest_route=\/wp\/v2\/users\/3"}],"replies":[{"embeddable":true,"href":"https:\/\/www.porlalibreedomex.com\/index.php?rest_route=%2Fwp%2Fv2%2Fcomments&post=22473"}],"version-history":[{"count":3,"href":"https:\/\/www.porlalibreedomex.com\/index.php?rest_route=\/wp\/v2\/posts\/22473\/revisions"}],"predecessor-version":[{"id":22492,"href":"https:\/\/www.porlalibreedomex.com\/index.php?rest_route=\/wp\/v2\/posts\/22473\/revisions\/22492"}],"wp:featuredmedia":[{"embeddable":true,"href":"https:\/\/www.porlalibreedomex.com\/index.php?rest_route=\/wp\/v2\/media\/22474"}],"wp:attachment":[{"href":"https:\/\/www.porlalibreedomex.com\/index.php?rest_route=%2Fwp%2Fv2%2Fmedia&parent=22473"}],"wp:term":[{"taxonomy":"category","embeddable":true,"href":"https:\/\/www.porlalibreedomex.com\/index.php?rest_route=%2Fwp%2Fv2%2Fcategories&post=22473"},{"taxonomy":"post_tag","embeddable":true,"href":"https:\/\/www.porlalibreedomex.com\/index.php?rest_route=%2Fwp%2Fv2%2Ftags&post=22473"}],"curies":[{"name":"wp","href":"https:\/\/api.w.org\/{rel}","templated":true}]}}