{"id":22465,"date":"2018-04-16T00:00:42","date_gmt":"2018-04-16T05:00:42","guid":{"rendered":"http:\/\/www.porlalibreedomex.com\/?p=22465"},"modified":"2018-04-17T00:01:14","modified_gmt":"2018-04-17T05:01:14","slug":"apegados-a-la-ley-y-a-nuestros-documentos-basicos-hemos-elegido-a-los-mejores-perfiles-ernesto-nemer","status":"publish","type":"post","link":"https:\/\/www.porlalibreedomex.com\/?p=22465","title":{"rendered":"APEGADOS A LA LEY Y A NUESTROS DOCUMENTOS B\u00c1SICOS, HEMOS ELEGIDO A LOS MEJORES PERFILES: ERNESTO NEMER"},"content":{"rendered":"<ul>\n<li class=\"m_8601688222469388198gmail-MsoNoSpacing\">\u00a0<i>Aprueba Comisi\u00f3n Pol\u00edtica Permanente del Consejo Pol\u00edtico Estatal del PRI, listado de candidatos a Diputados Locales, Presidentes Municipales, S\u00edndicos y Regidores\u00a0<\/i><\/li>\n<\/ul>\n<p class=\"m_8601688222469388198gmail-MsoNoSpacing\"><b>\u00a0<\/b><\/p>\n<p class=\"m_8601688222469388198gmail-MsoNoSpacing\"><b>Toluca, M\u00e9xico, 16 de abril de 2018.-\u00a0<\/b>Apegados a la ley y con respeto a nuestros Documentos B\u00e1sicos, hemos elegido a los mejores perfiles con los que el PRI del Estado de M\u00e9xico<b>\u00a0<\/b>lograr\u00e1 el triunfo del pr\u00f3ximo primero de julio, asegur\u00f3 Ernesto Nemer Alvarez, Presidente del Comit\u00e9 Directivo Estatal, al encabezar la XIII Sesi\u00f3n Ordinaria de la Comisi\u00f3n Pol\u00edtica Permanente del Consejo Pol\u00edtico Estatal.<\/p>\n<p class=\"m_8601688222469388198gmail-MsoNoSpacing\">\u00a0Dijo que resultado de un proceso de selecci\u00f3n incluyente y con transparencia, es, e organismo aprob\u00f3 el listado de candidatos a Diputados Locales propietarios y suplentes por el principio de representaci\u00f3n proporcional; de Diputados Locales suplentes por el principio de mayor\u00eda relativa; y de Presidentes Municipales, S\u00edndicos y Regidores suplentes que competir\u00e1n en el proceso electoral 2017-2018.<\/p>\n<p class=\"m_8601688222469388198gmail-MsoNoSpacing\">\u00a0Durante esta reuni\u00f3n, Nemer Alvarez, afirm\u00f3 que el Partido Revolucionario Institucional ha sido cuidadoso en seleccionar a sus candidatos para que cuenten con los mejores perfiles a nivel profesional y personal, pero, adem\u00e1s, cumplan con los requisitos necesarios para abanderar al partido en la pr\u00f3xima jornada electoral.<\/p>\n<p class=\"m_8601688222469388198gmail-MsoNoSpacing\"><b>\u00a0<\/b>El dirigente estatal adelant\u00f3 que el PRI mexiquense cumplir\u00e1 en la integraci\u00f3n de sus candidaturas con los bloques de competitividad, la paridad de g\u00e9nero y el porcentaje de participaci\u00f3n de los j\u00f3venes que exigen tanto las autoridades electorales como los documentos b\u00e1sicos del Partido.<\/p>\n<p class=\"m_8601688222469388198gmail-MsoNoSpacing\">\u00a0Dejaremos en claro, puntualiz\u00f3, que el PRI es un Instituto totalmente respetuoso de las disposiciones legales y que basa siempre su actuar dentro del Estado de Derecho.<\/p>\n<p class=\"m_8601688222469388198gmail-MsoNoSpacing\">\u00a0Este lunes, al cumplirse el t\u00e9rmino para el registro de todos los aspirantes a cargos de elecci\u00f3n popular ante el Instituto Electoral del Estado de M\u00e9xico (IEEM), el PRI concluy\u00f3 en su totalidad la entrega de documentos de los candidatos a diputados por ambos principios, as\u00ed como de los integrantes de los Ayuntamientos.<\/p>\n<p class=\"m_8601688222469388198gmail-MsoNoSpacing\">\u00a0Durante el evento estuvieron presentes el Delegado General del Comit\u00e9 Ejecutivo Nacional del PRI, Jorge Rojo Garc\u00eda de Alba; el coordinador de los diputados del PRI en el Congreso mexiquense, Miguel S\u00e1mano Peralta, as\u00ed como Luis Alfonso Arana Castro, Secretario T\u00e9cnico de la Comisi\u00f3n Pol\u00edtica Permanente; Arturo Ugalde Meneses, Coordinador Estatal de Procesos Internos, entre otros.<\/p>\n","protected":false},"excerpt":{"rendered":"<p>\u00a0Aprueba Comisi\u00f3n Pol\u00edtica Permanente del Consejo Pol\u00edtico Estatal del PRI, listado de candidatos a Diputados Locales, Presidentes Municipales, S\u00edndicos y Regidores\u00a0 \u00a0 Toluca, M\u00e9xico, 16 de abril de 2018.-\u00a0Apegados a la ley y con respeto a nuestros Documentos B\u00e1sicos, hemos elegido a los mejores perfiles con los que el PRI del Estado de M\u00e9xico\u00a0lograr\u00e1 el [&hellip;]<\/p>\n","protected":false},"author":3,"featured_media":22466,"comment_status":"open","ping_status":"open","sticky":false,"template":"","format":"standard","meta":{"footnotes":""},"categories":[9157,16,9150],"tags":[10882,10234,3395,10881],"class_list":{"0":"post-22465","1":"post","2":"type-post","3":"status-publish","4":"format-standard","5":"has-post-thumbnail","7":"category-edomex","8":"category-foto","9":"category-politica","10":"tag-armando-neyra-chavez","11":"tag-consejo-politico-del-pri","12":"tag-ernesto-nemer-alvarez","13":"tag-lista-de-candidatos-del-pri"},"wps_subtitle":"Listas las listas...","_links":{"self":[{"href":"https:\/\/www.porlalibreedomex.com\/index.php?rest_route=\/wp\/v2\/posts\/22465","targetHints":{"allow":["GET"]}}],"collection":[{"href":"https:\/\/www.porlalibreedomex.com\/index.php?rest_route=\/wp\/v2\/posts"}],"about":[{"href":"https:\/\/www.porlalibreedomex.com\/index.php?rest_route=\/wp\/v2\/types\/post"}],"author":[{"embeddable":true,"href":"https:\/\/www.porlalibreedomex.com\/index.php?rest_route=\/wp\/v2\/users\/3"}],"replies":[{"embeddable":true,"href":"https:\/\/www.porlalibreedomex.com\/index.php?rest_route=%2Fwp%2Fv2%2Fcomments&post=22465"}],"version-history":[{"count":2,"href":"https:\/\/www.porlalibreedomex.com\/index.php?rest_route=\/wp\/v2\/posts\/22465\/revisions"}],"predecessor-version":[{"id":22468,"href":"https:\/\/www.porlalibreedomex.com\/index.php?rest_route=\/wp\/v2\/posts\/22465\/revisions\/22468"}],"wp:featuredmedia":[{"embeddable":true,"href":"https:\/\/www.porlalibreedomex.com\/index.php?rest_route=\/wp\/v2\/media\/22466"}],"wp:attachment":[{"href":"https:\/\/www.porlalibreedomex.com\/index.php?rest_route=%2Fwp%2Fv2%2Fmedia&parent=22465"}],"wp:term":[{"taxonomy":"category","embeddable":true,"href":"https:\/\/www.porlalibreedomex.com\/index.php?rest_route=%2Fwp%2Fv2%2Fcategories&post=22465"},{"taxonomy":"post_tag","embeddable":true,"href":"https:\/\/www.porlalibreedomex.com\/index.php?rest_route=%2Fwp%2Fv2%2Ftags&post=22465"}],"curies":[{"name":"wp","href":"https:\/\/api.w.org\/{rel}","templated":true}]}}