{"id":22452,"date":"2018-04-15T00:51:09","date_gmt":"2018-04-15T05:51:09","guid":{"rendered":"http:\/\/www.porlalibreedomex.com\/?p=22452"},"modified":"2018-04-16T01:09:57","modified_gmt":"2018-04-16T06:09:57","slug":"impulsaremos-dos-trenes-suburbanos-en-el-oriente-de-la-entidad-alejandra-del-moral","status":"publish","type":"post","link":"https:\/\/www.porlalibreedomex.com\/?p=22452","title":{"rendered":"IMPULSAREMOS DOS TRENES SUBURBANOS EN EL ORIENTE DE LA ENTIDAD: ALEJANDRA DEL MORAL"},"content":{"rendered":"<p style=\"font-weight: 400;\"><strong>Los Reyes la Paz, Estado de M\u00e9xico, 15 de abril de 2018<\/strong>.- Vamos a trabajar para que en el oriente de la entidad haya mejor movilidad, que los mexiquenses ahorren tiempo en trasladarse de sus casas al trabajo o a la escuela, con la creaci\u00f3n de dos\u00a0\u00a0trenes suburbanos uno de Tec\u00e1mac a Indios Verdes y el otro de La Paz a Pantitl\u00e1n, afirm\u00f3 Alejandra Del Moral Vela, candidata al Senado por la coalici\u00f3n PRI, PVEM y Nueva Alianza.<\/p>\n<p style=\"font-weight: 400;\">Durante su gira de trabaja en los municipios de Chicoloapan, La Paz y Nezahualc\u00f3yotl, la candidata al Senado reiter\u00f3 que las mujeres merecen m\u00e1s y mejores oportunidades para salir adelante, para tener una vida libre de violencia, que se les reconozcan sus derechos y se comprometi\u00f3 a lograrlo desde la c\u00e1mara alta.<a href=\"http:\/\/www.porlalibreedomex.com\/wp-content\/uploads\/2018\/04\/IMG-20180415-WA0016.jpg\"><img loading=\"lazy\" decoding=\"async\" class=\"aligncenter size-large wp-image-22455\" src=\"http:\/\/www.porlalibreedomex.com\/wp-content\/uploads\/2018\/04\/IMG-20180415-WA0016-1024x682.jpg\" alt=\"\" width=\"800\" height=\"533\" srcset=\"https:\/\/www.porlalibreedomex.com\/wp-content\/uploads\/2018\/04\/IMG-20180415-WA0016-1024x682.jpg 1024w, https:\/\/www.porlalibreedomex.com\/wp-content\/uploads\/2018\/04\/IMG-20180415-WA0016-300x200.jpg 300w, https:\/\/www.porlalibreedomex.com\/wp-content\/uploads\/2018\/04\/IMG-20180415-WA0016-768x511.jpg 768w, https:\/\/www.porlalibreedomex.com\/wp-content\/uploads\/2018\/04\/IMG-20180415-WA0016.jpg 1280w\" sizes=\"auto, (max-width: 800px) 100vw, 800px\" \/><\/a><\/p>\n<p style=\"font-weight: 400;\">En La Paz, acompa\u00f1ada por Francisco Mej\u00eda Gonz\u00e1lez candidato a Diputado Federal por el distrito 39, Del Moral Vela, refiri\u00f3 que las elecciones se ganan con las mejores propuestas con aquellas que dan soluci\u00f3n a los problemas de la gente, por eso pidi\u00f3 a los mexiquenses que este 1 de julio voten por los candidatos de la coalici\u00f3n Todos por M\u00e9xico.<\/p>\n<p style=\"font-weight: 400;\">Reafirm\u00f3 que Jos\u00e9 Antonio Meade, cuenta con las mejores propuestas para dar estabilidad y crecimiento a M\u00e9xico, est\u00e1 comprometido con las mujeres, la educaci\u00f3n, los j\u00f3venes, la salud, los ni\u00f1os, la seguridad, y propone el programa Avanzar Contigo que brindar\u00e1 apoyos a los ciudadanos de acuerdo a sus necesidades, adem\u00e1s de contar con la experiencia necesaria para gobernar un pa\u00eds.<\/p>\n<figure id=\"attachment_22454\" aria-describedby=\"caption-attachment-22454\" style=\"width: 800px\" class=\"wp-caption aligncenter\"><a href=\"http:\/\/www.porlalibreedomex.com\/wp-content\/uploads\/2018\/04\/IMG-20180415-WA0006.jpg\"><img loading=\"lazy\" decoding=\"async\" class=\"size-large wp-image-22454\" src=\"http:\/\/www.porlalibreedomex.com\/wp-content\/uploads\/2018\/04\/IMG-20180415-WA0006-1024x682.jpg\" alt=\"\" width=\"800\" height=\"533\" srcset=\"https:\/\/www.porlalibreedomex.com\/wp-content\/uploads\/2018\/04\/IMG-20180415-WA0006-1024x682.jpg 1024w, https:\/\/www.porlalibreedomex.com\/wp-content\/uploads\/2018\/04\/IMG-20180415-WA0006-300x200.jpg 300w, https:\/\/www.porlalibreedomex.com\/wp-content\/uploads\/2018\/04\/IMG-20180415-WA0006-768x511.jpg 768w, https:\/\/www.porlalibreedomex.com\/wp-content\/uploads\/2018\/04\/IMG-20180415-WA0006.jpg 1280w\" sizes=\"auto, (max-width: 800px) 100vw, 800px\" \/><\/a><figcaption id=\"caption-attachment-22454\" class=\"wp-caption-text\">LA SEGURIDA DE QUE SE RETRATAN CON LA CANDIDATA GANADORA<\/figcaption><\/figure>\n<p style=\"font-weight: 400;\">Ante m\u00e1s de 2 mil asistentes Francisco Mej\u00eda Gonz\u00e1lez, dijo que Alejandra Del Moral, es una mujer que sabe legislar, una servidora p\u00fablica que trabaja siempre en favor de la gente y tiene un compromiso para lograr que al Estado de M\u00e9xico le vaya mejor.<\/p>\n<p style=\"font-weight: 400;\">En Nezahualc\u00f3yotl Alejandra Del Moral, asever\u00f3 que es momento de recuperar la paz y tranquilidad de este municipio, exhort\u00f3 a la militancia priista a trabajar en unidad, con inclusi\u00f3n y respeto, no caer en provocaciones y lograr el triunfo con ideas claras, con las mejores ofertas pol\u00edticas para los mexiquenses.<\/p>\n","protected":false},"excerpt":{"rendered":"<p>Los Reyes la Paz, Estado de M\u00e9xico, 15 de abril de 2018.- Vamos a trabajar para que en el oriente de la entidad haya mejor movilidad, que los mexiquenses ahorren tiempo en trasladarse de sus casas al trabajo o a la escuela, con la creaci\u00f3n de dos\u00a0\u00a0trenes suburbanos uno de Tec\u00e1mac a Indios Verdes y [&hellip;]<\/p>\n","protected":false},"author":3,"featured_media":22453,"comment_status":"open","ping_status":"open","sticky":false,"template":"","format":"standard","meta":{"footnotes":""},"categories":[9157,16,9150],"tags":[7844,10873,10874,10871,10872],"class_list":{"0":"post-22452","1":"post","2":"type-post","3":"status-publish","4":"format-standard","5":"has-post-thumbnail","7":"category-edomex","8":"category-foto","9":"category-politica","10":"tag-alejandra-del-moral","11":"tag-cd-nezahualcoyotl","12":"tag-los-reyes-la-paz","13":"tag-mejores-propuestas","14":"tag-paco-mejia"},"wps_subtitle":"Estas elecciones las ganar\u00e1n las mejores propuestas, acota...","_links":{"self":[{"href":"https:\/\/www.porlalibreedomex.com\/index.php?rest_route=\/wp\/v2\/posts\/22452","targetHints":{"allow":["GET"]}}],"collection":[{"href":"https:\/\/www.porlalibreedomex.com\/index.php?rest_route=\/wp\/v2\/posts"}],"about":[{"href":"https:\/\/www.porlalibreedomex.com\/index.php?rest_route=\/wp\/v2\/types\/post"}],"author":[{"embeddable":true,"href":"https:\/\/www.porlalibreedomex.com\/index.php?rest_route=\/wp\/v2\/users\/3"}],"replies":[{"embeddable":true,"href":"https:\/\/www.porlalibreedomex.com\/index.php?rest_route=%2Fwp%2Fv2%2Fcomments&post=22452"}],"version-history":[{"count":2,"href":"https:\/\/www.porlalibreedomex.com\/index.php?rest_route=\/wp\/v2\/posts\/22452\/revisions"}],"predecessor-version":[{"id":22457,"href":"https:\/\/www.porlalibreedomex.com\/index.php?rest_route=\/wp\/v2\/posts\/22452\/revisions\/22457"}],"wp:featuredmedia":[{"embeddable":true,"href":"https:\/\/www.porlalibreedomex.com\/index.php?rest_route=\/wp\/v2\/media\/22453"}],"wp:attachment":[{"href":"https:\/\/www.porlalibreedomex.com\/index.php?rest_route=%2Fwp%2Fv2%2Fmedia&parent=22452"}],"wp:term":[{"taxonomy":"category","embeddable":true,"href":"https:\/\/www.porlalibreedomex.com\/index.php?rest_route=%2Fwp%2Fv2%2Fcategories&post=22452"},{"taxonomy":"post_tag","embeddable":true,"href":"https:\/\/www.porlalibreedomex.com\/index.php?rest_route=%2Fwp%2Fv2%2Ftags&post=22452"}],"curies":[{"name":"wp","href":"https:\/\/api.w.org\/{rel}","templated":true}]}}