{"id":22223,"date":"2018-03-28T02:53:10","date_gmt":"2018-03-28T08:53:10","guid":{"rendered":"http:\/\/www.porlalibreedomex.com\/?p=22223"},"modified":"2018-03-29T02:53:34","modified_gmt":"2018-03-29T08:53:34","slug":"metepec-listo-para-representaciones-de-semana-santa","status":"publish","type":"post","link":"https:\/\/www.porlalibreedomex.com\/?p=22223","title":{"rendered":"METEPEC LISTO PARA REPRESENTACIONES DE SEMANA SANTA"},"content":{"rendered":"<div><\/div>\n<ul>\n<li class=\"m_-1731872786344095142null\"><strong><em><em>La Representaci\u00f3n de Muerte y Pasi\u00f3n de Cristo cumple 50 a\u00f1os.<\/em><\/em><\/strong><\/li>\n<li class=\"m_-1731872786344095142null\"><strong><em><em>El viernes 30 de marzo, a partir de las 12:00 horas, habr\u00e1 cortes a la circulaci\u00f3n.<br \/>\n<\/em><\/em><\/strong><\/li>\n<\/ul>\n<h3 class=\"m_-1731872786344095142null\"><strong>Pueblo M\u00e1gico de Metepec, M\u00e9xico; 28 de marzo de 2018.\u00a0<\/strong>Con motivo de la celebraci\u00f3n de Semana Santa, el municipio de Metepec se encuentra listo para llevar a cabo las representaciones alusivas a esta conmemoraci\u00f3n religiosa, como la \u00daltima Cena, la Muerte y Pasi\u00f3n de Cristo, as\u00ed como la Procesi\u00f3n del Silencio, entre otras.<\/h3>\n<p>En la Plaza Benito Ju\u00e1rez y en las Escalinatas del Calvario, solo se afinan detalles de los escenarios donde se realizar\u00e1n dos de los principales eventos, en los cuales se espera el arribo de una importante cantidad de gente, por lo que la Direcci\u00f3n de Seguridad P\u00fablica y Transito, adem\u00e1s de la Coordinaci\u00f3n de Protecci\u00f3n Civil y Bomberos del municipio, desplegar\u00e1n operativos para asegurarse que las actividades se realicen en un ambiente familiar.<br \/>\nEl viernes 30 de marzo, a partir de las 12:00 horas, habr\u00e1 cortes a la circulaci\u00f3n vial en las calles que conforman el primer cuadro del Pueblo M\u00e1gico como: Paseo de San Isidro, Jos\u00e9 Vicente Villada, 5 de Mayo, avenida Estado de M\u00e9xico y Miguel Hidalgo, donde se desarrollar\u00e1n los recorridos correspondientes la Procesi\u00f3n del Silencio y \u00a0a la representaci\u00f3n de la Muerte y Pasi\u00f3n de Cristo, que este a\u00f1o cumple su 50 aniversario, posicion\u00e1ndose como una de las de mayor tradici\u00f3n en el Valle de Toluca.<\/p>\n<p>El Gobierno Municipal de Metepec recomienda a quienes asistir\u00e1n a alguna de estas actividades a utilizar ropa ligera, sombreros o gorras, bloqueador solar y beber l\u00edquidos en abundancia para evitar cualquier afectaci\u00f3n por el clima, ya que para los pr\u00f3ximos d\u00edas se esperan temperaturas que van de los 21 a los 23 grados.<\/p>\n","protected":false},"excerpt":{"rendered":"<p>La Representaci\u00f3n de Muerte y Pasi\u00f3n de Cristo cumple 50 a\u00f1os. El viernes 30 de marzo, a partir de las 12:00 horas, habr\u00e1 cortes a la circulaci\u00f3n. Pueblo M\u00e1gico de Metepec, M\u00e9xico; 28 de marzo de 2018.\u00a0Con motivo de la celebraci\u00f3n de Semana Santa, el municipio de Metepec se encuentra listo para llevar a cabo [&hellip;]<\/p>\n","protected":false},"author":3,"featured_media":22224,"comment_status":"open","ping_status":"open","sticky":false,"template":"","format":"standard","meta":{"footnotes":""},"categories":[16,9147],"tags":[4,10794,10793],"class_list":{"0":"post-22223","1":"post","2":"type-post","3":"status-publish","4":"format-standard","5":"has-post-thumbnail","7":"category-foto","8":"category-turismo","9":"tag-metepec","10":"tag-representacion-de-la-pasion-de-cristo","11":"tag-turismo-en-metepec"},"wps_subtitle":"Se\u00a0espera una importante afluencia de asistentes al Pueblo M\u00e1gico...","_links":{"self":[{"href":"https:\/\/www.porlalibreedomex.com\/index.php?rest_route=\/wp\/v2\/posts\/22223","targetHints":{"allow":["GET"]}}],"collection":[{"href":"https:\/\/www.porlalibreedomex.com\/index.php?rest_route=\/wp\/v2\/posts"}],"about":[{"href":"https:\/\/www.porlalibreedomex.com\/index.php?rest_route=\/wp\/v2\/types\/post"}],"author":[{"embeddable":true,"href":"https:\/\/www.porlalibreedomex.com\/index.php?rest_route=\/wp\/v2\/users\/3"}],"replies":[{"embeddable":true,"href":"https:\/\/www.porlalibreedomex.com\/index.php?rest_route=%2Fwp%2Fv2%2Fcomments&post=22223"}],"version-history":[{"count":2,"href":"https:\/\/www.porlalibreedomex.com\/index.php?rest_route=\/wp\/v2\/posts\/22223\/revisions"}],"predecessor-version":[{"id":22226,"href":"https:\/\/www.porlalibreedomex.com\/index.php?rest_route=\/wp\/v2\/posts\/22223\/revisions\/22226"}],"wp:featuredmedia":[{"embeddable":true,"href":"https:\/\/www.porlalibreedomex.com\/index.php?rest_route=\/wp\/v2\/media\/22224"}],"wp:attachment":[{"href":"https:\/\/www.porlalibreedomex.com\/index.php?rest_route=%2Fwp%2Fv2%2Fmedia&parent=22223"}],"wp:term":[{"taxonomy":"category","embeddable":true,"href":"https:\/\/www.porlalibreedomex.com\/index.php?rest_route=%2Fwp%2Fv2%2Fcategories&post=22223"},{"taxonomy":"post_tag","embeddable":true,"href":"https:\/\/www.porlalibreedomex.com\/index.php?rest_route=%2Fwp%2Fv2%2Ftags&post=22223"}],"curies":[{"name":"wp","href":"https:\/\/api.w.org\/{rel}","templated":true}]}}