{"id":22215,"date":"2018-03-28T01:51:51","date_gmt":"2018-03-28T07:51:51","guid":{"rendered":"http:\/\/www.porlalibreedomex.com\/?p=22215"},"modified":"2018-03-29T02:46:20","modified_gmt":"2018-03-29T08:46:20","slug":"la-pgr-no-tolera-la-tortura-alberto-elias-beltran","status":"publish","type":"post","link":"https:\/\/www.porlalibreedomex.com\/?p=22215","title":{"rendered":"LA PGR NO TOLERA LA TORTURA: ALBERTO EL\u00cdAS BELTR\u00c1N"},"content":{"rendered":"<p><strong><br \/>\n<\/strong><\/p>\n<p>&nbsp;<\/p>\n<ul>\n<li><strong><em>Preside el encargado de la PGR Ceremonia de Premiaci\u00f3n del Concurso de Cartel sobre Prevenci\u00f3n de la Tortura.<\/em><\/strong><\/li>\n<\/ul>\n<p>&nbsp;<\/p>\n<p>\u201cLa PGR no ha tolerado ni tolerar\u00e1 nunca la tortura y est\u00e1 plenamente comprometida con el respeto a la dignidad y a los derechos humanos\u201d; enfatiz\u00f3 Alberto El\u00edas Beltr\u00e1n, Subprocurador Jur\u00eddico y de Asuntos Internacionales, en suplencia del Procurador General de la Rep\u00fablica.<\/p>\n<p><iframe loading=\"lazy\"  id=\"_ytid_41468\"  width=\"696\" height=\"392\"  data-origwidth=\"696\" data-origheight=\"392\" src=\"https:\/\/www.youtube.com\/embed\/cyNjraZj8V8?enablejsapi=1&#038;autoplay=1&#038;cc_load_policy=0&#038;cc_lang_pref=&#038;iv_load_policy=1&#038;loop=0&#038;rel=1&#038;fs=1&#038;playsinline=0&#038;autohide=2&#038;theme=dark&#038;color=red&#038;controls=1&#038;disablekb=0&#038;\" class=\"__youtube_prefs__  epyt-is-override  no-lazyload\" title=\"YouTube player\"  allow=\"fullscreen; accelerometer; autoplay; clipboard-write; encrypted-media; gyroscope; picture-in-picture; web-share\" referrerpolicy=\"strict-origin-when-cross-origin\" allowfullscreen data-no-lazy=\"1\" data-skipgform_ajax_framebjll=\"\"><\/iframe><\/p>\n<p>Durante la Ceremonia de Premiaci\u00f3n del Concurso de cartel sobre Prevenci\u00f3n de la Tortura, el Subprocurador se\u00f1al\u00f3 que la PGR es \u201cuna de las instituciones con el claro mandato constitucional de prevenir, investigar y procurar justicia ante violaciones de derechos humanos\u201d.<\/p>\n<p>En respuesta a la convocatoria realizada por la PGR en coordinaci\u00f3n con Asociaci\u00f3n Nacional de Universidades e Instituciones de Educaci\u00f3n Superior (ANUIES), fueron recibidos 113 proyectos de los cuales tres que desarrollaron una propuesta para prevenir la tortura, fueron reconocidos como ganadores el d\u00eda de hoy.<\/p>\n<p>Al destacar el trabajo de Jos\u00e9 Javier Guti\u00e9rrez Pimentel, Sara Mar\u00eda L\u00f3pez Montalb\u00e1n y Mar\u00eda Fernanda Soto Mej\u00eda, primero, segundo y tercer lugar respectivamente, Alberto El\u00edas Beltr\u00e1n se\u00f1al\u00f3 que \u201cen la PGR queremos ser un referente nacional e internacional en la prevenci\u00f3n y erradicaci\u00f3n de la tortura por lo que se han emprendido m\u00faltiples tareas\u201d.<\/p>\n<p>Asimismo, en la PGR se han impulsado nuevos enfoques en materia de prevenci\u00f3n del delito a trav\u00e9s de programas como Repensar o Prevenci\u00f3n en Acci\u00f3n, con lo que se ha iniciado un proyecto de certificaci\u00f3n y formaci\u00f3n continua, en materia de prevenci\u00f3n y erradicaci\u00f3n de ese delito, con unidades sustantivas de la instituci\u00f3n.<\/p>\n<p><a href=\"http:\/\/www.porlalibreedomex.com\/wp-content\/uploads\/2018\/03\/IMG-20180328-WA0027.jpg\"><img loading=\"lazy\" decoding=\"async\" class=\"alignright size-medium wp-image-22221\" src=\"http:\/\/www.porlalibreedomex.com\/wp-content\/uploads\/2018\/03\/IMG-20180328-WA0027-256x300.jpg\" alt=\"\" width=\"256\" height=\"300\" srcset=\"https:\/\/www.porlalibreedomex.com\/wp-content\/uploads\/2018\/03\/IMG-20180328-WA0027-256x300.jpg 256w, https:\/\/www.porlalibreedomex.com\/wp-content\/uploads\/2018\/03\/IMG-20180328-WA0027-768x899.jpg 768w, https:\/\/www.porlalibreedomex.com\/wp-content\/uploads\/2018\/03\/IMG-20180328-WA0027.jpg 875w\" sizes=\"auto, (max-width: 256px) 100vw, 256px\" \/><\/a>Se\u00f1al\u00f3 que se trabaja en disminuir los factores de riesgo que puedan derivar en actos de tortura, de acuerdo al Mecanismo Nacional de Prevenci\u00f3n de la Tortura, de la Comisi\u00f3n Nacional de Derechos Humanos.<\/p>\n<p>Adem\u00e1s, record\u00f3 que en enero se cre\u00f3 la Fiscal\u00eda Especializada en Investigaci\u00f3n del Delito de Tortura como la unidad encargada de investigar los delitos se\u00f1alados en la Ley General de esta materia; as\u00ed como de procurar que estos delitos no queden impunes, reparar los da\u00f1os integralmente y atender de manera especializada a las v\u00edctimas.<\/p>\n<p>Destac\u00f3 que en el marco de la Conferencia Nacional de Procuraci\u00f3n de Justicia, fue aprobado el Protocolo para homologar las pr\u00e1cticas ministeriales en la investigaci\u00f3n de este delito, y se ha fortalecido el Sistema de Atenci\u00f3n Ciudadana VISITEL.<\/p>\n<p>Destac\u00f3 que es necesario fortalecer la cultura de los derechos humanos y de la denuncia, entre todas y todos los mexicanos, siempre convencidos de que la cultura es un poderoso agente de cambio.<\/p>\n<p>\u201cSe requiere de la participaci\u00f3n activa de la sociedad en la prevenci\u00f3n y erradicaci\u00f3n de este delito. Definitivamente la tortura no es nuestra cultura, torturar es un delito que se debe denunciar, no existe justificaci\u00f3n para no erradicarla\u201d, enfatiz\u00f3 de manera en\u00e9rgica.<\/p>\n<p>El jurado estuvo integrado por representantes de la sociedad civil as\u00ed como expertas y expertos en la materia quienes evaluaron la creatividad y el desarrollo de los m\u00e1s de 100 carteles que se recibieron.<\/p>\n<p>El pres\u00eddium estuvo conformado por: Sergio Mart\u00ednez Cruz, Director de Vinculaci\u00f3n Interinstitucional de la ANUIES; Mar\u00eda Bartolucci Blanco, Directora General de Coordinaci\u00f3n Intersecretarial de SEGOB; y Horacio Chavira Cruz, Director de Salud, Equidad y Servicios a J\u00f3venes del IMJUVE; entre otros.<\/p>\n<p><a href=\"http:\/\/www.porlalibreedomex.com\/wp-content\/uploads\/2018\/03\/IMG-20180328-WA0028.jpg\"><img loading=\"lazy\" decoding=\"async\" class=\"aligncenter size-large wp-image-22220\" src=\"http:\/\/www.porlalibreedomex.com\/wp-content\/uploads\/2018\/03\/IMG-20180328-WA0028-1024x487.jpg\" alt=\"\" width=\"800\" height=\"380\" srcset=\"https:\/\/www.porlalibreedomex.com\/wp-content\/uploads\/2018\/03\/IMG-20180328-WA0028.jpg 1024w, https:\/\/www.porlalibreedomex.com\/wp-content\/uploads\/2018\/03\/IMG-20180328-WA0028-300x143.jpg 300w, https:\/\/www.porlalibreedomex.com\/wp-content\/uploads\/2018\/03\/IMG-20180328-WA0028-768x365.jpg 768w\" sizes=\"auto, (max-width: 800px) 100vw, 800px\" \/><\/a>Estuvieron presentes Sara Irene Herrer\u00edas, Subprocuradora de Derechos Humanos, Prevenci\u00f3n del Delito y Servicios a la Comunidad; Felipe Mu\u00f1oz V\u00e1zquez, Subprocurador Especializado en Investigaci\u00f3n de Delitos Federales; Adriana Campos L\u00f3pez, Visitadora General; Roberto Ochoa Romero, Subprocurador de Control Regional, Procedimientos Penales y Amparo; y Pablo Gonz\u00e1lez Manterola, titular de la Coordinaci\u00f3n de Planeaci\u00f3n, Desarrollo e Innovaci\u00f3n Institucional.<\/p>\n","protected":false},"excerpt":{"rendered":"<p>&nbsp; Preside el encargado de la PGR Ceremonia de Premiaci\u00f3n del Concurso de Cartel sobre Prevenci\u00f3n de la Tortura. &nbsp; \u201cLa PGR no ha tolerado ni tolerar\u00e1 nunca la tortura y est\u00e1 plenamente comprometida con el respeto a la dignidad y a los derechos humanos\u201d; enfatiz\u00f3 Alberto El\u00edas Beltr\u00e1n, Subprocurador Jur\u00eddico y de Asuntos Internacionales, [&hellip;]<\/p>\n","protected":false},"author":3,"featured_media":22219,"comment_status":"open","ping_status":"open","sticky":false,"template":"","format":"standard","meta":{"footnotes":""},"categories":[9873,16,9149],"tags":[10791,4991,10792,4641],"class_list":{"0":"post-22215","1":"post","2":"type-post","3":"status-publish","4":"format-standard","5":"has-post-thumbnail","7":"category-cultura","8":"category-foto","9":"category-policiaca","10":"tag-encargado-alberto-elias-beltran","11":"tag-pgr","12":"tag-subprocurador-juridico-de-pgr","13":"tag-tortura"},"wps_subtitle":"","_links":{"self":[{"href":"https:\/\/www.porlalibreedomex.com\/index.php?rest_route=\/wp\/v2\/posts\/22215","targetHints":{"allow":["GET"]}}],"collection":[{"href":"https:\/\/www.porlalibreedomex.com\/index.php?rest_route=\/wp\/v2\/posts"}],"about":[{"href":"https:\/\/www.porlalibreedomex.com\/index.php?rest_route=\/wp\/v2\/types\/post"}],"author":[{"embeddable":true,"href":"https:\/\/www.porlalibreedomex.com\/index.php?rest_route=\/wp\/v2\/users\/3"}],"replies":[{"embeddable":true,"href":"https:\/\/www.porlalibreedomex.com\/index.php?rest_route=%2Fwp%2Fv2%2Fcomments&post=22215"}],"version-history":[{"count":3,"href":"https:\/\/www.porlalibreedomex.com\/index.php?rest_route=\/wp\/v2\/posts\/22215\/revisions"}],"predecessor-version":[{"id":22222,"href":"https:\/\/www.porlalibreedomex.com\/index.php?rest_route=\/wp\/v2\/posts\/22215\/revisions\/22222"}],"wp:featuredmedia":[{"embeddable":true,"href":"https:\/\/www.porlalibreedomex.com\/index.php?rest_route=\/wp\/v2\/media\/22219"}],"wp:attachment":[{"href":"https:\/\/www.porlalibreedomex.com\/index.php?rest_route=%2Fwp%2Fv2%2Fmedia&parent=22215"}],"wp:term":[{"taxonomy":"category","embeddable":true,"href":"https:\/\/www.porlalibreedomex.com\/index.php?rest_route=%2Fwp%2Fv2%2Fcategories&post=22215"},{"taxonomy":"post_tag","embeddable":true,"href":"https:\/\/www.porlalibreedomex.com\/index.php?rest_route=%2Fwp%2Fv2%2Ftags&post=22215"}],"curies":[{"name":"wp","href":"https:\/\/api.w.org\/{rel}","templated":true}]}}