{"id":22016,"date":"2018-03-16T01:44:15","date_gmt":"2018-03-16T07:44:15","guid":{"rendered":"http:\/\/www.porlalibreedomex.com\/?p=22016"},"modified":"2018-03-18T01:45:06","modified_gmt":"2018-03-18T07:45:06","slug":"entrega-el-presidente-de-la-codhem-informe-de-actividades-2017-a-la-lix-legislatura-local","status":"publish","type":"post","link":"https:\/\/www.porlalibreedomex.com\/?p=22016","title":{"rendered":"ENTREGA EL PRESIDENTE DE LA CODHEM  INFORME DE ACTIVIDADES 2017 A LA LIX LEGISLATURA LOCAL"},"content":{"rendered":"<p style=\"font-weight: 400;\"><strong>Toluca, M\u00e9xico, 16 de marzo de 2018.<\/strong>&#8211; El presidente de la Comisi\u00f3n de Derechos Humanos del Estado de M\u00e9xico (Codhem), Jorge Olvera Garc\u00eda, entreg\u00f3 el Informe Anual de Actividades 2017, al presidente de la Junta de Coordinaci\u00f3n Pol\u00edtica de la LIX legislatura local, Miguel S\u00e1mano Peralta.<\/p>\n<p style=\"font-weight: 400;\">\u00a0Con fundamento en lo dispuesto en la Constituci\u00f3n Pol\u00edtica del Estado Libre y Soberano de M\u00e9xico, as\u00ed como la Ley de la Codhem, el ombudsperson mexiquense acudi\u00f3 al Palacio Legislativo para presentar el documento que resalta acciones y logros del ejercicio fiscal correspondiente del a\u00f1o anterior.<\/p>\n<figure id=\"attachment_22018\" aria-describedby=\"caption-attachment-22018\" style=\"width: 1200px\" class=\"wp-caption aligncenter\"><a href=\"http:\/\/www.porlalibreedomex.com\/wp-content\/uploads\/2018\/03\/FOTO-BOL.-47-3.jpg\"><img loading=\"lazy\" decoding=\"async\" class=\"size-full wp-image-22018\" src=\"http:\/\/www.porlalibreedomex.com\/wp-content\/uploads\/2018\/03\/FOTO-BOL.-47-3.jpg\" alt=\"\" width=\"1200\" height=\"800\" srcset=\"https:\/\/www.porlalibreedomex.com\/wp-content\/uploads\/2018\/03\/FOTO-BOL.-47-3.jpg 1200w, https:\/\/www.porlalibreedomex.com\/wp-content\/uploads\/2018\/03\/FOTO-BOL.-47-3-300x200.jpg 300w, https:\/\/www.porlalibreedomex.com\/wp-content\/uploads\/2018\/03\/FOTO-BOL.-47-3-768x512.jpg 768w, https:\/\/www.porlalibreedomex.com\/wp-content\/uploads\/2018\/03\/FOTO-BOL.-47-3-1024x683.jpg 1024w\" sizes=\"auto, (max-width: 1200px) 100vw, 1200px\" \/><\/a><figcaption id=\"caption-attachment-22018\" class=\"wp-caption-text\">El presidente de la junta de Coordinaci\u00f3n Pol\u00edtica de la Legislatura mexiquense, Miguel S\u00e1mano,\u00a0 recibe el informe de Jorge Olvera Garc\u00eda, presidente de la CODHEM.<\/figcaption><\/figure>\n<p style=\"font-weight: 400;\">\u00a0Ante la presidenta de la comisi\u00f3n legislativa de Derechos Humanos, Mar\u00eda Ver\u00f3nica Lozano Quezada y el secretario de Asuntos Parlamentarios del congreso local, Javier Dom\u00ednguez Morales, refrend\u00f3 el compromiso de la defensor\u00eda estatal de ser garante de los derechos humanos.<\/p>\n<p style=\"font-weight: 400;\">\u00a0En el documento se plasman entre otros temas relevantes, la creaci\u00f3n de dos Visitadur\u00edas Generales de Tenango del Valle y Cuautitl\u00e1n M\u00e9xico, as\u00ed como las Visitadur\u00edas Adjuntas de Atenci\u00f3n a la Violencia Escolar y a las Personas Migrantes, con la finalidad de brindar una atenci\u00f3n oportuna y eficaz; adem\u00e1s del uso de las redes sociales y la instalaci\u00f3n de las casetas de videollamadas.<\/p>\n","protected":false},"excerpt":{"rendered":"<p>Toluca, M\u00e9xico, 16 de marzo de 2018.&#8211; El presidente de la Comisi\u00f3n de Derechos Humanos del Estado de M\u00e9xico (Codhem), Jorge Olvera Garc\u00eda, entreg\u00f3 el Informe Anual de Actividades 2017, al presidente de la Junta de Coordinaci\u00f3n Pol\u00edtica de la LIX legislatura local, Miguel S\u00e1mano Peralta. \u00a0Con fundamento en lo dispuesto en la Constituci\u00f3n Pol\u00edtica [&hellip;]<\/p>\n","protected":false},"author":3,"featured_media":22017,"comment_status":"open","ping_status":"open","sticky":false,"template":"","format":"standard","meta":{"footnotes":""},"categories":[9157,16,9149],"tags":[],"class_list":{"0":"post-22016","1":"post","2":"type-post","3":"status-publish","4":"format-standard","5":"has-post-thumbnail","7":"category-edomex","8":"category-foto","9":"category-policiaca"},"wps_subtitle":"El presidente de la Junta de Coordinaci\u00f3n Pol\u00edtica, Miguel S\u00e1mano Peralta, lo recibi\u00f3","_links":{"self":[{"href":"https:\/\/www.porlalibreedomex.com\/index.php?rest_route=\/wp\/v2\/posts\/22016","targetHints":{"allow":["GET"]}}],"collection":[{"href":"https:\/\/www.porlalibreedomex.com\/index.php?rest_route=\/wp\/v2\/posts"}],"about":[{"href":"https:\/\/www.porlalibreedomex.com\/index.php?rest_route=\/wp\/v2\/types\/post"}],"author":[{"embeddable":true,"href":"https:\/\/www.porlalibreedomex.com\/index.php?rest_route=\/wp\/v2\/users\/3"}],"replies":[{"embeddable":true,"href":"https:\/\/www.porlalibreedomex.com\/index.php?rest_route=%2Fwp%2Fv2%2Fcomments&post=22016"}],"version-history":[{"count":3,"href":"https:\/\/www.porlalibreedomex.com\/index.php?rest_route=\/wp\/v2\/posts\/22016\/revisions"}],"predecessor-version":[{"id":22021,"href":"https:\/\/www.porlalibreedomex.com\/index.php?rest_route=\/wp\/v2\/posts\/22016\/revisions\/22021"}],"wp:featuredmedia":[{"embeddable":true,"href":"https:\/\/www.porlalibreedomex.com\/index.php?rest_route=\/wp\/v2\/media\/22017"}],"wp:attachment":[{"href":"https:\/\/www.porlalibreedomex.com\/index.php?rest_route=%2Fwp%2Fv2%2Fmedia&parent=22016"}],"wp:term":[{"taxonomy":"category","embeddable":true,"href":"https:\/\/www.porlalibreedomex.com\/index.php?rest_route=%2Fwp%2Fv2%2Fcategories&post=22016"},{"taxonomy":"post_tag","embeddable":true,"href":"https:\/\/www.porlalibreedomex.com\/index.php?rest_route=%2Fwp%2Fv2%2Ftags&post=22016"}],"curies":[{"name":"wp","href":"https:\/\/api.w.org\/{rel}","templated":true}]}}