{"id":2159,"date":"2014-06-26T01:13:18","date_gmt":"2014-06-26T01:13:18","guid":{"rendered":"http:\/\/porlalibre.info\/?p=2159"},"modified":"2014-06-26T01:13:18","modified_gmt":"2014-06-26T01:13:18","slug":"metepec-vecinos-de-la-calle-guadalupe-victoria-tendran-poca-agua-el-viernes","status":"publish","type":"post","link":"https:\/\/www.porlalibreedomex.com\/?p=2159","title":{"rendered":"METEPEC: VECINOS DE LA CALLE GUADALUPE VICTORIA TENDR\u00c1N POCA AGUA EL VIERNES"},"content":{"rendered":"<div style=\"color: #606060;\">\n<strong>* En la zona del fraccionamiento Cedros y zona comercial<\/strong><br \/>\n<strong>* Por obras de la CFE se ver\u00e1 reducido \u00fanicamente mediod\u00eda<\/strong><\/div>\n<p><span style=\"color: #606060;\">\u00a0<\/span><\/p>\n<div style=\"color: rgb(96, 96, 96); text-align: justify;\"><strong>Metepec, M\u00e9xico, 25 de junio de 2014.<\/strong>\u00a0Derivado de obras que llevar\u00e1 a cabo la Comisi\u00f3n Federal de Electricidad, este viernes disminuir\u00e1 el suministro de agua para los vecinos de la calle Guadalupe Victoria, en la zona del fraccionamiento Cedros y el \u00e1rea comercial.<br \/>\nEl Organismo P\u00fablico Descentralizado de Agua Potable, Alcantarillado y Saneamiento de Metepec (Opdapas), inform\u00f3 que la medida es necesaria para que la CFE pueda realizar trabajos de su competencia en el lugar.<br \/>\nLa reducci\u00f3n de abastecimiento de agua ser\u00e1 \u00fanicamente el 27 de junio de las 9:00 de la ma\u00f1ana a las 15:00 horas, motivo por el cual piden a los vecinos de los fraccionamientos, escuelas y diversos establecimientos que se ubican sobre la calle Guadalupe Victoria, prevenir la situaci\u00f3n y hacer uso racional del recurso natural.\n<\/div>\n<p><!--more--><\/p>\n","protected":false},"excerpt":{"rendered":"<p>* En la zona del fraccionamiento Cedros y zona comercial * Por obras de la CFE se ver\u00e1 reducido \u00fanicamente mediod\u00eda \u00a0 Metepec, M\u00e9xico, 25 de junio de 2014.\u00a0Derivado de obras que llevar\u00e1 a cabo la Comisi\u00f3n Federal de Electricidad, este viernes disminuir\u00e1 el suministro de agua para los vecinos de la calle Guadalupe Victoria, [&hellip;]<\/p>\n","protected":false},"author":2,"featured_media":0,"comment_status":"open","ping_status":"open","sticky":false,"template":"","format":"standard","meta":{"footnotes":""},"categories":[5,1],"tags":[1322,1323,1324,4],"class_list":{"0":"post-2159","1":"post","2":"type-post","3":"status-publish","4":"format-standard","6":"category-nota-informativa","7":"category-uncategorized","8":"tag-calle-guadalupe-victoria","9":"tag-cfe","10":"tag-disminuye-suministro-de-agua","11":"tag-metepec"},"wps_subtitle":"","_links":{"self":[{"href":"https:\/\/www.porlalibreedomex.com\/index.php?rest_route=\/wp\/v2\/posts\/2159","targetHints":{"allow":["GET"]}}],"collection":[{"href":"https:\/\/www.porlalibreedomex.com\/index.php?rest_route=\/wp\/v2\/posts"}],"about":[{"href":"https:\/\/www.porlalibreedomex.com\/index.php?rest_route=\/wp\/v2\/types\/post"}],"author":[{"embeddable":true,"href":"https:\/\/www.porlalibreedomex.com\/index.php?rest_route=\/wp\/v2\/users\/2"}],"replies":[{"embeddable":true,"href":"https:\/\/www.porlalibreedomex.com\/index.php?rest_route=%2Fwp%2Fv2%2Fcomments&post=2159"}],"version-history":[{"count":0,"href":"https:\/\/www.porlalibreedomex.com\/index.php?rest_route=\/wp\/v2\/posts\/2159\/revisions"}],"wp:attachment":[{"href":"https:\/\/www.porlalibreedomex.com\/index.php?rest_route=%2Fwp%2Fv2%2Fmedia&parent=2159"}],"wp:term":[{"taxonomy":"category","embeddable":true,"href":"https:\/\/www.porlalibreedomex.com\/index.php?rest_route=%2Fwp%2Fv2%2Fcategories&post=2159"},{"taxonomy":"post_tag","embeddable":true,"href":"https:\/\/www.porlalibreedomex.com\/index.php?rest_route=%2Fwp%2Fv2%2Ftags&post=2159"}],"curies":[{"name":"wp","href":"https:\/\/api.w.org\/{rel}","templated":true}]}}