{"id":21516,"date":"2018-02-20T01:50:41","date_gmt":"2018-02-20T07:50:41","guid":{"rendered":"http:\/\/www.porlalibreedomex.com\/?p=21516"},"modified":"2018-02-21T01:51:02","modified_gmt":"2018-02-21T07:51:02","slug":"los-universitarios-agentes-activos-en-la-construccion-del-progreso","status":"publish","type":"post","link":"https:\/\/www.porlalibreedomex.com\/?p=21516","title":{"rendered":"Los universitarios, agentes activos en la construcci\u00f3n del progreso"},"content":{"rendered":"<p style=\"font-weight: 400;\"><strong>\u00a0<\/strong><\/p>\n<ul>\n<li style=\"font-weight: 400;\"><em>La Facultad de Ciencias Pol\u00edticas y Sociales es sede del Seminario \u201cProgramas P\u00fablicos para la implementaci\u00f3n de Proyectos Sociales 2018\u201d.<\/em><\/li>\n<\/ul>\n<p style=\"font-weight: 400;\"><strong>\u00a0<\/strong><\/p>\n<p style=\"font-weight: 400;\"><strong>Toluca, M\u00e9x. \u2013 20 de febrero de 2018.<\/strong>\u00a0La Universidad Aut\u00f3noma del Estado de M\u00e9xico y su comunidad asumen la responsabilidad de participar como agentes activos en la construcci\u00f3n del progreso de las comunidades, sobre todo de aquellas que viven en alguna condici\u00f3n de vulnerabilidad, afirm\u00f3 la secretaria de Extensi\u00f3n y Vinculaci\u00f3n de la UAEM, Jannet Valero Vilchis.<\/p>\n<p style=\"font-weight: 400;\">Durante la inauguraci\u00f3n del Seminario \u201cProgramas P\u00fablicos para la implementaci\u00f3n de Proyectos Sociales 2018\u201d, que hasta este mi\u00e9rcoles 21 tiene como sede la Facultad de Ciencias Pol\u00edticas y Sociales de la Universidad Aut\u00f3noma del Estado de M\u00e9xico, la servidora universitaria explic\u00f3 que un eje transversal del Plan Rector de Desarrollo Institucional 2017-2021 es la participaci\u00f3n de los universitarios en las pol\u00edticas p\u00fablicas.<\/p>\n<p style=\"font-weight: 400;\">Ante la titular del Instituto Nacional de Desarrollo Social (INDESOL), Leticia Montemayor Medina, resalt\u00f3 la importancia de la colaboraci\u00f3n con la Secretar\u00eda de Desarrollo Social, que permite acercar a la comunidad universitaria y sectores atendidos, mediante distintas estrategias institucionales, los programas federales que fomentan las actividades de la sociedad civil.<\/p>\n<p style=\"font-weight: 400;\">En su oportunidad, la titular del INDESOL agradeci\u00f3 a la UAEM la oportunidad para desarrollar el Seminario y confi\u00f3 en que la informaci\u00f3n que se otorgar\u00e1 durante el mismo ayude a la poblaci\u00f3n vulnerable de la entidad.<\/p>\n<p style=\"font-weight: 400;\">\u201cEsperamos resultados muy positivos en la aplicaci\u00f3n de los diferentes programas de la administraci\u00f3n p\u00fablica federal que beneficien a la sociedad civil organizada\u201d.<\/p>\n<p style=\"font-weight: 400;\">Ante la subdelegada de la Secretaria de Desarrollo Social, Margarita Sandra Salda\u00f1a Garnica, as\u00ed como servidores p\u00fablicos, universitarios y representantes de organizaciones de la sociedad civil, la presidenta de la Junta de Asistencia Privada, Mar\u00eda Guadalupe Mariscal Torroella, indic\u00f3 que los temas que se abordar\u00e1n durante este ejercicio son: desarrollo rural e ind\u00edgena, seguridad alimentaria, actividades productivas, innovaci\u00f3n social, financiamiento para la cultura y grupos vulnerables.<\/p>\n","protected":false},"excerpt":{"rendered":"<p>\u00a0 La Facultad de Ciencias Pol\u00edticas y Sociales es sede del Seminario \u201cProgramas P\u00fablicos para la implementaci\u00f3n de Proyectos Sociales 2018\u201d. \u00a0 Toluca, M\u00e9x. \u2013 20 de febrero de 2018.\u00a0La Universidad Aut\u00f3noma del Estado de M\u00e9xico y su comunidad asumen la responsabilidad de participar como agentes activos en la construcci\u00f3n del progreso de las comunidades, [&hellip;]<\/p>\n","protected":false},"author":3,"featured_media":21518,"comment_status":"open","ping_status":"open","sticky":false,"template":"","format":"standard","meta":{"footnotes":""},"categories":[9148,16],"tags":[1508,10528,13],"class_list":{"0":"post-21516","1":"post","2":"type-post","3":"status-publish","4":"format-standard","5":"has-post-thumbnail","7":"category-educacion","8":"category-foto","9":"tag-facultad-de-ciencias-politicas-y-sociales-de-la-uaem","10":"tag-seminario-programas-publicos","11":"tag-uaem"},"wps_subtitle":"","_links":{"self":[{"href":"https:\/\/www.porlalibreedomex.com\/index.php?rest_route=\/wp\/v2\/posts\/21516","targetHints":{"allow":["GET"]}}],"collection":[{"href":"https:\/\/www.porlalibreedomex.com\/index.php?rest_route=\/wp\/v2\/posts"}],"about":[{"href":"https:\/\/www.porlalibreedomex.com\/index.php?rest_route=\/wp\/v2\/types\/post"}],"author":[{"embeddable":true,"href":"https:\/\/www.porlalibreedomex.com\/index.php?rest_route=\/wp\/v2\/users\/3"}],"replies":[{"embeddable":true,"href":"https:\/\/www.porlalibreedomex.com\/index.php?rest_route=%2Fwp%2Fv2%2Fcomments&post=21516"}],"version-history":[{"count":1,"href":"https:\/\/www.porlalibreedomex.com\/index.php?rest_route=\/wp\/v2\/posts\/21516\/revisions"}],"predecessor-version":[{"id":21519,"href":"https:\/\/www.porlalibreedomex.com\/index.php?rest_route=\/wp\/v2\/posts\/21516\/revisions\/21519"}],"wp:featuredmedia":[{"embeddable":true,"href":"https:\/\/www.porlalibreedomex.com\/index.php?rest_route=\/wp\/v2\/media\/21518"}],"wp:attachment":[{"href":"https:\/\/www.porlalibreedomex.com\/index.php?rest_route=%2Fwp%2Fv2%2Fmedia&parent=21516"}],"wp:term":[{"taxonomy":"category","embeddable":true,"href":"https:\/\/www.porlalibreedomex.com\/index.php?rest_route=%2Fwp%2Fv2%2Fcategories&post=21516"},{"taxonomy":"post_tag","embeddable":true,"href":"https:\/\/www.porlalibreedomex.com\/index.php?rest_route=%2Fwp%2Fv2%2Ftags&post=21516"}],"curies":[{"name":"wp","href":"https:\/\/api.w.org\/{rel}","templated":true}]}}