{"id":21511,"date":"2018-02-20T01:43:26","date_gmt":"2018-02-20T07:43:26","guid":{"rendered":"http:\/\/www.porlalibreedomex.com\/?p=21511"},"modified":"2018-02-21T01:43:46","modified_gmt":"2018-02-21T07:43:46","slug":"firma-issemym-convenio-para-fortalecer-la-seguridad-social-en-edomex","status":"publish","type":"post","link":"https:\/\/www.porlalibreedomex.com\/?p=21511","title":{"rendered":"FIRMA ISSEMyM CONVENIO PARA FORTALECER LA SEGURIDAD SOCIAL EN EDOM\u00c9X"},"content":{"rendered":"<p><em><strong>\u2022 Establece convenio que durante 100 d\u00edas, expertos de la Uni\u00f3n Europea asistir\u00e1n, t\u00e9cnica y te\u00f3ricamente, en la generaci\u00f3n de modelos de protecci\u00f3n social, trabajo y empleo.<\/strong><\/em><br \/>\n<em><strong>\u2022 Integran 23 entidades federativas a esta organizaci\u00f3n.<\/strong><\/em><\/p>\n<p>Toluca, Estado de M\u00e9xico, 20 de febrero 2018.- Para fomentar la coordinaci\u00f3n entre instituciones de seguridad social, el Director General del Instituto de Seguridad Social del Estado de M\u00e9xico y Municipios (ISSEMyM), Alberto L. Peredo Jim\u00e9nez, firm\u00f3 un Convenio de Adhesi\u00f3n del instituto que encabeza, con la Organizaci\u00f3n Nacional de Instituciones Estatales de Seguridad Social (ONIESS); organismo que promueve la vinculaci\u00f3n y la colaboraci\u00f3n para implementar acciones enfocadas en mejorar la cobertura y la sostenibilidad en M\u00e9xico, en materia de seguridad social.<a href=\"http:\/\/www.porlalibreedomex.com\/wp-content\/uploads\/2018\/02\/FIRMA-ISSEMyM-CONVENIO-DE-ADHESI\u00d3N-1.jpg\"><img loading=\"lazy\" decoding=\"async\" class=\"aligncenter size-large wp-image-21513\" src=\"http:\/\/www.porlalibreedomex.com\/wp-content\/uploads\/2018\/02\/FIRMA-ISSEMyM-CONVENIO-DE-ADHESI\u00d3N-1-1024x768.jpg\" alt=\"\" width=\"800\" height=\"600\" srcset=\"https:\/\/www.porlalibreedomex.com\/wp-content\/uploads\/2018\/02\/FIRMA-ISSEMyM-CONVENIO-DE-ADHESI\u00d3N-1.jpg 1024w, https:\/\/www.porlalibreedomex.com\/wp-content\/uploads\/2018\/02\/FIRMA-ISSEMyM-CONVENIO-DE-ADHESI\u00d3N-1-300x225.jpg 300w, https:\/\/www.porlalibreedomex.com\/wp-content\/uploads\/2018\/02\/FIRMA-ISSEMyM-CONVENIO-DE-ADHESI\u00d3N-1-768x576.jpg 768w\" sizes=\"auto, (max-width: 800px) 100vw, 800px\" \/><\/a><\/p>\n<p>En el marco de la Sesi\u00f3n Plenaria de la Comisi\u00f3n Permanente, celebrada el 15 y 16 de febrero anterior, en Tijuana, los estados de Chihuahua y Tlaxcala tambi\u00e9n se sumaron a esta iniciativa, por lo que la ONIESS cuenta con 23 instituciones de seguridad social de las entidades federativas.<\/p>\n<p>Con el objetivo de lograr una mayor suficiencia y sustentabilidad financiera para tranquilidad de los derechohabientes del ISSEMyM, Alberto Peredo Jim\u00e9nez se reuni\u00f3 con expertos de la Uni\u00f3n Europea para compartir conocimientos y experiencias que generen estrategias y pol\u00edticas p\u00fablicas m\u00e1s eficientes.<\/p>\n<p>En este encuentro, tambi\u00e9n se acord\u00f3 que durante 100 d\u00edas, los expertos de la Uni\u00f3n Europea asistir\u00e1n, t\u00e9cnica y te\u00f3ricamente, en la generaci\u00f3n de modelos de protecci\u00f3n social, trabajo y empleo.<\/p>\n<p>\u201cPromoveremos constantemente la difusi\u00f3n de estudios, que nos permitan a las diferentes autoridades responsables de la seguridad social generar sinergias de trabajo para establecer soluciones a retos comunes, en materia de pensiones y servicios de salud\u201d, asever\u00f3 Peredo Jim\u00e9nez.<\/p>\n<p>Durante la inauguraci\u00f3n de esta sesi\u00f3n, encabezada por el Gobernador de Baja California, Francisco Vega De La Madrid, el Subsecretario Federal de Previsi\u00f3n Social, David Arellano Cuan; el Presidente de la ONIESS, H\u00e9ctor Salgado Banda, tambi\u00e9n se formaliz\u00f3 la adhesi\u00f3n del ISSEMyM a esta organizaci\u00f3n de hom\u00f3logos profesionales.<\/p>\n","protected":false},"excerpt":{"rendered":"<p>\u2022 Establece convenio que durante 100 d\u00edas, expertos de la Uni\u00f3n Europea asistir\u00e1n, t\u00e9cnica y te\u00f3ricamente, en la generaci\u00f3n de modelos de protecci\u00f3n social, trabajo y empleo. \u2022 Integran 23 entidades federativas a esta organizaci\u00f3n. Toluca, Estado de M\u00e9xico, 20 de febrero 2018.- Para fomentar la coordinaci\u00f3n entre instituciones de seguridad social, el Director General [&hellip;]<\/p>\n","protected":false},"author":3,"featured_media":21512,"comment_status":"open","ping_status":"open","sticky":false,"template":"","format":"standard","meta":{"footnotes":""},"categories":[9157,16,9209],"tags":[10527],"class_list":{"0":"post-21511","1":"post","2":"type-post","3":"status-publish","4":"format-standard","5":"has-post-thumbnail","7":"category-edomex","8":"category-foto","9":"category-salud","10":"tag-convenio-issemym-oniess"},"wps_subtitle":"Acuerdo integra al ISSEMyM con la ONIESS para fomentar la cooperaci\u00f3n entre instituciones de seguridad social.","_links":{"self":[{"href":"https:\/\/www.porlalibreedomex.com\/index.php?rest_route=\/wp\/v2\/posts\/21511","targetHints":{"allow":["GET"]}}],"collection":[{"href":"https:\/\/www.porlalibreedomex.com\/index.php?rest_route=\/wp\/v2\/posts"}],"about":[{"href":"https:\/\/www.porlalibreedomex.com\/index.php?rest_route=\/wp\/v2\/types\/post"}],"author":[{"embeddable":true,"href":"https:\/\/www.porlalibreedomex.com\/index.php?rest_route=\/wp\/v2\/users\/3"}],"replies":[{"embeddable":true,"href":"https:\/\/www.porlalibreedomex.com\/index.php?rest_route=%2Fwp%2Fv2%2Fcomments&post=21511"}],"version-history":[{"count":1,"href":"https:\/\/www.porlalibreedomex.com\/index.php?rest_route=\/wp\/v2\/posts\/21511\/revisions"}],"predecessor-version":[{"id":21515,"href":"https:\/\/www.porlalibreedomex.com\/index.php?rest_route=\/wp\/v2\/posts\/21511\/revisions\/21515"}],"wp:featuredmedia":[{"embeddable":true,"href":"https:\/\/www.porlalibreedomex.com\/index.php?rest_route=\/wp\/v2\/media\/21512"}],"wp:attachment":[{"href":"https:\/\/www.porlalibreedomex.com\/index.php?rest_route=%2Fwp%2Fv2%2Fmedia&parent=21511"}],"wp:term":[{"taxonomy":"category","embeddable":true,"href":"https:\/\/www.porlalibreedomex.com\/index.php?rest_route=%2Fwp%2Fv2%2Fcategories&post=21511"},{"taxonomy":"post_tag","embeddable":true,"href":"https:\/\/www.porlalibreedomex.com\/index.php?rest_route=%2Fwp%2Fv2%2Ftags&post=21511"}],"curies":[{"name":"wp","href":"https:\/\/api.w.org\/{rel}","templated":true}]}}