{"id":21490,"date":"2018-02-19T01:17:36","date_gmt":"2018-02-19T07:17:36","guid":{"rendered":"http:\/\/www.porlalibreedomex.com\/?p=21490"},"modified":"2018-02-20T01:18:34","modified_gmt":"2018-02-20T07:18:34","slug":"en-marcha-en-el-edomex-la-semana-nacional-de-salud-se-aplicaran-mas-de-1-4-millones-de-vacunas","status":"publish","type":"post","link":"https:\/\/www.porlalibreedomex.com\/?p=21490","title":{"rendered":"EN MARCHA EN EL EDOM\u00c9X LA SEMANA NACIONAL DE SALUD; SE APLICAR\u00c1N M\u00c1S DE 1.4 MILLONES DE VACUNAS"},"content":{"rendered":"<p>&nbsp;<\/p>\n<p>\u2022<strong><em> Realizan reforzamiento en vacunaci\u00f3n de manera permanente.<\/em><\/strong><br \/>\n<strong><em>\u2022 Participan cerca de 40 mil voluntarios y personal de salud.<\/em><\/strong><\/p>\n<p><strong>Zumpango, M\u00e9xico, 19 de febrero de 2018.<\/strong> Al encabezar la inauguraci\u00f3n de la Primera Semana Nacional de Salud 2018, Gabriel O&#8217;Shea Cuevas, Secretario del ramo en la entidad, anunci\u00f3 que del 17 al 23 de febrero, se aplicar\u00e1n m\u00e1s de un mill\u00f3n 400 mil vacunas, con el objetivo de complementar los cuadros b\u00e1sicos de vacunaci\u00f3n en ni\u00f1os menores de seis a\u00f1os.<\/p>\n<p>De manera general y con una inversi\u00f3n de 59.5 millones de pesos, realizar\u00e1n m\u00e1s de 4.5 millones de acciones como la distribuci\u00f3n de \u00e1cido f\u00f3lico, vitamina A, hierro y m\u00e1s de 827 mil sobres de Vida Suero Oral a madres y menores de cinco a\u00f1os.<\/p>\n<p>El tambi\u00e9n Director general del Instituto de Salud Estado de M\u00e9xico (ISEM) destac\u00f3 que uno de los ejes prioritarios del Gobernador Alfredo Del Mazo Maza, es contar con familias fuertes en salud, rubro que se refuerza con la permanente mejora en los servicios, a fin de atender con calidad y sentido humano a los mexiquenses.<\/p>\n<figure id=\"attachment_21492\" aria-describedby=\"caption-attachment-21492\" style=\"width: 1280px\" class=\"wp-caption aligncenter\"><a href=\"http:\/\/www.porlalibreedomex.com\/wp-content\/uploads\/2018\/02\/WhatsApp-Image-2018-02-19-at-2.23.12-PM-1.jpeg\"><img loading=\"lazy\" decoding=\"async\" class=\"size-full wp-image-21492\" src=\"http:\/\/www.porlalibreedomex.com\/wp-content\/uploads\/2018\/02\/WhatsApp-Image-2018-02-19-at-2.23.12-PM-1.jpeg\" alt=\"\" width=\"1280\" height=\"853\" srcset=\"https:\/\/www.porlalibreedomex.com\/wp-content\/uploads\/2018\/02\/WhatsApp-Image-2018-02-19-at-2.23.12-PM-1.jpeg 1280w, https:\/\/www.porlalibreedomex.com\/wp-content\/uploads\/2018\/02\/WhatsApp-Image-2018-02-19-at-2.23.12-PM-1-300x200.jpeg 300w, https:\/\/www.porlalibreedomex.com\/wp-content\/uploads\/2018\/02\/WhatsApp-Image-2018-02-19-at-2.23.12-PM-1-768x512.jpeg 768w, https:\/\/www.porlalibreedomex.com\/wp-content\/uploads\/2018\/02\/WhatsApp-Image-2018-02-19-at-2.23.12-PM-1-1024x682.jpeg 1024w\" sizes=\"auto, (max-width: 1280px) 100vw, 1280px\" \/><\/a><figcaption id=\"caption-attachment-21492\" class=\"wp-caption-text\">El Secretario de Salud del Estado de M\u00e9xico, Gabriel O\u00b4Shea Cuevas, encabeza el equipo responsable de la Semana Nacional de Salud<\/figcaption><\/figure>\n<p>Los biol\u00f3gicos de esta Primera Semana Nacional de Salud se aplicar\u00e1n por cerca de 40 mil voluntarios y personal de salud en m\u00e1s de 18 mil espacios, entre unidades m\u00e9dicas, puestos de vacunaci\u00f3n y brigadas.<\/p>\n<p>Es importante destacar que gracias al reforzamiento permanente de vacunaci\u00f3n, el Estado de M\u00e9xico lleva 29 a\u00f1os sin presentar casos de poliomielitis, 17 a\u00f1os sin t\u00e9tanos ni t\u00e9tanos neonatal, 11 sin registro de sarampi\u00f3n y tres sin infecciones invasivas por Haemofilus Influenza tipo B.<\/p>\n<p>En el Preescolar \u201cRam\u00f3n Rangel Carrizales\u201d de este municipio, Gabriel O&#8217;Shea Cuevas aplic\u00f3 dosis de la vacuna Sab\u00edn contra la Poliomielitis, y estuvo acompa\u00f1ado por Alberto Peredo Jim\u00e9nez, titular del ISSEMYM, el Delegado del IMSS Poniente, Enrique G\u00f3mez Bravo Topete, Manuel Gonz\u00e1lez Renter\u00eda, Delegado del ISSSTE, as\u00ed como directores de los diversos departamentos de ISEM y del Alcalde Enrique Mazutti Delgado.<\/p>\n","protected":false},"excerpt":{"rendered":"<p>&nbsp; \u2022 Realizan reforzamiento en vacunaci\u00f3n de manera permanente. \u2022 Participan cerca de 40 mil voluntarios y personal de salud. Zumpango, M\u00e9xico, 19 de febrero de 2018. Al encabezar la inauguraci\u00f3n de la Primera Semana Nacional de Salud 2018, Gabriel O&#8217;Shea Cuevas, Secretario del ramo en la entidad, anunci\u00f3 que del 17 al 23 de [&hellip;]<\/p>\n","protected":false},"author":3,"featured_media":21491,"comment_status":"open","ping_status":"open","sticky":false,"template":"","format":"standard","meta":{"footnotes":""},"categories":[9157,16,9209],"tags":[10522,10489,9895,10523],"class_list":{"0":"post-21490","1":"post","2":"type-post","3":"status-publish","4":"format-standard","5":"has-post-thumbnail","7":"category-edomex","8":"category-foto","9":"category-salud","10":"tag-dr-gabriel-oshea-cuevas","11":"tag-secretaria-de-salud-del-estado-de-mexico","12":"tag-semana-nacional-de-salud","13":"tag-vacunacion-de-infantes"},"wps_subtitle":"\u00a0Del 17 al 23 de febrero se desarrollar\u00e1n m\u00e1s de 4.5 millones de acciones","_links":{"self":[{"href":"https:\/\/www.porlalibreedomex.com\/index.php?rest_route=\/wp\/v2\/posts\/21490","targetHints":{"allow":["GET"]}}],"collection":[{"href":"https:\/\/www.porlalibreedomex.com\/index.php?rest_route=\/wp\/v2\/posts"}],"about":[{"href":"https:\/\/www.porlalibreedomex.com\/index.php?rest_route=\/wp\/v2\/types\/post"}],"author":[{"embeddable":true,"href":"https:\/\/www.porlalibreedomex.com\/index.php?rest_route=\/wp\/v2\/users\/3"}],"replies":[{"embeddable":true,"href":"https:\/\/www.porlalibreedomex.com\/index.php?rest_route=%2Fwp%2Fv2%2Fcomments&post=21490"}],"version-history":[{"count":1,"href":"https:\/\/www.porlalibreedomex.com\/index.php?rest_route=\/wp\/v2\/posts\/21490\/revisions"}],"predecessor-version":[{"id":21493,"href":"https:\/\/www.porlalibreedomex.com\/index.php?rest_route=\/wp\/v2\/posts\/21490\/revisions\/21493"}],"wp:featuredmedia":[{"embeddable":true,"href":"https:\/\/www.porlalibreedomex.com\/index.php?rest_route=\/wp\/v2\/media\/21491"}],"wp:attachment":[{"href":"https:\/\/www.porlalibreedomex.com\/index.php?rest_route=%2Fwp%2Fv2%2Fmedia&parent=21490"}],"wp:term":[{"taxonomy":"category","embeddable":true,"href":"https:\/\/www.porlalibreedomex.com\/index.php?rest_route=%2Fwp%2Fv2%2Fcategories&post=21490"},{"taxonomy":"post_tag","embeddable":true,"href":"https:\/\/www.porlalibreedomex.com\/index.php?rest_route=%2Fwp%2Fv2%2Ftags&post=21490"}],"curies":[{"name":"wp","href":"https:\/\/api.w.org\/{rel}","templated":true}]}}