{"id":21444,"date":"2018-02-16T23:00:49","date_gmt":"2018-02-17T05:00:49","guid":{"rendered":"http:\/\/www.porlalibreedomex.com\/?p=21444"},"modified":"2018-02-16T23:00:49","modified_gmt":"2018-02-17T05:00:49","slug":"nos-vamos-a-deslindar-de-todo-aquello-que-hoy-no-esta-funcionando-jose-antonio-meade","status":"publish","type":"post","link":"https:\/\/www.porlalibreedomex.com\/?p=21444","title":{"rendered":"NOS VAMOS A DESLINDAR DE TODO AQUELLO QUE HOY NO EST\u00c1 FUNCIONANDO: JOS\u00c9 ANTONIO MEADE"},"content":{"rendered":"<p style=\"font-weight: 400;\">\n<ul>\n<li style=\"font-weight: 400;\">La nuestra fue una precampa\u00f1a de propuestas, se\u00f1ala el precandidato<\/li>\n<li style=\"font-weight: 400;\">Vimos otras precampa\u00f1as preocupadas por explicar operaciones inmobiliarias.<\/li>\n<li style=\"font-weight: 400;\">Y otras precampa\u00f1as que vuelven a incurrir en descalificaciones de las instituciones<\/li>\n<li style=\"font-weight: 400;\">Somos la expresi\u00f3n que m\u00e1s ha crecido, porque nunca hab\u00eda estado en la encuesta<\/li>\n<li style=\"font-weight: 400;\">Se ha incrementado el crecimiento en reconocimiento de nombre, que era nuestro objetivo fundamental.<\/li>\n<\/ul>\n<p style=\"font-weight: 400;\"><strong>Jos\u00e9 Antonio Meade Kuribre\u00f1a<\/strong>: Mira, yo creo que los estudios demosc\u00f3picos hoy nos dan informaci\u00f3n, hemos visto varios, hemos visto estudios que nos ubican en diferentes lugares. Y hoy nos parece que es interesante, fundamentalmente para evaluar c\u00f3mo se incrementa el nivel de conocimiento.<\/p>\n<p style=\"font-weight: 400;\">\u00a0Aqu\u00ed estamos comparando tres alternativas que han tenido muy diferentes exposiciones medi\u00e1ticas: una alternativa que ha sido visto es m\u00e1s de 300 millones de spots; otra que ha sido vista en m\u00e1s de 59; y una tercera, que es la m\u00eda, que no hab\u00eda participado en un spot hasta antes de hace 54 d\u00edas.<\/p>\n<p style=\"font-weight: 400;\">\u00a0Visto as\u00ed, lo que para nosotros es valioso de esos estudios es c\u00f3mo se ha incrementado el crecimiento en reconocimiento de nombre, que era nuestro objetivo fundamental.<\/p>\n<p style=\"font-weight: 400;\">\u00a0Nos parece que, a esta altura, las encuestas no son mucho m\u00e1s \u00fatiles que eso: nos permiten hacer an\u00e1lisis, nos permiten adecuar estrategias, pero lo que nos permiten acreditar es que la alternativa que m\u00e1s creci\u00f3 en t\u00e9rminos de reconocimiento y, de hecho, la alternativa que m\u00e1s creci\u00f3 incluso en preferencia, porque no aparec\u00edamos en las encuestas hasta hace apenas pues 74 d\u00edas, fue la nuestra.<\/p>\n<p style=\"font-weight: 400;\">\u00a0Nos sentimos, en consecuencia, c\u00f3modos de haber alcanzado los objetivos de esta precampa\u00f1a, que era incrementar conocimiento, incrementar presencia y consolidar un proceso s\u00f3lido, en t\u00e9rminos del armado de una coalici\u00f3n competitiva, que es lo que tenemos.<\/p>\n<p style=\"font-weight: 400;\"><span style=\"font-weight: 400;\">\u00a0<\/span><strong>&#8211;\u00a0\u00a0\u00bfLo vincula, este bajo \u00edndice de popularidad, con el gobierno del presidente?<\/strong><\/p>\n<p style=\"font-weight: 400;\">\u00a0<strong>&#8211; Jos\u00e9 Antonio Meade Kuribre\u00f1a<\/strong>: No, me parece al rev\u00e9s, me parece que lo que hemos venido viendo hasta ahorita es que la expresi\u00f3n que m\u00e1s ha crecido, porque nunca hab\u00eda estado en la encuesta; y la expresi\u00f3n que m\u00e1s ha crecido, habida cuenta que nunca hab\u00eda participado en un spot; y la que m\u00e1s ha crecido en t\u00e9rminos de conocimiento, es la nuestra.<\/p>\n<p style=\"font-weight: 400;\">\u00a0Nos parece, entonces, que lo que estamos viendo en las muchas encuestas, en donde hay de todo tipo, es, b\u00e1sicamente, la confirmaci\u00f3n de una precampa\u00f1a en donde se aument\u00f3 el reconocimiento y que nos prepara bien para una campa\u00f1a que empezar\u00e1 apenas el 30 de marzo.<\/p>\n<p style=\"font-weight: 400;\">\u00a0&#8211;<strong>\u00a0<\/strong>\u00bfQu\u00e9 esperaremos en esta campa\u00f1a?<\/p>\n<p style=\"font-weight: 400;\"><strong>\u00a0<\/strong><strong>&#8211; Jos\u00e9 Antonio Meade Kuribre\u00f1a:<\/strong>\u00a0En la campa\u00f1a esperaremos, ahora s\u00ed, contrastes de perfiles y contrastes de propuestas.<\/p>\n<p style=\"font-weight: 400;\">\u00a0Y la precampa\u00f1a nos ense\u00f1\u00f3 varios elementos, la precampa\u00f1a s\u00ed nos dio informaci\u00f3n, nos dio informaci\u00f3n de c\u00f3mo son los distintos perfiles, de c\u00f3mo y de qu\u00e9 est\u00e1n hablando las diferentes propuestas.<\/p>\n<p style=\"font-weight: 400;\">\u00a0Vimos, al cierre de las precampa\u00f1as, alternativas; la nuestra, hablando de propuestas, presentando contrastes de perfiles. Vimos otras precampa\u00f1as preocupadas por explicar operaciones inmobiliarias.<\/p>\n<p style=\"font-weight: 400;\">\u00a0Y otras precampa\u00f1as que vuelven a incurrir en descalificaciones de las instituciones y que vuelven a plantear una pol\u00edtica que implicar\u00eda retrocesos importantes, como cerrar el aeropuerto, echar para atr\u00e1s la Reforma Educativa, darle amnist\u00eda a los delincuentes.<\/p>\n<p style=\"font-weight: 400;\">\u00a0Por lo que, con los elementos que ya vimos en la precampa\u00f1a,\u00a0podemos empezar a esbozar cu\u00e1les son las propuestas que presentar\u00e1n las diferentes alternativas, qu\u00e9 implican esas propuestas para los mexicanos y nos permiten, en consecuencia, estar ciertos de que una buena propuesta, un buen perfil, con una buena plataforma de conocimiento, nos va a llevar a ganar en julio.<\/p>\n<p style=\"font-weight: 400;\"><span style=\"font-weight: 400;\">\u00a0<\/span><strong>&#8211;\u00a0Su opini\u00f3n de Enrique Ochoa al frente del PRI&#8230;<\/strong><\/p>\n<p style=\"font-weight: 400;\">\u00a0&#8211;\u00a0<strong>Jos\u00e9 Antonio Meade Kuribre\u00f1a:<\/strong>\u00a0Me parece que uno puede evaluar la gesti\u00f3n del presidente del partido de diferentes formas y que tenemos, adem\u00e1s, la posibilidad de contrastarlas con otras expresiones y con otras gestiones.<\/p>\n<p style=\"font-weight: 400;\">\u00a0En t\u00e9rminos generales, lo que hemos visto en el procesamiento de las candidaturas y en la participaci\u00f3n de la precampa\u00f1a es, por un lado, un gran entusiasmo de participar y, por otro lado, un gran esfuerzo de unidad y de generosidad en quienes militan en las diferentes expresiones que integran la coalici\u00f3n.<\/p>\n<p style=\"font-weight: 400;\">\u00a0Y podemos contrastarlo con la gesti\u00f3n de otros presidentes de partido. Y lo que vemos cuando contrastamos, por ejemplo, a la del PRI con la del PAN, es una gesti\u00f3n en donde de este lado hay emoci\u00f3n, hay las dificultades naturales de procesar las campa\u00f1as, pero hay unidad y hay generosidad en el procesamiento.<\/p>\n<p style=\"font-weight: 400;\">\u00a0Y, del otro lado, pues vemos que ha habido pr\u00e1cticamente un \u00e9xodo de las principales figuras que le han dado a esos partidos reconocimiento y que le han dado posibilidad de competir. Y, por lo tanto, si contrastamos el \u00e9xodo con el proceso que aqu\u00ed se ha generado de unidad en espacios de generosidad consideramos que, m\u00e1s bien, lo que estamos viendo es el reflejo y el entusiasmo de participar.<\/p>\n<p style=\"font-weight: 400;\">\u00a0<b>&#8211;<\/b><strong> \u00bfLe beneficia en su campa\u00f1a, Ochoa?<\/strong><\/p>\n<p style=\"font-weight: 400;\">\u00a0<strong>Jos\u00e9 Antonio Meade Kuribre\u00f1a<\/strong>: Nos parece, ahorita, que el procesamiento que se ha hecho en condiciones complicadas y dif\u00edciles es un procesamiento que compara muy bien con lo que hemos visto sobre todo cuando nos damos cuenta del \u00e9xodo que se ha dado en otros partidos.<\/p>\n<p style=\"font-weight: 400;\">\u00a0<b>&#8211;<\/b><strong>\u00a0Se\u00f1or, \u00bfestuvo enterado su equipo de campa\u00f1a si en alg\u00fan momento usted estuvo en la agenda de riesgo del CISEN?<\/strong><\/p>\n<p style=\"font-weight: 400;\">\u00a0<strong>Jos\u00e9 Antonio Meade Kuribre\u00f1a:<\/strong>\u00a0No, la verdad es que yo no registro haber estado en ninguna agenda de riesgo, no ten\u00edamos ning\u00fan elemento de informaci\u00f3n y, ciertamente, en la precampa\u00f1a nos hemos preocupado fundamentalmente de comunicar propuestas y no nos hemos preocupado de hacer producciones cinematogr\u00e1ficas.<\/p>\n<p style=\"font-weight: 400;\">\u00a0<b>&#8211;<\/b><strong> \u00bfHay una lucha por el voto de los maestros?<\/strong><\/p>\n<p style=\"font-weight: 400;\">\u00a0<strong>Jos\u00e9 Antonio Meade Kuribre\u00f1a:<\/strong>\u00a0Hay una lucha, su oportunidad, porque ahorita estamos en una \u00e9poca de intercampa\u00f1as, en donde lo que hay es la posibilidad de hacer an\u00e1lisis.<\/p>\n<p style=\"font-weight: 400;\">\u00a0En su momento estaremos en un proceso de contienda para buscar la confianza de muchos grupos. Ciertamente estamos convencidos, porque son parte integral de esta coalici\u00f3n, de que los maestros encontrar\u00e1n en nosotros el reconocimiento a su gesti\u00f3n, el reconocimiento a su trabajo, el reconocimiento a su vocaci\u00f3n.<\/p>\n<p style=\"font-weight: 400;\">\u00a0Y hemos hecho planteamientos importantes en el sentido de que, as\u00ed como se les ha pedido a los maestros que hagan esfuerzos significativos y reales, as\u00ed tiene que ser el compromiso del gobierno con los maestros para que tambi\u00e9n tengan mejoras significativas y reales en sus ingresos y en sus precepciones.<\/p>\n<p style=\"font-weight: 400;\">&#8211;<strong> \u00bfEn alg\u00fan momento va a haber un deslinde del partido de Enrique Pe\u00f1a Nieto? Que es lo que piden los ciudadanos.<\/strong><\/p>\n<p style=\"font-weight: 400;\">&#8211;\u00a0\u00a0<strong>Jos\u00e9 Antonio Meade Kuribre\u00f1a:<\/strong>\u00a0Habr\u00e1 un deslinde claro de los problemas que tiene el pa\u00eds, de las circunstancias que hoy tienen insatisfechos a los ciudadanos. Los ciudadanos quieren ver que pongamos distancia, entre los problemas, distancia entre aquellas instituciones que no les han dado resultados.<\/p>\n<figure id=\"attachment_21445\" aria-describedby=\"caption-attachment-21445\" style=\"width: 1280px\" class=\"wp-caption aligncenter\"><a href=\"http:\/\/www.porlalibreedomex.com\/wp-content\/uploads\/2018\/02\/FOTO-3-1.jpg\"><img loading=\"lazy\" decoding=\"async\" class=\"size-full wp-image-21445\" src=\"http:\/\/www.porlalibreedomex.com\/wp-content\/uploads\/2018\/02\/FOTO-3-1.jpg\" alt=\"\" width=\"1280\" height=\"846\" srcset=\"https:\/\/www.porlalibreedomex.com\/wp-content\/uploads\/2018\/02\/FOTO-3-1.jpg 1280w, https:\/\/www.porlalibreedomex.com\/wp-content\/uploads\/2018\/02\/FOTO-3-1-300x198.jpg 300w, https:\/\/www.porlalibreedomex.com\/wp-content\/uploads\/2018\/02\/FOTO-3-1-768x508.jpg 768w, https:\/\/www.porlalibreedomex.com\/wp-content\/uploads\/2018\/02\/FOTO-3-1-1024x677.jpg 1024w\" sizes=\"auto, (max-width: 1280px) 100vw, 1280px\" \/><\/a><figcaption id=\"caption-attachment-21445\" class=\"wp-caption-text\">El precandidato presidencial manejando \u00e9l mismo su auto al t\u00e9rmino de la entrevista.<\/figcaption><\/figure>\n<p style=\"font-weight: 400;\">\u00a0Y lo que esperan los ciudadanos, en esta \u00e9poca y en esta forma de hacer pol\u00edtica, es escucharnos hablar a nosotros de sus problemas, de sus retos, de sus dificultades y de c\u00f3mo, trabajando junto con ellos, los vamos a resolver.<\/p>\n<p style=\"font-weight: 400;\">\u00a0<b>&#8211;<\/b><strong> \u00bfSer\u00e1 f\u00e1cil esto de deslindarse, aun cuando usted fue parte del gobierno?<\/strong><\/p>\n<p style=\"font-weight: 400;\"><strong>\u00a0<\/strong><strong>Jos\u00e9 Antonio Meade Kuribre\u00f1a:<\/strong>\u00a0Vuelvo a insistir, nos vamos a deslindar de los problemas, nos vamos a deslindar de los retos, nos vamos a deslindar de todo aquello que hoy no est\u00e1 funcionando para construir, junto con el ciudadano, una mejor alternativa.<\/p>\n<p style=\"font-weight: 400;\">\n","protected":false},"excerpt":{"rendered":"<p>La nuestra fue una precampa\u00f1a de propuestas, se\u00f1ala el precandidato Vimos otras precampa\u00f1as preocupadas por explicar operaciones inmobiliarias. Y otras precampa\u00f1as que vuelven a incurrir en descalificaciones de las instituciones Somos la expresi\u00f3n que m\u00e1s ha crecido, porque nunca hab\u00eda estado en la encuesta Se ha incrementado el crecimiento en reconocimiento de nombre, que era [&hellip;]<\/p>\n","protected":false},"author":3,"featured_media":21446,"comment_status":"open","ping_status":"open","sticky":false,"template":"","format":"standard","meta":{"footnotes":""},"categories":[16,5,9150],"tags":[10511,10098,10508,10509,10510],"class_list":{"0":"post-21444","1":"post","2":"type-post","3":"status-publish","4":"format-standard","5":"has-post-thumbnail","7":"category-foto","8":"category-nota-informativa","9":"category-politica","10":"tag-deslinde","11":"tag-jose-antonio-meade","12":"tag-precampana","13":"tag-precampana-de-propuestas","14":"tag-producciones-cinematograficas"},"wps_subtitle":"ENTREVISTA CON EL PRECANDIDATO PRIISTA SOBRE LO QUE FUE LA PRECAMPA\u00d1A","_links":{"self":[{"href":"https:\/\/www.porlalibreedomex.com\/index.php?rest_route=\/wp\/v2\/posts\/21444","targetHints":{"allow":["GET"]}}],"collection":[{"href":"https:\/\/www.porlalibreedomex.com\/index.php?rest_route=\/wp\/v2\/posts"}],"about":[{"href":"https:\/\/www.porlalibreedomex.com\/index.php?rest_route=\/wp\/v2\/types\/post"}],"author":[{"embeddable":true,"href":"https:\/\/www.porlalibreedomex.com\/index.php?rest_route=\/wp\/v2\/users\/3"}],"replies":[{"embeddable":true,"href":"https:\/\/www.porlalibreedomex.com\/index.php?rest_route=%2Fwp%2Fv2%2Fcomments&post=21444"}],"version-history":[{"count":1,"href":"https:\/\/www.porlalibreedomex.com\/index.php?rest_route=\/wp\/v2\/posts\/21444\/revisions"}],"predecessor-version":[{"id":21447,"href":"https:\/\/www.porlalibreedomex.com\/index.php?rest_route=\/wp\/v2\/posts\/21444\/revisions\/21447"}],"wp:featuredmedia":[{"embeddable":true,"href":"https:\/\/www.porlalibreedomex.com\/index.php?rest_route=\/wp\/v2\/media\/21446"}],"wp:attachment":[{"href":"https:\/\/www.porlalibreedomex.com\/index.php?rest_route=%2Fwp%2Fv2%2Fmedia&parent=21444"}],"wp:term":[{"taxonomy":"category","embeddable":true,"href":"https:\/\/www.porlalibreedomex.com\/index.php?rest_route=%2Fwp%2Fv2%2Fcategories&post=21444"},{"taxonomy":"post_tag","embeddable":true,"href":"https:\/\/www.porlalibreedomex.com\/index.php?rest_route=%2Fwp%2Fv2%2Ftags&post=21444"}],"curies":[{"name":"wp","href":"https:\/\/api.w.org\/{rel}","templated":true}]}}