{"id":21350,"date":"2018-02-12T01:00:33","date_gmt":"2018-02-12T07:00:33","guid":{"rendered":"http:\/\/www.porlalibreedomex.com\/?p=21350"},"modified":"2018-02-13T01:01:02","modified_gmt":"2018-02-13T07:01:02","slug":"trabajamos-por-un-gobierno-justo-que-defienda-y-respete-los-derechos-humanos-del-mazo","status":"publish","type":"post","link":"https:\/\/www.porlalibreedomex.com\/?p=21350","title":{"rendered":"TRABAJAMOS POR UN GOBIERNO JUSTO, QUE DEFIENDA Y RESPETE LOS DERECHOS HUMANOS: DEL MAZO"},"content":{"rendered":"<p><strong>\u00a0<\/strong><\/p>\n<p>&nbsp;<\/p>\n<ul>\n<li><em> Afirma el Gobernador mexiquense que se trabaja para consolidar un gobierno de paz, estabilidad y justicia.<\/em><\/li>\n<li><em> Destaca que la administraci\u00f3n estatal est\u00e1 comprometida a garantizar el respeto a los derechos humanos.<\/em><\/li>\n<li><em> Ponen en marcha Sistema de Videollamadas de la Codhem.<\/em><\/li>\n<\/ul>\n<p>&nbsp;<\/p>\n<p><strong>Toluca, Estado de M\u00e9xico, 12 de febrero de 2018.<\/strong> En el 25 aniversario de la Comisi\u00f3n de Derechos Humanos del Estado de M\u00e9xico (Codhem), el Gobernador Alfredo Del Mazo Maza indic\u00f3 que la administraci\u00f3n estatal trabaja de manera coordinada con este organismo, para consolidar un gobierno de paz, estabilidad y justicia que permita tener familias fuertes.<\/p>\n<p>Puntualiz\u00f3 que el objetivo tambi\u00e9n es tener un gobierno justo y comprometido con los mexiquenses, en el que se promuevan, defiendan y respeten los derechos humanos, siendo implacables con quienes los violenten.<\/p>\n<p>\u201cJuntos haremos de este gobierno, el gobierno de la paz, de la estabilidad y de la justicia, el gobierno que fortalece a las familias, un gobierno con decisiones firmes y resultados fuertes que sea recordado como un impulsor de los derechos de todas las personas.<\/p>\n<p>\u201cLos mexiquenses ansiamos un estado donde los derechos fundamentales sean garantes de una vida libre, digna y sin violencia, un estado de paz y de leyes que impulsen su bienestar y que sean la base para tener familias fuertes\u201d, afirm\u00f3.<\/p>\n<p>Acompa\u00f1ado por Ra\u00fal Gonz\u00e1lez P\u00e9rez, Presidente de la Comisi\u00f3n Nacional de Derechos Humanos (CNDH), Del Mazo Maza asever\u00f3 que respetar y hacer cumplir los derechos humanos, permite combatir la marginaci\u00f3n y la desigualdad, adem\u00e1s de fortalecer la estabilidad de la entidad.<\/p>\n<p>Manifest\u00f3 que ser\u00e1 a trav\u00e9s del di\u00e1logo y el respeto la forma en que se construir\u00e1 un Estado de M\u00e9xico que viva en paz y seguridad, siendo una tierra m\u00e1s justa.<\/p>\n<p>Para conseguirlo, dijo, el reto que se enfrenta es el de recuperar la confianza de\u00a0 los mexiquenses en las instituciones, donde los servidores p\u00fablicos trabajen con transparencia y eficacia, consolidando dependencias honestas que garanticen la dignidad, confiabilidad y solidez del desempe\u00f1o gubernamental.<\/p>\n<p>Por ello, agreg\u00f3, se cre\u00f3 la Secretar\u00eda de Justicia y Derechos Humanos, siendo el primer estado del pa\u00eds en contar con una instituci\u00f3n en este tipo, y que tiene como finalidad garantizar la observancia de los derechos humanos de los mexiquenses, haci\u00e9ndolos respetar sin distinciones, construyendo una justicia cotidiana y cercana.<\/p>\n<p>\u201cLos derechos humanos son el pilar de una pol\u00edtica que impulsa el desarrollo de la persona, que fortalece la sana convivencia social, y que apuesta por la concordia y la paz.<\/p>\n<p>\u201cEsta administraci\u00f3n asume como suyos dichos principios, porque en la solidez de dichas instituciones descansa la seguridad de nuestra gente y la fuerza de nuestras familias\u201d, apunt\u00f3.<\/p>\n<p><a href=\"http:\/\/www.porlalibreedomex.com\/wp-content\/uploads\/2018\/02\/ALFREDO-DEL-MAZO-JORGE-OLVERA-XXV-Aniversario-de-la-CODHEM.jpg\"><img loading=\"lazy\" decoding=\"async\" class=\"aligncenter size-large wp-image-21352\" src=\"http:\/\/www.porlalibreedomex.com\/wp-content\/uploads\/2018\/02\/ALFREDO-DEL-MAZO-JORGE-OLVERA-XXV-Aniversario-de-la-CODHEM-1024x660.jpg\" alt=\"\" width=\"800\" height=\"516\" srcset=\"https:\/\/www.porlalibreedomex.com\/wp-content\/uploads\/2018\/02\/ALFREDO-DEL-MAZO-JORGE-OLVERA-XXV-Aniversario-de-la-CODHEM-1024x660.jpg 1024w, https:\/\/www.porlalibreedomex.com\/wp-content\/uploads\/2018\/02\/ALFREDO-DEL-MAZO-JORGE-OLVERA-XXV-Aniversario-de-la-CODHEM-300x193.jpg 300w, https:\/\/www.porlalibreedomex.com\/wp-content\/uploads\/2018\/02\/ALFREDO-DEL-MAZO-JORGE-OLVERA-XXV-Aniversario-de-la-CODHEM-768x495.jpg 768w\" sizes=\"auto, (max-width: 800px) 100vw, 800px\" \/><\/a>Alfredo Del Mazo destac\u00f3 que para ser un estado moderno, justo y democr\u00e1tico, es indispensable el respeto a los derechos humanos, por lo que la administraci\u00f3n estatal, en coordinaci\u00f3n con la sociedad civil y los organismos aut\u00f3nomos de la entidad, trabajar\u00e1 en esta materia.<\/p>\n<p>Se\u00f1al\u00f3 que la finalidad es cumplir con los tratados internacionales que tiene el pa\u00eds, as\u00ed como con los derechos establecidos en la Constituci\u00f3n mexicana en este rubro.<\/p>\n<p>El Gobernador mexiquense reconoci\u00f3 la labor realizada por la Codhem en sus 25 a\u00f1os de existencia, vigilando el comportamiento de la autoridad y protegiendo de abusos a la ciudadan\u00eda, para que los mexiquenses tengan garantizados sus derechos civiles, sociales y econ\u00f3micos, respetando la dignidad de las personas.<\/p>\n<p>Asimismo, felicit\u00f3 al Presidente de la Codhem, Jorge Olvera Garc\u00eda, por el compromiso que tiene de alcanzar una sociedad donde la legalidad, la justicia, igualdad y el respeto a los derechos humanos sean la norma de convivencia en el Estado.<\/p>\n<p>El titular del Ejecutivo estatal inform\u00f3 que durante la actual administraci\u00f3n estatal la Codhem ha emitido dos recomendaciones a dependencias del\u00a0 Gobierno del Estado de M\u00e9xico, las cuales est\u00e1n siendo atendidas para dar cumplimiento y resoluci\u00f3n.<\/p>\n<p>Por lo que reiter\u00f3 el compromiso de su gobierno para sumarse a los esfuerzos de la Codhem de proteger y salvaguardar los derechos de los mexiquenses, siempre respetando la autonom\u00eda de esta dependencia.<\/p>\n<p>Jorge Olvera Garc\u00eda, Presidente de la Codhem, inform\u00f3 que a la fecha se han instalado 27 casetas del Sistema de Atenci\u00f3n de Videollamada \u201cLlama y Protege tus Derechos Humanos\u201d en las 10 Visitadur\u00edas Generales que se encuentran en la entidad, sistema que ser\u00e1 expandido a dependencias de gobierno donde tambi\u00e9n ser\u00e1n instaladas.<\/p>\n<p>Invit\u00f3 a los mexiquenses a descargar la aplicaci\u00f3n m\u00f3vil de la Codhem, en sus tel\u00e9fonos celulares y la cual es gratuita.<\/p>\n<p>Por su parte, Ra\u00fal Gonz\u00e1lez P\u00e9rez, Presidente de la Comisi\u00f3n Nacional de Derechos Humanos, reconoci\u00f3 la labor realizada por la Codhem durante sus primeros 25 a\u00f1os de existencia, as\u00ed como los avances tecnol\u00f3gicos de este organismo, los cuales ponen a la vanguardia a esta instituci\u00f3n.<\/p>\n<p>El Gobernador mexiquense tambi\u00e9n inaugur\u00f3 la exposici\u00f3n \u201cTimo y los Derechos Humanos\u201d, la cual est\u00e1 conformada por esculturas del artista Rodrigo de la Sierra.<\/p>\n","protected":false},"excerpt":{"rendered":"<p>\u00a0 &nbsp; Afirma el Gobernador mexiquense que se trabaja para consolidar un gobierno de paz, estabilidad y justicia. Destaca que la administraci\u00f3n estatal est\u00e1 comprometida a garantizar el respeto a los derechos humanos. Ponen en marcha Sistema de Videollamadas de la Codhem. &nbsp; Toluca, Estado de M\u00e9xico, 12 de febrero de 2018. En el 25 [&hellip;]<\/p>\n","protected":false},"author":3,"featured_media":21351,"comment_status":"open","ping_status":"open","sticky":false,"template":"","format":"standard","meta":{"footnotes":""},"categories":[9157,16,9149,7549],"tags":[5443,10468,488,729,182,10467,10469],"class_list":{"0":"post-21350","1":"post","2":"type-post","3":"status-publish","4":"format-standard","5":"has-post-thumbnail","7":"category-edomex","8":"category-foto","9":"category-policiaca","10":"category-video","11":"tag-alfredo-del-mazo-maza","12":"tag-aniversario-xxv-de-la-codhem","13":"tag-jorge-olvera-garcia","14":"tag-marco-antonio-morales-gomez","15":"tag-miguel-angel-contreras-nieto","16":"tag-mireille-roccati","17":"tag-videollamadas-codhem"},"wps_subtitle":"Asiste el mandatario mexiquense al 25 aniversario de la CODHEM...","_links":{"self":[{"href":"https:\/\/www.porlalibreedomex.com\/index.php?rest_route=\/wp\/v2\/posts\/21350","targetHints":{"allow":["GET"]}}],"collection":[{"href":"https:\/\/www.porlalibreedomex.com\/index.php?rest_route=\/wp\/v2\/posts"}],"about":[{"href":"https:\/\/www.porlalibreedomex.com\/index.php?rest_route=\/wp\/v2\/types\/post"}],"author":[{"embeddable":true,"href":"https:\/\/www.porlalibreedomex.com\/index.php?rest_route=\/wp\/v2\/users\/3"}],"replies":[{"embeddable":true,"href":"https:\/\/www.porlalibreedomex.com\/index.php?rest_route=%2Fwp%2Fv2%2Fcomments&post=21350"}],"version-history":[{"count":1,"href":"https:\/\/www.porlalibreedomex.com\/index.php?rest_route=\/wp\/v2\/posts\/21350\/revisions"}],"predecessor-version":[{"id":21353,"href":"https:\/\/www.porlalibreedomex.com\/index.php?rest_route=\/wp\/v2\/posts\/21350\/revisions\/21353"}],"wp:featuredmedia":[{"embeddable":true,"href":"https:\/\/www.porlalibreedomex.com\/index.php?rest_route=\/wp\/v2\/media\/21351"}],"wp:attachment":[{"href":"https:\/\/www.porlalibreedomex.com\/index.php?rest_route=%2Fwp%2Fv2%2Fmedia&parent=21350"}],"wp:term":[{"taxonomy":"category","embeddable":true,"href":"https:\/\/www.porlalibreedomex.com\/index.php?rest_route=%2Fwp%2Fv2%2Fcategories&post=21350"},{"taxonomy":"post_tag","embeddable":true,"href":"https:\/\/www.porlalibreedomex.com\/index.php?rest_route=%2Fwp%2Fv2%2Ftags&post=21350"}],"curies":[{"name":"wp","href":"https:\/\/api.w.org\/{rel}","templated":true}]}}