{"id":21129,"date":"2018-01-30T01:17:15","date_gmt":"2018-01-30T07:17:15","guid":{"rendered":"http:\/\/www.porlalibreedomex.com\/?p=21129"},"modified":"2018-02-01T01:17:43","modified_gmt":"2018-02-01T07:17:43","slug":"acercamiento-del-gobernador-alfredo-del-marzo-con-la-comunidad-judia-de-mexico","status":"publish","type":"post","link":"https:\/\/www.porlalibreedomex.com\/?p=21129","title":{"rendered":"ACERCAMIENTO DEL GOBERNADOR ALFREDO DEL MARZO CON LA COMUNIDAD JUD\u00cdA DE M\u00c9XICO"},"content":{"rendered":"<p>&nbsp;<\/p>\n<p>Huixquilucan,\u00a0 M\u00e9xico.- El Gobernador Alfredo Del Mazo Maza sostuvo una reuni\u00f3n con integrantes de la Comunidad Jud\u00eda de M\u00e9xico, donde estuvieron presentes el Vicepresidente de la Comunidad Sefarad\u00ed, Alberto Sarfati, as\u00ed como el Presidente del Comit\u00e9 Central de la Comunidad Jud\u00eda de M\u00e9xico, Mois\u00e9s Romano Jafif.<br \/>\nEn este encuentro, el titular del Ejecutivo estatal refrend\u00f3 su compromiso de trabajar coordinadamente con todos los grupos de la sociedad mexicana.<\/p>\n<figure id=\"attachment_21140\" aria-describedby=\"caption-attachment-21140\" style=\"width: 800px\" class=\"wp-caption aligncenter\"><a href=\"http:\/\/www.porlalibreedomex.com\/wp-content\/uploads\/2018\/01\/WhatsApp-Image-2018-01-30-at-8.56.21-PM-1.jpeg\"><img loading=\"lazy\" decoding=\"async\" class=\"size-large wp-image-21140\" src=\"http:\/\/www.porlalibreedomex.com\/wp-content\/uploads\/2018\/01\/WhatsApp-Image-2018-01-30-at-8.56.21-PM-1-1024x680.jpeg\" alt=\"\" width=\"800\" height=\"531\" srcset=\"https:\/\/www.porlalibreedomex.com\/wp-content\/uploads\/2018\/01\/WhatsApp-Image-2018-01-30-at-8.56.21-PM-1-1024x680.jpeg 1024w, https:\/\/www.porlalibreedomex.com\/wp-content\/uploads\/2018\/01\/WhatsApp-Image-2018-01-30-at-8.56.21-PM-1-300x199.jpeg 300w, https:\/\/www.porlalibreedomex.com\/wp-content\/uploads\/2018\/01\/WhatsApp-Image-2018-01-30-at-8.56.21-PM-1-768x510.jpeg 768w, https:\/\/www.porlalibreedomex.com\/wp-content\/uploads\/2018\/01\/WhatsApp-Image-2018-01-30-at-8.56.21-PM-1.jpeg 1280w\" sizes=\"auto, (max-width: 800px) 100vw, 800px\" \/><\/a><figcaption id=\"caption-attachment-21140\" class=\"wp-caption-text\">Huixquilucan, M\u00e9xico.- El gobernador Alfredo del Mazo, al reunirse con la Comunidad Jud\u00eda en M\u00e9xico.<\/figcaption><\/figure>\n","protected":false},"excerpt":{"rendered":"<p>&nbsp; Huixquilucan,\u00a0 M\u00e9xico.- El Gobernador Alfredo Del Mazo Maza sostuvo una reuni\u00f3n con integrantes de la Comunidad Jud\u00eda de M\u00e9xico, donde estuvieron presentes el Vicepresidente de la Comunidad Sefarad\u00ed, Alberto Sarfati, as\u00ed como el Presidente del Comit\u00e9 Central de la Comunidad Jud\u00eda de M\u00e9xico, Mois\u00e9s Romano Jafif. En este encuentro, el titular del Ejecutivo estatal [&hellip;]<\/p>\n","protected":false},"author":3,"featured_media":21140,"comment_status":"open","ping_status":"open","sticky":false,"template":"","format":"standard","meta":{"footnotes":""},"categories":[9157,16,5],"tags":[],"class_list":{"0":"post-21129","1":"post","2":"type-post","3":"status-publish","4":"format-standard","5":"has-post-thumbnail","7":"category-edomex","8":"category-foto","9":"category-nota-informativa"},"wps_subtitle":"","_links":{"self":[{"href":"https:\/\/www.porlalibreedomex.com\/index.php?rest_route=\/wp\/v2\/posts\/21129","targetHints":{"allow":["GET"]}}],"collection":[{"href":"https:\/\/www.porlalibreedomex.com\/index.php?rest_route=\/wp\/v2\/posts"}],"about":[{"href":"https:\/\/www.porlalibreedomex.com\/index.php?rest_route=\/wp\/v2\/types\/post"}],"author":[{"embeddable":true,"href":"https:\/\/www.porlalibreedomex.com\/index.php?rest_route=\/wp\/v2\/users\/3"}],"replies":[{"embeddable":true,"href":"https:\/\/www.porlalibreedomex.com\/index.php?rest_route=%2Fwp%2Fv2%2Fcomments&post=21129"}],"version-history":[{"count":1,"href":"https:\/\/www.porlalibreedomex.com\/index.php?rest_route=\/wp\/v2\/posts\/21129\/revisions"}],"predecessor-version":[{"id":21141,"href":"https:\/\/www.porlalibreedomex.com\/index.php?rest_route=\/wp\/v2\/posts\/21129\/revisions\/21141"}],"wp:featuredmedia":[{"embeddable":true,"href":"https:\/\/www.porlalibreedomex.com\/index.php?rest_route=\/wp\/v2\/media\/21140"}],"wp:attachment":[{"href":"https:\/\/www.porlalibreedomex.com\/index.php?rest_route=%2Fwp%2Fv2%2Fmedia&parent=21129"}],"wp:term":[{"taxonomy":"category","embeddable":true,"href":"https:\/\/www.porlalibreedomex.com\/index.php?rest_route=%2Fwp%2Fv2%2Fcategories&post=21129"},{"taxonomy":"post_tag","embeddable":true,"href":"https:\/\/www.porlalibreedomex.com\/index.php?rest_route=%2Fwp%2Fv2%2Ftags&post=21129"}],"curies":[{"name":"wp","href":"https:\/\/api.w.org\/{rel}","templated":true}]}}