{"id":21123,"date":"2018-01-29T00:22:03","date_gmt":"2018-01-29T06:22:03","guid":{"rendered":"http:\/\/www.porlalibreedomex.com\/?p=21123"},"modified":"2018-01-30T00:22:30","modified_gmt":"2018-01-30T06:22:30","slug":"se-equiparan-digitalmente-escuelas-mexiquenses-alfredo-del-mazo","status":"publish","type":"post","link":"https:\/\/www.porlalibreedomex.com\/?p=21123","title":{"rendered":"SE EQUIPAR\u00c1N DIGITALMENTE ESCUELAS MEXIQUENSES: ALFREDO DEL MAZO"},"content":{"rendered":"<p>&nbsp;<\/p>\n<p>\u2022 <strong><em>Beneficiar\u00e1n a 820 escuelas, las cuales se suman a las 279 que ya recibieron pintura, impermeabilizante, trabajos de herrer\u00eda y electricidad.<\/em><\/strong><br \/>\n<strong><em>\u2022 Se mejorar\u00e1n los m\u00f3dulos sanitarios.<\/em><\/strong><br \/>\n<strong><em>\u2022 Se extender\u00e1 este programa a los Centros de Capacitaci\u00f3n de los maestros mexiquenses.<\/em><\/strong><\/p>\n<p><strong>El Oro, M\u00e9xico, 29 de enero de 2017.-<\/strong> Con el objetivo de dotar a los estudiantes mexiquenses de mejores instalaciones y herramientas digitales, el Gobernador Alfredo Del Mazo Maza inform\u00f3 que a trav\u00e9s del Programa de Mantenimiento y Equipamiento Digital de Planteles Educativos federalizados, en lo que resta del Ciclo Escolar 2017 &#8211; 2018 se rehabilitar\u00e1n m\u00e1s de 820 escuelas.<\/p>\n<p>\u00abEn este Ciclo Escolar, llegaremos a m\u00e1s de 820 escuelas que estar\u00e1n dentro de este programa de Mantenimiento y Equipamiento Digital a Planteles Educativos Federalizados.<\/p>\n<p>\u00abQue esas escuelas que se est\u00e1n apoyando en todo el estado, tengan las mejores instalaciones para que los alumnos puedan estar estudiando, para que los maestros puedan estar dando las clases y que est\u00e9n en buenas condiciones\u201d, expres\u00f3.<\/p>\n<p>Del Mazo Maza agreg\u00f3 que con este programa, a la fecha, se han entregado materiales como pintura, impermeabilizante, adem\u00e1s de realizar trabajos de herrer\u00eda y electricidad, entre otros, a 279 planteles educativos, en los cuales, tambi\u00e9n se llevar\u00e1n a cabo trabajos para mejorar sus instalaciones sanitarias.<\/p>\n<p>\u201cConcluimos 279 escuelas en todo el Estado de M\u00e9xico, 279 escuelas que se le ha apoyado con algo de lo que m\u00e1s requieren los padres de familia, los alumnos, los maestros, que es la pintura, la impermeabilizaci\u00f3n, herrer\u00eda en el caso de esta escuela, electricidad\u00bb, manifest\u00f3.<\/p>\n<p>Alfredo Del Mazo puntualiz\u00f3 tambi\u00e9n que estos planteles recibir\u00e1n m\u00e1s de 2 mil 400 equipos de c\u00f3mputo que permitir\u00e1n mantener a los alumnos m\u00e1s vinculados con las nuevas tecnolog\u00edas de la informaci\u00f3n.<a href=\"http:\/\/www.porlalibreedomex.com\/wp-content\/uploads\/2018\/01\/WhatsApp-Image-2018-01-29-at-1.45.39-PM.jpeg\"><img loading=\"lazy\" decoding=\"async\" class=\"aligncenter size-large wp-image-21124\" src=\"http:\/\/www.porlalibreedomex.com\/wp-content\/uploads\/2018\/01\/WhatsApp-Image-2018-01-29-at-1.45.39-PM-1024x646.jpeg\" alt=\"\" width=\"800\" height=\"505\" srcset=\"https:\/\/www.porlalibreedomex.com\/wp-content\/uploads\/2018\/01\/WhatsApp-Image-2018-01-29-at-1.45.39-PM-1024x646.jpeg 1024w, https:\/\/www.porlalibreedomex.com\/wp-content\/uploads\/2018\/01\/WhatsApp-Image-2018-01-29-at-1.45.39-PM-300x189.jpeg 300w, https:\/\/www.porlalibreedomex.com\/wp-content\/uploads\/2018\/01\/WhatsApp-Image-2018-01-29-at-1.45.39-PM-768x485.jpeg 768w, https:\/\/www.porlalibreedomex.com\/wp-content\/uploads\/2018\/01\/WhatsApp-Image-2018-01-29-at-1.45.39-PM.jpeg 1280w\" sizes=\"auto, (max-width: 800px) 100vw, 800px\" \/><\/a><\/p>\n<p>\u00abDe la mano de este programa de mantenimiento, est\u00e1 tambi\u00e9n el equipamiento de estas escuelas, con equipos de c\u00f3mputo, en donde se estar\u00e1n entregando m\u00e1s de 2 mil 400 equipos de c\u00f3mputo en estas 279 escuelas, para que los alumnos puedan hacer uso de la tecnolog\u00eda y estar mucho mejor comunicados y mejor interconectados con el mundo de la tecnolog\u00eda\u201d, destac\u00f3.<\/p>\n<p>El mandatario mexiquense dio a conocer que el programa de Mantenimiento y equipamiento se ampliar\u00e1 a los centros donde los docentes mexiquenses asisten a prepararse y profesionalizarse, para que tambi\u00e9n cuenten con instalaciones dignas.<\/p>\n<p>\u00abTambi\u00e9n hay que mejorar los espacios en donde se preparan las maestras y maestros, y por eso quiero compartirles que vamos a ampliar este programa de mantenimiento y equipamiento, para todos los Centros de Maestros que tenemos en el Estado de M\u00e9xico, para que est\u00e9n en buenas condiciones y fortalezcamos el espacio donde se preparan las maestras y maestros mexiquenses\u201d, a\u00f1adi\u00f3.<\/p>\n<figure id=\"attachment_21125\" aria-describedby=\"caption-attachment-21125\" style=\"width: 300px\" class=\"wp-caption alignleft\"><a href=\"http:\/\/www.porlalibreedomex.com\/wp-content\/uploads\/2018\/01\/WhatsApp-Image-2018-01-29-at-1.45.38-PM-1.jpeg\"><img loading=\"lazy\" decoding=\"async\" class=\"size-medium wp-image-21125\" src=\"http:\/\/www.porlalibreedomex.com\/wp-content\/uploads\/2018\/01\/WhatsApp-Image-2018-01-29-at-1.45.38-PM-1-300x199.jpeg\" alt=\"\" width=\"300\" height=\"199\" srcset=\"https:\/\/www.porlalibreedomex.com\/wp-content\/uploads\/2018\/01\/WhatsApp-Image-2018-01-29-at-1.45.38-PM-1-300x199.jpeg 300w, https:\/\/www.porlalibreedomex.com\/wp-content\/uploads\/2018\/01\/WhatsApp-Image-2018-01-29-at-1.45.38-PM-1-768x511.jpeg 768w, https:\/\/www.porlalibreedomex.com\/wp-content\/uploads\/2018\/01\/WhatsApp-Image-2018-01-29-at-1.45.38-PM-1-1024x681.jpeg 1024w, https:\/\/www.porlalibreedomex.com\/wp-content\/uploads\/2018\/01\/WhatsApp-Image-2018-01-29-at-1.45.38-PM-1.jpeg 1280w\" sizes=\"auto, (max-width: 300px) 100vw, 300px\" \/><\/a><figcaption id=\"caption-attachment-21125\" class=\"wp-caption-text\">Gira del Gobernador Alfredo del Mazo popr el Oro.<\/figcaption><\/figure>\n<p>Asimismo, el Gobernador mexiquense reconoci\u00f3 la labor que realizan los Consejos de Participaci\u00f3n Social instalados en todas las escuelas de la entidad, donde forman parte autoridades escolares y padres de familia, quienes se encargan de vigilar que los recursos lleguen a las escuelas, as\u00ed como priorizar las necesidades que deben ser atendidas.<\/p>\n<p>En esta gira de trabajo, Del Mazo Maza reconoci\u00f3 a los maestros y padres de familia por la labor que hicieron para que el ciclo escolar no se viera afectado, despu\u00e9s de los da\u00f1os que gener\u00f3 el sismo del 19 de septiembre del a\u00f1o pasado, en cerca de 4 mil 900 escuelas, siendo la entidad del pa\u00eds que m\u00e1s sufri\u00f3 afectaciones en sus instalaciones educativas.<\/p>\n<p>Cabe destacar que se tiene como objetivo rehabilitar 24 centros de maestros.<\/p>\n","protected":false},"excerpt":{"rendered":"<p>&nbsp; \u2022 Beneficiar\u00e1n a 820 escuelas, las cuales se suman a las 279 que ya recibieron pintura, impermeabilizante, trabajos de herrer\u00eda y electricidad. \u2022 Se mejorar\u00e1n los m\u00f3dulos sanitarios. \u2022 Se extender\u00e1 este programa a los Centros de Capacitaci\u00f3n de los maestros mexiquenses. El Oro, M\u00e9xico, 29 de enero de 2017.- Con el objetivo de [&hellip;]<\/p>\n","protected":false},"author":3,"featured_media":21125,"comment_status":"open","ping_status":"open","sticky":false,"template":"","format":"standard","meta":{"footnotes":""},"categories":[9148,9157,16],"tags":[5443,10395,10397,10396],"class_list":{"0":"post-21123","1":"post","2":"type-post","3":"status-publish","4":"format-standard","5":"has-post-thumbnail","7":"category-educacion","8":"category-edomex","9":"category-foto","10":"tag-alfredo-del-mazo-maza","11":"tag-digitalizacion-de-escuelas","12":"tag-escuelas-federalizadas","13":"tag-mantenimiento-a-escuelas-mexiquenses"},"wps_subtitle":"Recibir\u00e1n las 279 escuelas ya beneficiadas, m\u00e1s de 2 mil 400 equipos de c\u00f3mputo","_links":{"self":[{"href":"https:\/\/www.porlalibreedomex.com\/index.php?rest_route=\/wp\/v2\/posts\/21123","targetHints":{"allow":["GET"]}}],"collection":[{"href":"https:\/\/www.porlalibreedomex.com\/index.php?rest_route=\/wp\/v2\/posts"}],"about":[{"href":"https:\/\/www.porlalibreedomex.com\/index.php?rest_route=\/wp\/v2\/types\/post"}],"author":[{"embeddable":true,"href":"https:\/\/www.porlalibreedomex.com\/index.php?rest_route=\/wp\/v2\/users\/3"}],"replies":[{"embeddable":true,"href":"https:\/\/www.porlalibreedomex.com\/index.php?rest_route=%2Fwp%2Fv2%2Fcomments&post=21123"}],"version-history":[{"count":1,"href":"https:\/\/www.porlalibreedomex.com\/index.php?rest_route=\/wp\/v2\/posts\/21123\/revisions"}],"predecessor-version":[{"id":21127,"href":"https:\/\/www.porlalibreedomex.com\/index.php?rest_route=\/wp\/v2\/posts\/21123\/revisions\/21127"}],"wp:featuredmedia":[{"embeddable":true,"href":"https:\/\/www.porlalibreedomex.com\/index.php?rest_route=\/wp\/v2\/media\/21125"}],"wp:attachment":[{"href":"https:\/\/www.porlalibreedomex.com\/index.php?rest_route=%2Fwp%2Fv2%2Fmedia&parent=21123"}],"wp:term":[{"taxonomy":"category","embeddable":true,"href":"https:\/\/www.porlalibreedomex.com\/index.php?rest_route=%2Fwp%2Fv2%2Fcategories&post=21123"},{"taxonomy":"post_tag","embeddable":true,"href":"https:\/\/www.porlalibreedomex.com\/index.php?rest_route=%2Fwp%2Fv2%2Ftags&post=21123"}],"curies":[{"name":"wp","href":"https:\/\/api.w.org\/{rel}","templated":true}]}}