{"id":21117,"date":"2018-01-29T00:52:18","date_gmt":"2018-01-29T06:52:18","guid":{"rendered":"http:\/\/www.porlalibreedomex.com\/?p=21117"},"modified":"2018-01-29T00:52:18","modified_gmt":"2018-01-29T06:52:18","slug":"deja-operativo-metropolitano-saldo-de-156-detenidos-en-el-estado-de-mexico","status":"publish","type":"post","link":"https:\/\/www.porlalibreedomex.com\/?p=21117","title":{"rendered":"DEJA OPERATIVO METROPOLITANO SALDO DE 156 DETENIDOS EN EL ESTADO DE M\u00c9XICO"},"content":{"rendered":"<p>\u2043<strong> <em>Autoridades federales, municipales, del Estado de M\u00e9xico y la Capital del Pa\u00eds desplegaron m\u00e1s de 5 mil elementos durante jueves y viernes en tres municipios mexiquenses y tres delegaciones.<\/em><\/strong><\/p>\n<p><strong><em>\u2043 De los 156 detenidos, 26 fueron mediante el cumplimiento de \u00f3rdenes de aprehensi\u00f3n por delitos como secuestro, homicidio, robo con violencia y violaci\u00f3n.<\/em><\/strong><\/p>\n<p><strong><em>\u2043 Es la primera ocasi\u00f3n en que fuerzas federales, estatales, municipales y de la Ciudad de M\u00e9xico se coordinan para desplegar acciones operativas en zonas colindantes entre ambas demarcaciones.<\/em><\/strong><\/p>\n<p>Toluca, M\u00e9xico, 27 de enero de 2018.- Un total de 156 personas detenidas por la comisi\u00f3n de diversos delitos, 26 de ellas por cumplimiento de \u00f3rdenes de aprehensi\u00f3n, fue el saldo en el Estado de M\u00e9xico del primer Operativo Rastrillo Metropolitano, en el que participaron fuerzas federales, estatales, municipales y de la Ciudad de M\u00e9xico y el cual tuvo lugar en los municipios de Tlalnepantla, Naucalpan y Ecatepec, as\u00ed como en las delegaciones Miguel Hidalgo, Azcapotzalco y Gustavo A. Madero, en diversos horarios de este jueves y viernes.<\/p>\n<p>En este operativo participaron m\u00e1s de 5 mil elementos de las Secretar\u00edas de la Defensa Nacional y Marina, Polic\u00eda Federal, CISEN, Secretar\u00eda de Seguridad Estatal, Secretaria de Seguridad P\u00fablica de la Ciudad de M\u00e9xico, Procuradur\u00eda de Justicia capitalina, Fiscal\u00eda General de Justicia del Estado de M\u00e9xico y Polic\u00edas Municipales.<\/p>\n<p>Alejandro G\u00f3mez S\u00e1nchez, Fiscal General del Estado de M\u00e9xico, resalt\u00f3 la coordinaci\u00f3n que hubo entre las autoridades mexiquenses y de la Ciudad de M\u00e9xico, as\u00ed como con fuerzas federales y estatales, para llevar a cabo este operativo.<\/p>\n<p>\u201cPor primera vez hemos llevado a cabo un operativo conjunto entre las autoridades del Estado de M\u00e9xico y de la Ciudad de M\u00e9xico, particularmente en la zona lim\u00edtrofe de los municipios y las delegaciones, es la primera vez que hacemos un operativo de esta naturaleza y con muy buenos resultados\u201d, sostuvo.<\/p>\n<p>Las diversas corporaciones llevaron a cabo 159 acciones operativas en territorio mexiquense, 58 se realizaron en zonas lim\u00edtrofes de ambas demarcaciones y 121 acciones operativas se desarrollaron en las tres delegaciones se\u00f1aladas.<\/p>\n<div id='gallery-1' class='gallery galleryid-21117 gallery-columns-3 gallery-size-large'><figure class='gallery-item'>\n\t\t\t<div class='gallery-icon landscape'>\n\t\t\t\t<a href='https:\/\/www.porlalibreedomex.com\/?attachment_id=21121'><img loading=\"lazy\" decoding=\"async\" width=\"696\" height=\"465\" src=\"https:\/\/www.porlalibreedomex.com\/wp-content\/uploads\/2018\/01\/WhatsApp-Image-2018-01-27-at-12.57.46-PM-1024x684.jpeg\" class=\"attachment-large size-large\" alt=\"\" srcset=\"https:\/\/www.porlalibreedomex.com\/wp-content\/uploads\/2018\/01\/WhatsApp-Image-2018-01-27-at-12.57.46-PM.jpeg 1024w, https:\/\/www.porlalibreedomex.com\/wp-content\/uploads\/2018\/01\/WhatsApp-Image-2018-01-27-at-12.57.46-PM-300x200.jpeg 300w, https:\/\/www.porlalibreedomex.com\/wp-content\/uploads\/2018\/01\/WhatsApp-Image-2018-01-27-at-12.57.46-PM-768x513.jpeg 768w\" sizes=\"auto, (max-width: 696px) 100vw, 696px\" \/><\/a>\n\t\t\t<\/div><\/figure><figure class='gallery-item'>\n\t\t\t<div class='gallery-icon landscape'>\n\t\t\t\t<a href='https:\/\/www.porlalibreedomex.com\/?attachment_id=21120'><img loading=\"lazy\" decoding=\"async\" width=\"696\" height=\"465\" src=\"https:\/\/www.porlalibreedomex.com\/wp-content\/uploads\/2018\/01\/WhatsApp-Image-2018-01-27-at-12.57.40-PM-1024x684.jpeg\" class=\"attachment-large size-large\" alt=\"\" srcset=\"https:\/\/www.porlalibreedomex.com\/wp-content\/uploads\/2018\/01\/WhatsApp-Image-2018-01-27-at-12.57.40-PM.jpeg 1024w, https:\/\/www.porlalibreedomex.com\/wp-content\/uploads\/2018\/01\/WhatsApp-Image-2018-01-27-at-12.57.40-PM-300x200.jpeg 300w, https:\/\/www.porlalibreedomex.com\/wp-content\/uploads\/2018\/01\/WhatsApp-Image-2018-01-27-at-12.57.40-PM-768x513.jpeg 768w\" sizes=\"auto, (max-width: 696px) 100vw, 696px\" \/><\/a>\n\t\t\t<\/div><\/figure><figure class='gallery-item'>\n\t\t\t<div class='gallery-icon landscape'>\n\t\t\t\t<a href='https:\/\/www.porlalibreedomex.com\/?attachment_id=21119'><img loading=\"lazy\" decoding=\"async\" width=\"696\" height=\"391\" src=\"https:\/\/www.porlalibreedomex.com\/wp-content\/uploads\/2018\/01\/WhatsApp-Image-2018-01-27-at-1.00.05-PM-1024x575.jpeg\" class=\"attachment-large size-large\" alt=\"\" srcset=\"https:\/\/www.porlalibreedomex.com\/wp-content\/uploads\/2018\/01\/WhatsApp-Image-2018-01-27-at-1.00.05-PM.jpeg 1024w, https:\/\/www.porlalibreedomex.com\/wp-content\/uploads\/2018\/01\/WhatsApp-Image-2018-01-27-at-1.00.05-PM-300x168.jpeg 300w, https:\/\/www.porlalibreedomex.com\/wp-content\/uploads\/2018\/01\/WhatsApp-Image-2018-01-27-at-1.00.05-PM-768x431.jpeg 768w\" sizes=\"auto, (max-width: 696px) 100vw, 696px\" \/><\/a>\n\t\t\t<\/div><\/figure>\n\t\t<\/div>\n\n<p>Entre los delitos por los cuales fueron aseguradas las 130 personas en flagrancia, destaca el robo con violencia, delitos contra la salud, portaci\u00f3n de arma prohibida, robo de veh\u00edculo con violencia, violencia familiar, simulaci\u00f3n de veh\u00edculo oficial, usurpaci\u00f3n de funciones y violaciones a la Ley General de Armas de Fuego y Explosivos; en tanto que por \u00f3rdenes de aprehensi\u00f3n sobresalen los delitos de homicidio calificado, homicidio simple, secuestro, robo, cohecho y violaci\u00f3n.<\/p>\n<p>\u201cQueremos hacer un llamado a la ciudadan\u00eda, tenemos a estas 156 personas detenidas, consecuentemente invitamos a la ciudadan\u00eda a que nos apoye en el acompa\u00f1amiento de las denuncias correspondientes, es muy probable que estas personas hayan incurrido no solamente en el delito por el que fueron detenidos, sino que tengan en su historial otros eventos delictivos\u201d, agreg\u00f3 el titular de la Fiscal\u00eda General de Justicia estatal.<\/p>\n<p>Las acciones operativas se desplegaron en 93 colonias de la Ciudad de M\u00e9xico y el Estado de M\u00e9xico y consistieron en cumplimentar \u00f3rdenes de cateo en puntos de narcomenudeo, cumplimiento de \u00f3rdenes de aprehensi\u00f3n, barridos en colonias, instalaci\u00f3n de filtros de revisi\u00f3n de veh\u00edculos y de transporte de pasajeros en avenidas principales, adem\u00e1s de revisi\u00f3n de deshuesaderos y bares, se instalaron m\u00f3dulos de denuncia expr\u00e9s y se desplegaron Brigadas de Atenci\u00f3n Ciudadana (BAC) de la contralor\u00eda interna de la Fiscal\u00eda estatal.<\/p>\n<p>Entre la droga y art\u00edculos asegurados destacan los siguientes:<\/p>\n<p>\u2022 1,349 dosis de marihuana<br \/>\n\u2022 3.3 kilogramos de marihuana sin dosificar<br \/>\n\u2022 184 dosis de coca\u00edna<br \/>\n\u2022 114 cartuchos \u00fatiles de diversos calibres<br \/>\n\u2022 5 armas de fuego<br \/>\n\u2022 14 veh\u00edculos con reporte de robo fueron recuperados<br \/>\n\u2022 32 veh\u00edculos fueron asegurados<br \/>\n\u2022 31 inmuebles de igual manera quedaron asegurados<\/p>\n<p>A trav\u00e9s de estas acciones, las autoridades estatales refrendan su compromiso de trabajar coordinadamente con instituciones del orden federal y municipal, adem\u00e1s exhortan a la poblaci\u00f3n a denunciar cualquier hecho delictivo a trav\u00e9s de los correos electr\u00f3nicos vamosporellos.ces@edomex.gob.mx y cerotolerancia@edomex.gob.mx, al n\u00famero telef\u00f3nico 01 800 7028770, o bien mediante la aplicaci\u00f3n FGJEdomex, la cual est\u00e1 disponible de manera gratuita para todos tel\u00e9fonos inteligentes de los sistemas iOS y Android.<br \/>\noo0oo<\/p>\n<p>Numeralia<br \/>\n87 colonias del Edomex en las que se desplegaron acciones operativas<br \/>\n6 colonias de la CDMX<br \/>\n2,993 elementos de las diversas corporaciones participantes fueron desplegados en el Estado de M\u00e9xico<br \/>\n2,132 elementos fueron desplegados en la Ciudad de M\u00e9xico<\/p>\n<p>Detenidos por municipio<br \/>\n\u2022 67 en Ecatepec<br \/>\no 56 en flagrancia<br \/>\no 11 por orden de aprehensi\u00f3n<br \/>\n\u2022 51 en Naucalpan<br \/>\no 42 en flagrancia<br \/>\no 9 por orden de aprehensi\u00f3n<br \/>\n\u2022 38 en Tlalnepantla<br \/>\no 32 en flagrancia<br \/>\no 6 por orden de aprehensi\u00f3n<\/p>\n","protected":false},"excerpt":{"rendered":"<p>\u2043 Autoridades federales, municipales, del Estado de M\u00e9xico y la Capital del Pa\u00eds desplegaron m\u00e1s de 5 mil elementos durante jueves y viernes en tres municipios mexiquenses y tres delegaciones. \u2043 De los 156 detenidos, 26 fueron mediante el cumplimiento de \u00f3rdenes de aprehensi\u00f3n por delitos como secuestro, homicidio, robo con violencia y violaci\u00f3n. \u2043 [&hellip;]<\/p>\n","protected":false},"author":3,"featured_media":21118,"comment_status":"open","ping_status":"open","sticky":false,"template":"","format":"standard","meta":{"footnotes":""},"categories":[9157,16,9149],"tags":[10391,10394,10031,10392,10393],"class_list":{"0":"post-21117","1":"post","2":"type-post","3":"status-publish","4":"format-standard","5":"has-post-thumbnail","7":"category-edomex","8":"category-foto","9":"category-policiaca","10":"tag-156-detenidos","11":"tag-coordinacion-federal-estatal-y-cdmx","12":"tag-fiscalia-del-estado-de-mexico","13":"tag-gran-operativo-vs-delincuentes","14":"tag-piden-denuncias"},"wps_subtitle":"Gran acci\u00f3n contra la delincuencia en la ZMVM; denunciar, pide la autoridad","_links":{"self":[{"href":"https:\/\/www.porlalibreedomex.com\/index.php?rest_route=\/wp\/v2\/posts\/21117","targetHints":{"allow":["GET"]}}],"collection":[{"href":"https:\/\/www.porlalibreedomex.com\/index.php?rest_route=\/wp\/v2\/posts"}],"about":[{"href":"https:\/\/www.porlalibreedomex.com\/index.php?rest_route=\/wp\/v2\/types\/post"}],"author":[{"embeddable":true,"href":"https:\/\/www.porlalibreedomex.com\/index.php?rest_route=\/wp\/v2\/users\/3"}],"replies":[{"embeddable":true,"href":"https:\/\/www.porlalibreedomex.com\/index.php?rest_route=%2Fwp%2Fv2%2Fcomments&post=21117"}],"version-history":[{"count":1,"href":"https:\/\/www.porlalibreedomex.com\/index.php?rest_route=\/wp\/v2\/posts\/21117\/revisions"}],"predecessor-version":[{"id":21122,"href":"https:\/\/www.porlalibreedomex.com\/index.php?rest_route=\/wp\/v2\/posts\/21117\/revisions\/21122"}],"wp:featuredmedia":[{"embeddable":true,"href":"https:\/\/www.porlalibreedomex.com\/index.php?rest_route=\/wp\/v2\/media\/21118"}],"wp:attachment":[{"href":"https:\/\/www.porlalibreedomex.com\/index.php?rest_route=%2Fwp%2Fv2%2Fmedia&parent=21117"}],"wp:term":[{"taxonomy":"category","embeddable":true,"href":"https:\/\/www.porlalibreedomex.com\/index.php?rest_route=%2Fwp%2Fv2%2Fcategories&post=21117"},{"taxonomy":"post_tag","embeddable":true,"href":"https:\/\/www.porlalibreedomex.com\/index.php?rest_route=%2Fwp%2Fv2%2Ftags&post=21117"}],"curies":[{"name":"wp","href":"https:\/\/api.w.org\/{rel}","templated":true}]}}