{"id":21112,"date":"2018-01-28T00:39:20","date_gmt":"2018-01-28T06:39:20","guid":{"rendered":"http:\/\/www.porlalibreedomex.com\/?p=21112"},"modified":"2018-01-29T00:41:40","modified_gmt":"2018-01-29T06:41:40","slug":"atiende-gobierno-de-metepec-acciones-por-la-transparencia-y-rendicion-de-cuentas","status":"publish","type":"post","link":"https:\/\/www.porlalibreedomex.com\/?p=21112","title":{"rendered":"ATIENDE GOBIERNO DE METEPEC ACCIONES POR LA TRANSPARENCIA\u00a0Y RENDICI\u00d3N DE CUENTAS"},"content":{"rendered":"<p>\u00b7\u00a0<em>Servidores p\u00fablicos del municipio cumplir\u00e1n puntualmente con manifestaci\u00f3n patrimonial y de intereses.<\/em><\/p>\n<p>\u00b7<em>Trabajo de coordinaci\u00f3n institucional con la Secretar\u00eda de la Contralor\u00eda del GEM.<\/em><\/p>\n<p><em>\u00a0<\/em><\/p>\n<p><strong>Pueblo M\u00e1gico de Metepec, M\u00e9xico; 28 de enero de 2018.<\/strong>Comprometido con la transparencia y el cumplimiento de disposiciones administrativas establecidas en la ley, el gobierno de Metepec prepara puntual declaraci\u00f3n anual de patrimonio y de intereses por parte de servidores p\u00fablicos.<\/p>\n<p>Para cubrir en tiempo y forma con la disposici\u00f3n, autoridades municipales tuvieron el respaldo de la Secretar\u00eda de la Contralor\u00eda del gobierno del Estado de M\u00e9xico, que acudi\u00f3 para brindar toda informaci\u00f3n relacionada con el tema, en un ejercicio de plena colaboraci\u00f3n.<a href=\"http:\/\/www.porlalibreedomex.com\/wp-content\/uploads\/2018\/01\/unnamed-39.jpg\"><img loading=\"lazy\" decoding=\"async\" class=\"aligncenter size-full wp-image-21114\" src=\"http:\/\/www.porlalibreedomex.com\/wp-content\/uploads\/2018\/01\/unnamed-39.jpg\" alt=\"\" width=\"800\" height=\"493\" srcset=\"https:\/\/www.porlalibreedomex.com\/wp-content\/uploads\/2018\/01\/unnamed-39.jpg 800w, https:\/\/www.porlalibreedomex.com\/wp-content\/uploads\/2018\/01\/unnamed-39-300x185.jpg 300w, https:\/\/www.porlalibreedomex.com\/wp-content\/uploads\/2018\/01\/unnamed-39-768x473.jpg 768w\" sizes=\"auto, (max-width: 800px) 100vw, 800px\" \/><\/a><\/p>\n<p>En el auditorio del Museo del Barro, directivos y personal del ayuntamiento atendieron las consideraciones para el cumplimiento de las normas que tuvieron\u00a0 reciente reformas.<\/p>\n<p>La asesor\u00eda fue expuesta por Luis Velasco Hern\u00e1ndez y Diego Garc\u00eda S\u00e1nchez, directores de Evaluaci\u00f3n Patrimonial y Declaraci\u00f3n de Intereses, as\u00ed como de Substanciaci\u00f3n de Procedimientos de Responsabilidades Administrativas, respectivamente.<\/p>\n<p>Cabe se\u00f1alar que la declaraci\u00f3n patrimonial y de intereses, guarda relaci\u00f3n con la Ley del Sistema Anticorrupci\u00f3n del Estado de M\u00e9xico y Municipios y la Ley General de Responsabilidades Administrativas.<\/p>\n","protected":false},"excerpt":{"rendered":"<p>\u00b7\u00a0Servidores p\u00fablicos del municipio cumplir\u00e1n puntualmente con manifestaci\u00f3n patrimonial y de intereses. \u00b7Trabajo de coordinaci\u00f3n institucional con la Secretar\u00eda de la Contralor\u00eda del GEM. \u00a0 Pueblo M\u00e1gico de Metepec, M\u00e9xico; 28 de enero de 2018.Comprometido con la transparencia y el cumplimiento de disposiciones administrativas establecidas en la ley, el gobierno de Metepec prepara puntual declaraci\u00f3n [&hellip;]<\/p>\n","protected":false},"author":3,"featured_media":21113,"comment_status":"open","ping_status":"open","sticky":false,"template":"","format":"standard","meta":{"footnotes":""},"categories":[9157,16,9150],"tags":[10389,10390],"class_list":{"0":"post-21112","1":"post","2":"type-post","3":"status-publish","4":"format-standard","5":"has-post-thumbnail","7":"category-edomex","8":"category-foto","9":"category-politica","10":"tag-asesoria-en-transparencia","11":"tag-gobierno-mubnicipal-de-metepec"},"wps_subtitle":"","_links":{"self":[{"href":"https:\/\/www.porlalibreedomex.com\/index.php?rest_route=\/wp\/v2\/posts\/21112","targetHints":{"allow":["GET"]}}],"collection":[{"href":"https:\/\/www.porlalibreedomex.com\/index.php?rest_route=\/wp\/v2\/posts"}],"about":[{"href":"https:\/\/www.porlalibreedomex.com\/index.php?rest_route=\/wp\/v2\/types\/post"}],"author":[{"embeddable":true,"href":"https:\/\/www.porlalibreedomex.com\/index.php?rest_route=\/wp\/v2\/users\/3"}],"replies":[{"embeddable":true,"href":"https:\/\/www.porlalibreedomex.com\/index.php?rest_route=%2Fwp%2Fv2%2Fcomments&post=21112"}],"version-history":[{"count":2,"href":"https:\/\/www.porlalibreedomex.com\/index.php?rest_route=\/wp\/v2\/posts\/21112\/revisions"}],"predecessor-version":[{"id":21116,"href":"https:\/\/www.porlalibreedomex.com\/index.php?rest_route=\/wp\/v2\/posts\/21112\/revisions\/21116"}],"wp:featuredmedia":[{"embeddable":true,"href":"https:\/\/www.porlalibreedomex.com\/index.php?rest_route=\/wp\/v2\/media\/21113"}],"wp:attachment":[{"href":"https:\/\/www.porlalibreedomex.com\/index.php?rest_route=%2Fwp%2Fv2%2Fmedia&parent=21112"}],"wp:term":[{"taxonomy":"category","embeddable":true,"href":"https:\/\/www.porlalibreedomex.com\/index.php?rest_route=%2Fwp%2Fv2%2Fcategories&post=21112"},{"taxonomy":"post_tag","embeddable":true,"href":"https:\/\/www.porlalibreedomex.com\/index.php?rest_route=%2Fwp%2Fv2%2Ftags&post=21112"}],"curies":[{"name":"wp","href":"https:\/\/api.w.org\/{rel}","templated":true}]}}