{"id":21041,"date":"2018-01-24T18:59:39","date_gmt":"2018-01-25T00:59:39","guid":{"rendered":"http:\/\/www.porlalibreedomex.com\/?p=21041"},"modified":"2018-01-24T19:02:44","modified_gmt":"2018-01-25T01:02:44","slug":"ponen-en-marcha-alfredo-del-mazo-y-gerardo-ruiz-red-compartida-para-fortalecer-competitividad-del-estado-y-del-pais","status":"publish","type":"post","link":"https:\/\/www.porlalibreedomex.com\/?p=21041","title":{"rendered":"PONEN EN MARCHA ALFREDO DEL MAZO Y GERARDO RUIZ \u00abRED COMPARTIDA\u00bb, PARA FORTALECER COMPETITIVIDAD DEL ESTADO Y DEL PA\u00cdS"},"content":{"rendered":"<p>&nbsp;<\/p>\n<ul>\n<li><em>\u00a0Afirma mandatario mexiquense que la Red Compartida impulsa la competitividad para generar m\u00e1s empleos y acorta la brecha de desigualdad social al llegar a comunidades marginadas.<\/em><\/li>\n<li><em>\u00a0Reconoce trabajo del Presidente, Enrique Pe\u00f1a Nieto, por implementaci\u00f3n de esta estrategia digital, as\u00ed como por impulsar la Reforma de Telecomunicaciones. <\/em><\/li>\n<li><em>Firman Gobernador y titular de la SCT, convenio para instalaci\u00f3n de antenas de internet inal\u00e1mbrico, en edificios de gobierno y ampliar la cobertura.\u00a0<\/em><\/li>\n<li><em>Detalla Secretario de Comunicaciones que Red ofrecer\u00e1 cobertura 4G en su primera etapa a m\u00e1s de 33 millones de mexicanos.<\/em><\/li>\n<\/ul>\n<p><strong>Toluca, M\u00e9xico, 24 de enero de 2018.-<\/strong> Al poner en marcha el proyecto de telecomunicaciones, Red Compartida, en el Estado de M\u00e9xico, el gobernador Alfredo Del Mazo Maza garantiz\u00f3 que con este proyecto se cumplen dos objetivos primordiales del Gobierno estatal: impulsar la competitividad para generar m\u00e1s empleos y acortar la brecha de desigualdad social, mediante un acceso m\u00e1s \u00e1gil, sencillo y econ\u00f3mico a internet.<\/p>\n<p>En presencia del Secretario de Comunicaciones y Transportes, Gerardo Ruiz Esparza, Del Mazo Maza afirm\u00f3 que con este tipo de infraestructura, adem\u00e1s de fortalecer la competitividad econ\u00f3mica de la entidad, los Gobiernos federal y estatal contribuyen a mejorar la econom\u00eda de las familias, a la par de ofrecer una herramienta para combatir la pobreza y la marginaci\u00f3n en el pa\u00eds.<\/p>\n<p>\u201cEl Proyecto de la Red Compartida fortalece nuestros niveles de competitividad y ser\u00e1 fundamental para cumplir con dos de los mayores compromisos que tiene este Gobierno: la creaci\u00f3n de empleos y cerrar las brechas de desigualdad.<a href=\"http:\/\/www.porlalibreedomex.com\/wp-content\/uploads\/2018\/01\/WhatsApp-Image-2018-01-24-at-5.35.12-PM-1.jpeg\"><img loading=\"lazy\" decoding=\"async\" class=\"aligncenter size-full wp-image-21044\" src=\"http:\/\/www.porlalibreedomex.com\/wp-content\/uploads\/2018\/01\/WhatsApp-Image-2018-01-24-at-5.35.12-PM-1.jpeg\" alt=\"\" width=\"1280\" height=\"826\" srcset=\"https:\/\/www.porlalibreedomex.com\/wp-content\/uploads\/2018\/01\/WhatsApp-Image-2018-01-24-at-5.35.12-PM-1.jpeg 1280w, https:\/\/www.porlalibreedomex.com\/wp-content\/uploads\/2018\/01\/WhatsApp-Image-2018-01-24-at-5.35.12-PM-1-300x194.jpeg 300w, https:\/\/www.porlalibreedomex.com\/wp-content\/uploads\/2018\/01\/WhatsApp-Image-2018-01-24-at-5.35.12-PM-1-768x496.jpeg 768w, https:\/\/www.porlalibreedomex.com\/wp-content\/uploads\/2018\/01\/WhatsApp-Image-2018-01-24-at-5.35.12-PM-1-1024x661.jpeg 1024w\" sizes=\"auto, (max-width: 1280px) 100vw, 1280px\" \/><\/a><\/p>\n<p>Una infraestructura moderna y de vanguardia es condici\u00f3n necesaria para mejorar nuestra productividad laboral, atraer m\u00e1s inversiones y generar m\u00e1s y mejores empleos\u201d, sostuvo.<\/p>\n<p>Luego de firmar el Convenio de Adhesi\u00f3n a la Pol\u00edtica Inmobiliaria para el Despliegue de Infraestructura de Telecomunicaciones, con el titular de la SCT, Gerardo Ruiz Esparza, el mandatario mexiquense destac\u00f3 que con el inicio de este proyecto se impulsan m\u00e1s condiciones para hacer del Estado de M\u00e9xico un estado m\u00e1s atractivo para los inversionistas e incrementar su capacidad productiva y afianzarse como el centro log\u00edstico m\u00e1s importante en M\u00e9xico.<\/p>\n<p>\u201cConsolidar la infraestructura de telecomunicaciones y transportes es una prioridad de esta administraci\u00f3n. Tenemos las condiciones para convertirnos en el estado m\u00e1s atractivo para la inversi\u00f3n, para incrementar nuestra capacidad productiva y para consolidarnos como el centro log\u00edstico m\u00e1s importante del pa\u00eds\u201d, asever\u00f3.<\/p>\n<p>Explic\u00f3 que el convenio firmado este d\u00eda, tiene como finalidad poner a disposici\u00f3n de los operadores de telecomunicaciones los edificios gubernamentales del Estado de M\u00e9xico, para la instalaci\u00f3n de antenas y que este beneficio llegue a todas las regiones de la geograf\u00eda estatal y paliar rezagos sociales como la marginaci\u00f3n.<\/p>\n<p>\u201cA partir de hoy, cada edificio del Gobierno estatal, en los 125 municipios, es un potencial retransmisor de se\u00f1ales, lo que ampl\u00eda su funcionalidad y permitir\u00e1 que los mexiquenses contemos con servicios digitales de \u00faltima generaci\u00f3n.<\/p>\n<p>\u201cDaremos mayor alcance a la se\u00f1al y ampliaremos la cobertura, reduciremos los costos de operaci\u00f3n y lo que es m\u00e1s importante, disminuiremos el precio que pagan los ciudadanos por los servicios de telecomunicaciones\u201d, explic\u00f3.<\/p>\n<p>El g<a href=\"http:\/\/www.porlalibreedomex.com\/wp-content\/uploads\/2018\/01\/WhatsApp-Image-2018-01-24-at-5.35.13-PM.jpeg\"><img loading=\"lazy\" decoding=\"async\" class=\"alignright size-medium wp-image-21043\" src=\"http:\/\/www.porlalibreedomex.com\/wp-content\/uploads\/2018\/01\/WhatsApp-Image-2018-01-24-at-5.35.13-PM-300x200.jpeg\" alt=\"\" width=\"300\" height=\"200\" srcset=\"https:\/\/www.porlalibreedomex.com\/wp-content\/uploads\/2018\/01\/WhatsApp-Image-2018-01-24-at-5.35.13-PM-300x200.jpeg 300w, https:\/\/www.porlalibreedomex.com\/wp-content\/uploads\/2018\/01\/WhatsApp-Image-2018-01-24-at-5.35.13-PM-768x512.jpeg 768w, https:\/\/www.porlalibreedomex.com\/wp-content\/uploads\/2018\/01\/WhatsApp-Image-2018-01-24-at-5.35.13-PM-1024x682.jpeg 1024w, https:\/\/www.porlalibreedomex.com\/wp-content\/uploads\/2018\/01\/WhatsApp-Image-2018-01-24-at-5.35.13-PM.jpeg 1280w\" sizes=\"auto, (max-width: 300px) 100vw, 300px\" \/><\/a>obernador Del Mazo reconoci\u00f3 al Presidente de la Rep\u00fablica, Enrique Pe\u00f1a Nieto, por la implementaci\u00f3n de esta estrategia digital, as\u00ed como por impulsar la Reforma de Telecomunicaciones, pues ha tenido importantes beneficios como la reducci\u00f3n de tarifas de telefon\u00eda m\u00f3vil o la gratuidad en larga distancia y roaming nacional, por lo que dijo que el Estado de M\u00e9xico se une a este esfuerzo.<\/p>\n<p>\u201cNos sumamos con total decisi\u00f3n a la pol\u00edtica digital impulsada por el Gobierno Federal, y nos comprometemos a seguir avanzando en ella, asumiendo nuestro liderazgo\u201d.<\/p>\n<p>Acompa\u00f1ado por el Secretario Gerardo Ruiz, el mandatario estatal realiz\u00f3 un recorrido por el veh\u00edculo demostrativo de ALTAN, donde comprob\u00f3 la calidad, la velocidad y la inmediatez del servicio que brindar\u00e1 este proyecto a los mexiquenses y a toda la poblaci\u00f3n del pa\u00eds.<\/p>\n<p>En el evento, el titular de la SCT dijo que hoy es un d\u00eda significativo, porque lo que se inici\u00f3 hace cinco a\u00f1os como un proyecto es ahora una realidad que avanza aceleradamente para insertar a M\u00e9xico en la era digital.<\/p>\n<p>La firma del Convenio de Adhesi\u00f3n por parte del Gobierno del Estado de M\u00e9xico y las pruebas exitosas de la Red Compartida marcan un antes y un despu\u00e9s en el sector telecomunicaciones del pa\u00eds, afirm\u00f3<\/p>\n<p>Se\u00f1al\u00f3 que con la pol\u00edtica inmobiliaria del Gobierno Federal, la Red Compartida, que en su primera etapa dar\u00e1 servicios de internet de banda ancha de cuarta generaci\u00f3n a m\u00e1s de 33 millones de mexicanos, y la puesta al servicio de los operadores de los postes de la CFE, los precios de las telecomunicaciones deben seguir la tendencia a la baja, como lo ha sido desde la entrada en vigor de la Reforma Constitucional.<\/p>\n<p>Ruiz Esparza mencion\u00f3 que la Organizaci\u00f3n para la Cooperaci\u00f3n y Desarrollo Econ\u00f3micos (OCDE) calific\u00f3 a la Reforma en Telecomunicaciones como una historia de \u00e9xito, al incrementarse los usuarios de Banda Ancha de 24 a 74 millones\u00a0\u00a0y la reducci\u00f3n en los costos entre el 61 y 75 por ciento.<\/p>\n","protected":false},"excerpt":{"rendered":"<p>&nbsp; \u00a0Afirma mandatario mexiquense que la Red Compartida impulsa la competitividad para generar m\u00e1s empleos y acorta la brecha de desigualdad social al llegar a comunidades marginadas. \u00a0Reconoce trabajo del Presidente, Enrique Pe\u00f1a Nieto, por implementaci\u00f3n de esta estrategia digital, as\u00ed como por impulsar la Reforma de Telecomunicaciones. Firman Gobernador y titular de la SCT, [&hellip;]<\/p>\n","protected":false},"author":3,"featured_media":21045,"comment_status":"open","ping_status":"open","sticky":false,"template":"","format":"standard","meta":{"footnotes":""},"categories":[8741,9146,9157,16],"tags":[5443,10361,10362,315,10360],"class_list":{"0":"post-21041","1":"post","2":"type-post","3":"status-publish","4":"format-standard","5":"has-post-thumbnail","7":"category-audio","8":"category-economia","9":"category-edomex","10":"category-foto","11":"tag-alfredo-del-mazo-maza","12":"tag-competitividad","13":"tag-convenio-de-adhesion","14":"tag-gerardo-ruiz-esparza","15":"tag-red-compartida"},"wps_subtitle":"Telefon\u00eda y datos, m\u00e1s veloces y m\u00e1s baratos para gran cantidad de mexiquenses y mexicanos","_links":{"self":[{"href":"https:\/\/www.porlalibreedomex.com\/index.php?rest_route=\/wp\/v2\/posts\/21041","targetHints":{"allow":["GET"]}}],"collection":[{"href":"https:\/\/www.porlalibreedomex.com\/index.php?rest_route=\/wp\/v2\/posts"}],"about":[{"href":"https:\/\/www.porlalibreedomex.com\/index.php?rest_route=\/wp\/v2\/types\/post"}],"author":[{"embeddable":true,"href":"https:\/\/www.porlalibreedomex.com\/index.php?rest_route=\/wp\/v2\/users\/3"}],"replies":[{"embeddable":true,"href":"https:\/\/www.porlalibreedomex.com\/index.php?rest_route=%2Fwp%2Fv2%2Fcomments&post=21041"}],"version-history":[{"count":3,"href":"https:\/\/www.porlalibreedomex.com\/index.php?rest_route=\/wp\/v2\/posts\/21041\/revisions"}],"predecessor-version":[{"id":21048,"href":"https:\/\/www.porlalibreedomex.com\/index.php?rest_route=\/wp\/v2\/posts\/21041\/revisions\/21048"}],"wp:featuredmedia":[{"embeddable":true,"href":"https:\/\/www.porlalibreedomex.com\/index.php?rest_route=\/wp\/v2\/media\/21045"}],"wp:attachment":[{"href":"https:\/\/www.porlalibreedomex.com\/index.php?rest_route=%2Fwp%2Fv2%2Fmedia&parent=21041"}],"wp:term":[{"taxonomy":"category","embeddable":true,"href":"https:\/\/www.porlalibreedomex.com\/index.php?rest_route=%2Fwp%2Fv2%2Fcategories&post=21041"},{"taxonomy":"post_tag","embeddable":true,"href":"https:\/\/www.porlalibreedomex.com\/index.php?rest_route=%2Fwp%2Fv2%2Ftags&post=21041"}],"curies":[{"name":"wp","href":"https:\/\/api.w.org\/{rel}","templated":true}]}}