{"id":2080,"date":"2014-06-23T02:31:44","date_gmt":"2014-06-23T02:31:44","guid":{"rendered":"http:\/\/porlalibre.info\/?p=2080"},"modified":"2014-06-23T02:31:44","modified_gmt":"2014-06-23T02:31:44","slug":"exterminar-a-los-diablitos-alebrijes-en-cuadratines","status":"publish","type":"post","link":"https:\/\/www.porlalibreedomex.com\/?p=2080","title":{"rendered":"EXTERMINAR A LOS &quot;DIABLITOS&quot;; ALEBRIJES EN CUADRATINES"},"content":{"rendered":"<p>&nbsp;<\/p>\n<p><strong>Adri\u00e1n Chavarr\u00eda Espinosa<\/strong><\/p>\n<p style=\"text-align: justify;\">Dentro del marem\u00e1gnum informativo generado tanto por el Mundial de futbol como por las pol\u00e9micas legislativas de las leyes secundarias pol\u00edtico electorales, considero pas\u00f3 inadvertida una disposici\u00f3n para imponer penas econ\u00f3micas sever\u00edsimas a quienes mediante el uso de los llamados <em>diablitos<\/em>, consuman energ\u00eda el\u00e9ctrica en forma clandestina.<\/p>\n<p style=\"text-align: justify;\">\u00a0\u00a0\u00a0\u00a0\u00a0\u00a0\u00a0\u00a0\u00a0\u00a0\u00a0 De acuerdo con el dictamen de las leyes secundarias de la reforma energ\u00e9tica, se propone sancionar hasta con tres veces el monto del consumo no pagado y, para los reincidentes, se multiplicar\u00eda hasta por nueve, adem\u00e1s de que se les dar\u00e1 de baja en el servicio y, para quienes alteren las instalaciones se les aplicar\u00eda multas de diez mil a 50 mil pesos.<\/p>\n<p style=\"text-align: justify;\"><!--more--><\/p>\n<p style=\"text-align: justify;\">\u00a0\u00a0\u00a0\u00a0\u00a0\u00a0\u00a0\u00a0\u00a0\u00a0\u00a0 De acuerdo a la propuesta de Ley de Energ\u00eda El\u00e9ctrica y la Ley de Geotermia, tambi\u00e9n se proyectan multas de entre 50 mil y hasta 200 mil d\u00edas de salario m\u00ednimo, para quienes no permitan el paso a los inspectores para la revisi\u00f3n de los aparatos medidores.<\/p>\n<p style=\"text-align: justify;\">\u00a0\u00a0\u00a0\u00a0\u00a0\u00a0\u00a0\u00a0\u00a0\u00a0\u00a0 Sin duda s\u00f3lo aquellos acostumbrados al uso de los <em>diablitos<\/em> y de quienes acostumbran hacer trampa para evitar el pago del consumo de energ\u00eda el\u00e9ctrica ser\u00edan los \u00fanicos inconformes con estas nuevas medidas, ya que quienes s\u00ed cubrimos el correspondiente gasto desear\u00edamos que todos fueran igual de cumplidores.<\/p>\n<p style=\"text-align: justify;\">\u00a0\u00a0\u00a0\u00a0\u00a0\u00a0\u00a0\u00a0\u00a0\u00a0\u00a0 Debo reconocer que lamentablemente por parte de la Comisi\u00f3n Federal de Electricidad existen fallos y env\u00edan recibos con cifras desmesuradas, que en realidad no reflejan el consumo de energ\u00eda en las casas y, lo peor, para iniciar las averiguaciones correspondientes se solicita al cliente primero cubra lo se\u00f1alado, de lo cual en ocasiones no pueden hacerlo por falta de recursos.<\/p>\n<p style=\"text-align: justify;\">\u00a0\u00a0\u00a0\u00a0\u00a0\u00a0\u00a0\u00a0\u00a0\u00a0\u00a0 Me recuerda al viejo dicho revolucionario de \u201cprimero matan y despu\u00e9s averiguan\u201d. Pero fuera de eso considero que esas medidas deben aplicarse con todo rigor, sin quedar como tantos otros ordenamientos, como letra muerta en los papeles y documentos oficiales.<\/p>\n<p style=\"text-align: justify;\">\u00a0\u00a0\u00a0\u00a0\u00a0\u00a0\u00a0\u00a0\u00a0\u00a0\u00a0 Normalmente se podr\u00eda pensar que las personas que se <em>cuelgan<\/em> del servicio el\u00e9ctrico en forma ilegal ser\u00edan de colonias populares, aquellos barrios de gente con menores recursos econ\u00f3micos, a quienes ahora se les ha dado en llamar como<em> socialmente vulnerables<\/em>, que son tan pobres que ni siquiera tienen dinero para comida.<\/p>\n<p style=\"text-align: justify;\">\u00a0\u00a0\u00a0\u00a0\u00a0\u00a0\u00a0\u00a0\u00a0\u00a0\u00a0 Pero eso es falso, ya que en zonas consideradas como residenciales medias existen muchas casas habitaci\u00f3n que no pagan por el consumo el\u00e9ctrico. Esas viviendas las ten\u00edan muy bien identificadas los trabajadores de la desaparecida Luz y Fuerza del Centro, que cuando necesitaban dinero para sus gastos personales, llegaba a cortar los <em>diablitos<\/em>.<\/p>\n<p style=\"text-align: justify;\">\u00a0\u00a0\u00a0\u00a0\u00a0\u00a0\u00a0\u00a0\u00a0\u00a0\u00a0 De inmediato sal\u00edan las personas \u201cafectadas\u201d para ver qu\u00e9 hab\u00eda sucedido, argumentaban errores, que a\u00fan no se formalizaba el contrato, que no conectaban el medidor, pero los entonces electricistas se hac\u00edan los dignos, que cumpl\u00edan con su deber y tras una breve negociaci\u00f3n, aceptaban algunos cientos de pesos \u2013seg\u00fan el sapo era la pedrada\u2011, para reinstalar el <em>diablito<\/em> y todos conformes.<\/p>\n<p style=\"text-align: justify;\">\u00a0\u00a0\u00a0\u00a0\u00a0\u00a0\u00a0\u00a0\u00a0\u00a0\u00a0 Lo peor de todo es que las autoridades de Luz y Fuerza conoc\u00edan y permit\u00edan estas actividades, mismas que con la desaparici\u00f3n de esa empresa y su sustituci\u00f3n por la Comisi\u00f3n Federal de Electricidad, se espera hayan desaparecido definitivamente.<\/p>\n<p style=\"text-align: justify;\">\u00a0\u00a0\u00a0\u00a0\u00a0\u00a0\u00a0\u00a0\u00a0\u00a0\u00a0 Entonces, la propuesta es que se aplique esta ley y, adem\u00e1s, se incluya a los malos empleados que alientan el uso de <em>diablitos<\/em> para su beneficio personal.<\/p>\n<p style=\"text-align: justify;\">\u00a0\u00a0\u00a0\u00a0\u00a0\u00a0\u00a0\u00a0\u00a0\u00a0\u00a0 Y una \u00faltima idea: antes de aplicar las elevadas multas, dar un tiempo perentorio para que las personas con diablitos en sus casas, se regularicen y sean consumidores formales. En caso de que se cumpla ese lapso y se mantengan en la irregularidad, entonces si aplicar las sanciones a fin de evitar pretextos de represi\u00f3n o de actitudes autoritarias, ya que existi\u00f3 la oportunidad de regularizarse y no la aprovecharon.<\/p>\n<p style=\"text-align: justify;\">\n<p style=\"text-align: justify;\">Para comentarios <a href=\"mailto:ache57@yahoo.com.mx\">ache57@yahoo.com.mx<\/a><\/p>\n<p style=\"text-align: justify;\">\n","protected":false},"excerpt":{"rendered":"<p>&nbsp; Adri\u00e1n Chavarr\u00eda Espinosa Dentro del marem\u00e1gnum informativo generado tanto por el Mundial de futbol como por las pol\u00e9micas legislativas de las leyes secundarias pol\u00edtico electorales, considero pas\u00f3 inadvertida una disposici\u00f3n para imponer penas econ\u00f3micas sever\u00edsimas a quienes mediante el uso de los llamados diablitos, consuman energ\u00eda el\u00e9ctrica en forma clandestina. \u00a0\u00a0\u00a0\u00a0\u00a0\u00a0\u00a0\u00a0\u00a0\u00a0\u00a0 De acuerdo con [&hellip;]<\/p>\n","protected":false},"author":2,"featured_media":0,"comment_status":"open","ping_status":"open","sticky":false,"template":"","format":"standard","meta":{"footnotes":""},"categories":[23,1],"tags":[261,1261,1262,1263,1264],"class_list":{"0":"post-2080","1":"post","2":"type-post","3":"status-publish","4":"format-standard","6":"category-columna","7":"category-uncategorized","8":"tag-alebrijes-en-cuadratines","9":"tag-exterminar-a-los-diablitos","10":"tag-ley-de-energia-electrica","11":"tag-ley-de-geotermia","12":"tag-leyes-secundarias-de-la-reforma-energetica"},"wps_subtitle":"","_links":{"self":[{"href":"https:\/\/www.porlalibreedomex.com\/index.php?rest_route=\/wp\/v2\/posts\/2080","targetHints":{"allow":["GET"]}}],"collection":[{"href":"https:\/\/www.porlalibreedomex.com\/index.php?rest_route=\/wp\/v2\/posts"}],"about":[{"href":"https:\/\/www.porlalibreedomex.com\/index.php?rest_route=\/wp\/v2\/types\/post"}],"author":[{"embeddable":true,"href":"https:\/\/www.porlalibreedomex.com\/index.php?rest_route=\/wp\/v2\/users\/2"}],"replies":[{"embeddable":true,"href":"https:\/\/www.porlalibreedomex.com\/index.php?rest_route=%2Fwp%2Fv2%2Fcomments&post=2080"}],"version-history":[{"count":0,"href":"https:\/\/www.porlalibreedomex.com\/index.php?rest_route=\/wp\/v2\/posts\/2080\/revisions"}],"wp:attachment":[{"href":"https:\/\/www.porlalibreedomex.com\/index.php?rest_route=%2Fwp%2Fv2%2Fmedia&parent=2080"}],"wp:term":[{"taxonomy":"category","embeddable":true,"href":"https:\/\/www.porlalibreedomex.com\/index.php?rest_route=%2Fwp%2Fv2%2Fcategories&post=2080"},{"taxonomy":"post_tag","embeddable":true,"href":"https:\/\/www.porlalibreedomex.com\/index.php?rest_route=%2Fwp%2Fv2%2Ftags&post=2080"}],"curies":[{"name":"wp","href":"https:\/\/api.w.org\/{rel}","templated":true}]}}