{"id":20762,"date":"2018-01-09T22:06:47","date_gmt":"2018-01-10T04:06:47","guid":{"rendered":"http:\/\/www.porlalibreedomex.com\/?p=20762"},"modified":"2018-01-09T22:06:47","modified_gmt":"2018-01-10T04:06:47","slug":"antes-de-diez-dias-deben-partidos-publicar-convocatorias-para-seleccionar-candidatos-ieem","status":"publish","type":"post","link":"https:\/\/www.porlalibreedomex.com\/?p=20762","title":{"rendered":"ANTES DE DIEZ D\u00cdAS, DEBEN PARTIDOS PUBLICAR CONVOCATORIAS PARA SELECCIONAR CANDIDATOS: IEEM"},"content":{"rendered":"<p><strong>\u00a0<\/strong><\/p>\n<ul>\n<li><strong><em>Est\u00e1 abierto el plazo, se\u00f1ala la autoridad electoral del Estado de M\u00e9xico.<\/em><\/strong><\/li>\n<li><em style=\"font-weight: bold;\">Tambi\u00e9n tienen hasta el 20 de enero para solicitar el registro de coaliciones. <\/em><\/li>\n<\/ul>\n<p>&nbsp;<\/p>\n<p>Dentro de las actividades establecidas en el Calendario del Proceso Electoral 2017-2018, y a fin de garantizar su cumplimiento, los institutos pol\u00edticos acreditados ante el Instituto Electoral del Estado de M\u00e9xico (IEEM) deber\u00e1n publicar las convocatorias para el desarrollo de sus procesos de selecci\u00f3n interna de candidatos, adem\u00e1s de que contin\u00faa vigente el plazo para el registro de coaliciones.<\/p>\n<p>Los partidos pol\u00edticos tienen hasta el d\u00eda 19 de enero como plazo para publicar las convocatorias para el desarrollo de sus procesos de selecci\u00f3n interna de candidatos a Diputados Locales e integrantes de los Ayuntamientos. El art\u00edculo 7 del \u201cReglamento para el Registro de Candidaturas a los Distintos Cargos de Elecci\u00f3n Popular ante el IEEM\u201d, se\u00f1ala que antes del inicio de las precampa\u00f1as, cada partido pol\u00edtico, a trav\u00e9s de su representaci\u00f3n ante el Consejo General, deber\u00e1 comunicar al Instituto el procedimiento aplicable para la selecci\u00f3n de candidatos conforme a su normatividad interna.<\/p>\n<p>De acuerdo con la Ley General de Partidos Pol\u00edticos, la convocatoria de los partidos contendr\u00e1, por lo menos, lo siguiente: candidaturas a elegir, requisitos de elegibilidad, fechas de registro de precandidaturas; documentaci\u00f3n requerida, periodo para subsanar posibles omisiones o defectos en la documentaci\u00f3n de registro, reglas generales y topes de gastos de precampa\u00f1a para cargos de elecci\u00f3n popular, el m\u00e9todo de selecci\u00f3n, as\u00ed como la fecha y lugar de la elecci\u00f3n.<\/p>\n<p>Por otro lado, tambi\u00e9n se encuentra vigente el plazo para solicitar el registro de convenio de coalici\u00f3n para las elecciones de Diputados Locales e integrantes de los ayuntamientos, el cual concluye el 20 de enero; de tal manera que quienes est\u00e9n interesados en participar bajo esta figura, deber\u00e1n presentar la solicitud de registro correspondiente ante el Presidente del Consejo General o del \u00d3rgano Superior de Direcci\u00f3n del Organismo P\u00fablico Local y, en su ausencia, ante el Secretario Ejecutivo.<\/p>\n<p>Con este tipo de acciones, el IEEM da continuidad a la organizaci\u00f3n, desarrollo y vigilancia del Proceso Electoral 2017-2018 y garantiza el cumplimiento de cada una de las fases que integran.<\/p>\n","protected":false},"excerpt":{"rendered":"<p>\u00a0 Est\u00e1 abierto el plazo, se\u00f1ala la autoridad electoral del Estado de M\u00e9xico. Tambi\u00e9n tienen hasta el 20 de enero para solicitar el registro de coaliciones. &nbsp; Dentro de las actividades establecidas en el Calendario del Proceso Electoral 2017-2018, y a fin de garantizar su cumplimiento, los institutos pol\u00edticos acreditados ante el Instituto Electoral del [&hellip;]<\/p>\n","protected":false},"author":3,"featured_media":20763,"comment_status":"open","ping_status":"open","sticky":false,"template":"","format":"standard","meta":{"footnotes":""},"categories":[9157,16,9150],"tags":[10250,2615,9943,10249],"class_list":{"0":"post-20762","1":"post","2":"type-post","3":"status-publish","4":"format-standard","5":"has-post-thumbnail","7":"category-edomex","8":"category-foto","9":"category-politica","10":"tag-cargos-de-eleccion-popular","11":"tag-ieem","12":"tag-proceso-electoral-2017-2018","13":"tag-seleccion-interna-de-candidatos"},"wps_subtitle":"","_links":{"self":[{"href":"https:\/\/www.porlalibreedomex.com\/index.php?rest_route=\/wp\/v2\/posts\/20762","targetHints":{"allow":["GET"]}}],"collection":[{"href":"https:\/\/www.porlalibreedomex.com\/index.php?rest_route=\/wp\/v2\/posts"}],"about":[{"href":"https:\/\/www.porlalibreedomex.com\/index.php?rest_route=\/wp\/v2\/types\/post"}],"author":[{"embeddable":true,"href":"https:\/\/www.porlalibreedomex.com\/index.php?rest_route=\/wp\/v2\/users\/3"}],"replies":[{"embeddable":true,"href":"https:\/\/www.porlalibreedomex.com\/index.php?rest_route=%2Fwp%2Fv2%2Fcomments&post=20762"}],"version-history":[{"count":1,"href":"https:\/\/www.porlalibreedomex.com\/index.php?rest_route=\/wp\/v2\/posts\/20762\/revisions"}],"predecessor-version":[{"id":20764,"href":"https:\/\/www.porlalibreedomex.com\/index.php?rest_route=\/wp\/v2\/posts\/20762\/revisions\/20764"}],"wp:featuredmedia":[{"embeddable":true,"href":"https:\/\/www.porlalibreedomex.com\/index.php?rest_route=\/wp\/v2\/media\/20763"}],"wp:attachment":[{"href":"https:\/\/www.porlalibreedomex.com\/index.php?rest_route=%2Fwp%2Fv2%2Fmedia&parent=20762"}],"wp:term":[{"taxonomy":"category","embeddable":true,"href":"https:\/\/www.porlalibreedomex.com\/index.php?rest_route=%2Fwp%2Fv2%2Fcategories&post=20762"},{"taxonomy":"post_tag","embeddable":true,"href":"https:\/\/www.porlalibreedomex.com\/index.php?rest_route=%2Fwp%2Fv2%2Ftags&post=20762"}],"curies":[{"name":"wp","href":"https:\/\/api.w.org\/{rel}","templated":true}]}}