{"id":20643,"date":"2017-12-26T22:40:52","date_gmt":"2017-12-27T04:40:52","guid":{"rendered":"http:\/\/www.porlalibreedomex.com\/?p=20643"},"modified":"2017-12-27T22:41:52","modified_gmt":"2017-12-28T04:41:52","slug":"pgr-aic-cumplimenta-tres-ordenes-de-aprehension-por-posesion-de-armas-de-fuego","status":"publish","type":"post","link":"https:\/\/www.porlalibreedomex.com\/?p=20643","title":{"rendered":"PGR-AIC CUMPLIMENTA TRES \u00d3RDENES DE APREHENSI\u00d3N POR POSESION DE ARMAS DE FUEGO"},"content":{"rendered":"<p class=\"m_2159627175340344092gmail-MsoNormal\"><span lang=\"ES\">\u00a0<\/span><\/p>\n<p class=\"m_2159627175340344092gmail-MsoNormal\"><span lang=\"ES\">La Procuradur\u00eda General de la Rep\u00fablica (PGR), Delegaci\u00f3n Estado de M\u00e9xico, con el apoyo de la Polic\u00eda Federal Ministerial cumplimento tres\u00a0 \u00f3rdenes de aprehensi\u00f3n contra igual n\u00famero de personas.<\/span><\/p>\n<p class=\"m_2159627175340344092gmail-MsoNormal\"><span lang=\"ES\">\u00a0<\/span><span lang=\"ES\">En una primera acci\u00f3n elementos de la Polic\u00eda Federal Ministerial dieron cumplimiento al mandato emitido por el Juez Decimosegundo de Distrito el Estado de M\u00e9xico, Jos\u00e9 Pedro \u201cN \u201cN\u201d por su probable responsabilidad en la comisi\u00f3n del delito de portaci\u00f3n de arma de fuego de uso exclusivo del Ej\u00e9rcito, Armada y Fuerza A\u00e9rea, ubic\u00e1ndolo en la avenida Pantitl\u00e1n esquina 16 avenida Vicente Villada, colonia Vicente Villada, municipio de Nezahualc\u00f3yotl.<\/span><\/p>\n<p class=\"m_2159627175340344092gmail-MsoNormal\"><span lang=\"ES\">\u00a0<\/span><span lang=\"ES-TRAD\">Tras su detenci\u00f3n, la persona qued\u00f3 recluida en el Centro Penitenciario de Reinserci\u00f3n Social \u201cNezahualc\u00f3yotl-Bordo\u201d y a disposici\u00f3n del Juez que la requiri\u00f3<\/span><span lang=\"ES\">.<\/span><\/p>\n<p class=\"m_2159627175340344092gmail-MsoNormal\"><span lang=\"ES\">\u00a0<\/span><span lang=\"ES\">En una segunda diligencia<\/span><span lang=\"ES\">\u00a0el Juez Noveno de Distrito en el Estado de M\u00e9xico, libro orden de aprehensi\u00f3n contra Benjam\u00edn \u201cN\u201d \u201cN\u201d por su probable responsabilidad en la comisi\u00f3n del delito de portaci\u00f3n de arma de fuego de uso exclusivo del Ej\u00e9rcito, Armada y Fuerza A\u00e9rea, ubic\u00e1ndolo en la avenida central, colonia Valle de Arag\u00f3n, municipio de Nezahualc\u00f3yotl.<\/span><\/p>\n<p class=\"m_2159627175340344092gmail-MsoNormal\"><span lang=\"ES\">\u00a0<\/span><span lang=\"ES\">Dej\u00e1ndolo<\/span><span lang=\"ES\">\u00a0<\/span><span lang=\"ES-TRAD\">recluido en el Centro Penitenciario de Reinserci\u00f3n Social \u201cNezahualc\u00f3yotl-Bordo\u201d y a disposici\u00f3n del Juez que la requiri\u00f3<\/span><span lang=\"ES\">.<\/span><\/p>\n<p class=\"m_2159627175340344092gmail-MsoNormal\"><span lang=\"ES\">\u00a0<\/span><span lang=\"ES\">Finalmente, el Juez de Distrito Especializado en el Sistema Penal Acusatorio del Centro de Justicia Penal Federal en el Estado de M\u00e9xico, libro una orden de aprehensi\u00f3n en contra de Milton Alb\u00e1n \u201cN\u201d por su probable responsabilidad en la comisi\u00f3n del delito de portaci\u00f3n de arma de fuego sin licencia.<\/span><\/p>\n<p class=\"m_2159627175340344092gmail-MsoNormal\"><span lang=\"ES\">\u00a0<\/span><span lang=\"ES\">Los elementos de la AIC despu\u00e9s de realizar labores de investigaci\u00f3n ubicaron a la persona en la calle Emiliano Zapata, Toluca de Lerdo.<\/span><\/p>\n<p class=\"m_2159627175340344092gmail-MsoNormal\"><span lang=\"ES\">\u00a0<\/span><span lang=\"ES\">Con estas acciones, la PGR refrenda el compromiso y cooperaci\u00f3n institucional del gobierno de la Rep\u00fablica.<\/span><\/p>\n","protected":false},"excerpt":{"rendered":"<p>\u00a0 La Procuradur\u00eda General de la Rep\u00fablica (PGR), Delegaci\u00f3n Estado de M\u00e9xico, con el apoyo de la Polic\u00eda Federal Ministerial cumplimento tres\u00a0 \u00f3rdenes de aprehensi\u00f3n contra igual n\u00famero de personas. \u00a0En una primera acci\u00f3n elementos de la Polic\u00eda Federal Ministerial dieron cumplimiento al mandato emitido por el Juez Decimosegundo de Distrito el Estado de M\u00e9xico, [&hellip;]<\/p>\n","protected":false},"author":3,"featured_media":20644,"comment_status":"open","ping_status":"open","sticky":false,"template":"","format":"standard","meta":{"footnotes":""},"categories":[16,9145,9149],"tags":[10207,10206,8704,6320,10208],"class_list":{"0":"post-20643","1":"post","2":"type-post","3":"status-publish","4":"format-standard","5":"has-post-thumbnail","7":"category-foto","8":"category-general","9":"category-policiaca","10":"tag-armas-prohibidas","11":"tag-captura-pgr","12":"tag-delegacion-de-pgr-estado-de-mexico","13":"tag-pgr-estado-de-mexico","14":"tag-portacion-ilegal-de-arma"},"wps_subtitle":"","_links":{"self":[{"href":"https:\/\/www.porlalibreedomex.com\/index.php?rest_route=\/wp\/v2\/posts\/20643","targetHints":{"allow":["GET"]}}],"collection":[{"href":"https:\/\/www.porlalibreedomex.com\/index.php?rest_route=\/wp\/v2\/posts"}],"about":[{"href":"https:\/\/www.porlalibreedomex.com\/index.php?rest_route=\/wp\/v2\/types\/post"}],"author":[{"embeddable":true,"href":"https:\/\/www.porlalibreedomex.com\/index.php?rest_route=\/wp\/v2\/users\/3"}],"replies":[{"embeddable":true,"href":"https:\/\/www.porlalibreedomex.com\/index.php?rest_route=%2Fwp%2Fv2%2Fcomments&post=20643"}],"version-history":[{"count":2,"href":"https:\/\/www.porlalibreedomex.com\/index.php?rest_route=\/wp\/v2\/posts\/20643\/revisions"}],"predecessor-version":[{"id":20647,"href":"https:\/\/www.porlalibreedomex.com\/index.php?rest_route=\/wp\/v2\/posts\/20643\/revisions\/20647"}],"wp:featuredmedia":[{"embeddable":true,"href":"https:\/\/www.porlalibreedomex.com\/index.php?rest_route=\/wp\/v2\/media\/20644"}],"wp:attachment":[{"href":"https:\/\/www.porlalibreedomex.com\/index.php?rest_route=%2Fwp%2Fv2%2Fmedia&parent=20643"}],"wp:term":[{"taxonomy":"category","embeddable":true,"href":"https:\/\/www.porlalibreedomex.com\/index.php?rest_route=%2Fwp%2Fv2%2Fcategories&post=20643"},{"taxonomy":"post_tag","embeddable":true,"href":"https:\/\/www.porlalibreedomex.com\/index.php?rest_route=%2Fwp%2Fv2%2Ftags&post=20643"}],"curies":[{"name":"wp","href":"https:\/\/api.w.org\/{rel}","templated":true}]}}