{"id":20637,"date":"2017-12-26T21:38:33","date_gmt":"2017-12-27T03:38:33","guid":{"rendered":"http:\/\/www.porlalibreedomex.com\/?p=20637"},"modified":"2017-12-27T21:38:53","modified_gmt":"2017-12-28T03:38:53","slug":"avisa-la-coordinacion-de-comunicacion-social-del-gobierno-de-la-republica-mexicana-que-el-presidente-toma-vacaciones","status":"publish","type":"post","link":"https:\/\/www.porlalibreedomex.com\/?p=20637","title":{"rendered":"AVISA LA COORDINACI\u00d3N DE COMUNICACI\u00d3N SOCIAL DEL GOBIERNO DE LA REP\u00daBLICA MEXICANA, QUE EL PRESIDENTE TOMA VACACIONES"},"content":{"rendered":"<p>&nbsp;<\/p>\n<p>&nbsp;<\/p>\n<p>COORDINACI\u00d3N GENERAL DE COMUNICACI\u00d3N SOCIAL<br \/>\nY VOCER\u00cdA DEL GOBIERNO DE LA REP\u00daBLICA<\/p>\n<p>PRESIDENCIA DE LA REP\u00daBLICA<br \/>\nCGCSVGR 336\/17<\/p>\n<p>Ciudad de M\u00e9xico, 26 de diciembre de 2017.<\/p>\n<p>El Presidente Enrique Pe\u00f1a Nieto suspender\u00e1 sus actividades p\u00fablicas desde el d\u00eda de hoy con motivo del periodo vacacional. Se mantendr\u00e1 al pendiente de los acontecimientos del pa\u00eds y al frente de su responsabilidad nacional.<\/p>\n<p>A partir del mi\u00e9rcoles 3 de enero pr\u00f3ximo, el Primer Mandatario retornar\u00e1 a sus labores atendiendo asuntos de la agenda privada y tendr\u00e1 su primera actividad p\u00fablica el viernes 5 de enero.<\/p>\n","protected":false},"excerpt":{"rendered":"<p>&nbsp; &nbsp; COORDINACI\u00d3N GENERAL DE COMUNICACI\u00d3N SOCIAL Y VOCER\u00cdA DEL GOBIERNO DE LA REP\u00daBLICA PRESIDENCIA DE LA REP\u00daBLICA CGCSVGR 336\/17 Ciudad de M\u00e9xico, 26 de diciembre de 2017. El Presidente Enrique Pe\u00f1a Nieto suspender\u00e1 sus actividades p\u00fablicas desde el d\u00eda de hoy con motivo del periodo vacacional. Se mantendr\u00e1 al pendiente de los acontecimientos del [&hellip;]<\/p>\n","protected":false},"author":3,"featured_media":20638,"comment_status":"open","ping_status":"open","sticky":false,"template":"","format":"standard","meta":{"footnotes":""},"categories":[16,5,9144],"tags":[],"class_list":{"0":"post-20637","1":"post","2":"type-post","3":"status-publish","4":"format-standard","5":"has-post-thumbnail","7":"category-foto","8":"category-nota-informativa","9":"category-principal"},"wps_subtitle":"Retorna a sus actividades el pr\u00f3ximo d\u00eda tres de enero","_links":{"self":[{"href":"https:\/\/www.porlalibreedomex.com\/index.php?rest_route=\/wp\/v2\/posts\/20637","targetHints":{"allow":["GET"]}}],"collection":[{"href":"https:\/\/www.porlalibreedomex.com\/index.php?rest_route=\/wp\/v2\/posts"}],"about":[{"href":"https:\/\/www.porlalibreedomex.com\/index.php?rest_route=\/wp\/v2\/types\/post"}],"author":[{"embeddable":true,"href":"https:\/\/www.porlalibreedomex.com\/index.php?rest_route=\/wp\/v2\/users\/3"}],"replies":[{"embeddable":true,"href":"https:\/\/www.porlalibreedomex.com\/index.php?rest_route=%2Fwp%2Fv2%2Fcomments&post=20637"}],"version-history":[{"count":1,"href":"https:\/\/www.porlalibreedomex.com\/index.php?rest_route=\/wp\/v2\/posts\/20637\/revisions"}],"predecessor-version":[{"id":20639,"href":"https:\/\/www.porlalibreedomex.com\/index.php?rest_route=\/wp\/v2\/posts\/20637\/revisions\/20639"}],"wp:featuredmedia":[{"embeddable":true,"href":"https:\/\/www.porlalibreedomex.com\/index.php?rest_route=\/wp\/v2\/media\/20638"}],"wp:attachment":[{"href":"https:\/\/www.porlalibreedomex.com\/index.php?rest_route=%2Fwp%2Fv2%2Fmedia&parent=20637"}],"wp:term":[{"taxonomy":"category","embeddable":true,"href":"https:\/\/www.porlalibreedomex.com\/index.php?rest_route=%2Fwp%2Fv2%2Fcategories&post=20637"},{"taxonomy":"post_tag","embeddable":true,"href":"https:\/\/www.porlalibreedomex.com\/index.php?rest_route=%2Fwp%2Fv2%2Ftags&post=20637"}],"curies":[{"name":"wp","href":"https:\/\/api.w.org\/{rel}","templated":true}]}}