{"id":20434,"date":"2017-12-11T00:47:31","date_gmt":"2017-12-11T06:47:31","guid":{"rendered":"http:\/\/www.porlalibreedomex.com\/?p=20434"},"modified":"2017-12-11T00:47:31","modified_gmt":"2017-12-11T06:47:31","slug":"la-obra-del-tren-toluca-mexico-se-concluira-en-mayo-proximo-y-funcionara-en-diciembre-de-2018","status":"publish","type":"post","link":"https:\/\/www.porlalibreedomex.com\/?p=20434","title":{"rendered":"LA OBRA DEL TREN TOLUCA-M\u00c9XICO SE CONCLUIR\u00c1 EN MAYO PR\u00d3XIMO, Y FUNCIONAR\u00c1 EN DICIEMBRE DE 2018"},"content":{"rendered":"<p>&nbsp;<\/p>\n<p><a href=\"http:\/\/www.porlalibreedomex.com\/wp-content\/uploads\/2017\/12\/WhatsApp-Audio-2017-12-10-at-9.26.17-AM.mpeg\">WhatsApp Audio 2017-12-10 at 9.26.17 AM<\/a><br \/>\n\u2022 Esta obra pone a la vanguardia al Estado de M\u00e9xico en materia de comunicaciones.<br \/>\n\u2022 El tren\u00a0 permitir\u00e1 reducir tiempos de traslado, contaminar menos, y transportar diariamente a 230 mil personas.<\/p>\n<p><strong>Toluca, M\u00e9xico, 10 de diciembre de 2017.-<\/strong> El Gobernador Alfredo Del Mazo Maza y el Secretario de Comunicaciones y Transportes, Gerardo Ruiz Esparza, realizaron un recorrido de supervisi\u00f3n por el Tren Interurbano M\u00e9xico-Toluca, obra que, dijo, pone a la vanguardia a la entidad mexiquense en materia de comunicaciones y transporte.<\/p>\n<p>\u201cVa a ser muy impresionante y de gran utilidad para nuestro estado, para el Estado de M\u00e9xico, para nuestro pa\u00eds, la obra de infraestructura de trenes m\u00e1s importante que hay hoy en d\u00eda.<\/p>\n<p><a href=\"http:\/\/www.porlalibreedomex.com\/wp-content\/uploads\/2017\/12\/WhatsApp-Image-2017-12-10-at-9.26.16-AM-1.jpeg\"><img loading=\"lazy\" decoding=\"async\" class=\"aligncenter size-large wp-image-20435\" src=\"http:\/\/www.porlalibreedomex.com\/wp-content\/uploads\/2017\/12\/WhatsApp-Image-2017-12-10-at-9.26.16-AM-1-1024x682.jpeg\" alt=\"\" width=\"800\" height=\"533\" srcset=\"https:\/\/www.porlalibreedomex.com\/wp-content\/uploads\/2017\/12\/WhatsApp-Image-2017-12-10-at-9.26.16-AM-1-1024x682.jpeg 1024w, https:\/\/www.porlalibreedomex.com\/wp-content\/uploads\/2017\/12\/WhatsApp-Image-2017-12-10-at-9.26.16-AM-1-300x200.jpeg 300w, https:\/\/www.porlalibreedomex.com\/wp-content\/uploads\/2017\/12\/WhatsApp-Image-2017-12-10-at-9.26.16-AM-1-768x512.jpeg 768w, https:\/\/www.porlalibreedomex.com\/wp-content\/uploads\/2017\/12\/WhatsApp-Image-2017-12-10-at-9.26.16-AM-1.jpeg 1280w\" sizes=\"auto, (max-width: 800px) 100vw, 800px\" \/><\/a>\u201cEs una tecnolog\u00eda de avanzada, con una gran utilidad, de verdad, para nuestro pa\u00eds en materia de comunicaciones, que nos va a poner sin duda, a la vanguardia\u201d, manifest\u00f3 el gobernador.<\/p>\n<p>A trav\u00e9s de su cuenta de Facebook, Del Mazo Maza trasmiti\u00f3 parte del recorrido de prueba, que inici\u00f3 en la estaci\u00f3n de Zinacantepec hasta la avenida Pino Su\u00e1rez, en Toluca.<\/p>\n<p>\u201cEstamos viendo ahorita los avances que lleva esta obra, ya en etapa de pruebas, en una parte, y la idea es que para mayo del a\u00f1o que entra, quede concluida la obra civil, y que ya pudiera estar en operaci\u00f3n, a finales de 2018\u201c, apunt\u00f3.<\/p>\n<p>El Gobernador mexiquense destac\u00f3 algunos de las ventajas de este sistema de transporte que conectar\u00e1 a la Ciudad de M\u00e9xico con la capital mexiquense, como el transportar diariamente a 230 mil pasajeros, adem\u00e1s de reducir los tiempos de traslado, haciendo 39 minutos desde Zinacantepec hasta la estaci\u00f3n del Metro de Observatorio.<\/p>\n<p>Aunado a ello, refiri\u00f3, disminuir\u00e1 los niveles de contaminaci\u00f3n, ya que se estima que dejar\u00e1n de circular cerca de 26 mil veh\u00edculos diariamente.<\/p>\n<p>Del Mazo Maza reconoci\u00f3 al Gobierno de la Rep\u00fablica, por llevar a cabo este tipo de obras, que permitir\u00e1 desarrollar y crecer a\u00fan m\u00e1s, los municipios mexiquenses por los que pasar\u00e1 este sistema de transporte masivo.<\/p>\n<p><a href=\"http:\/\/www.porlalibreedomex.com\/wp-content\/uploads\/2017\/12\/WhatsApp-Image-2017-12-10-at-9.26.17-AM.jpeg\"><img loading=\"lazy\" decoding=\"async\" class=\"aligncenter size-large wp-image-20437\" src=\"http:\/\/www.porlalibreedomex.com\/wp-content\/uploads\/2017\/12\/WhatsApp-Image-2017-12-10-at-9.26.17-AM-1024x680.jpeg\" alt=\"\" width=\"800\" height=\"531\" srcset=\"https:\/\/www.porlalibreedomex.com\/wp-content\/uploads\/2017\/12\/WhatsApp-Image-2017-12-10-at-9.26.17-AM-1024x680.jpeg 1024w, https:\/\/www.porlalibreedomex.com\/wp-content\/uploads\/2017\/12\/WhatsApp-Image-2017-12-10-at-9.26.17-AM-300x199.jpeg 300w, https:\/\/www.porlalibreedomex.com\/wp-content\/uploads\/2017\/12\/WhatsApp-Image-2017-12-10-at-9.26.17-AM-768x510.jpeg 768w, https:\/\/www.porlalibreedomex.com\/wp-content\/uploads\/2017\/12\/WhatsApp-Image-2017-12-10-at-9.26.17-AM.jpeg 1280w\" sizes=\"auto, (max-width: 800px) 100vw, 800px\" \/><\/a>Posteriormente, el titular de la SCT y el Gobernador del Estado de M\u00e9xico se trasladaron a la altura del kil\u00f3metro 42 de la carretera Toluca-M\u00e9xico, en el sitio Autocimbra, donde la construcci\u00f3n de la base que soportar\u00e1 al tren, se encuentra en proceso de colado de tablero.<\/p>\n<p>Tambi\u00e9n supervisaron la construcci\u00f3n del Bi-T\u00fanel ubicado en el kil\u00f3metro 25 +700 de la Autopista Toluca \u2013 M\u00e9xico en San Jer\u00f3nimo Acazulco, en Ocoyoacac.<\/p>\n<p>Gerardo Ruiz Esparza reconoci\u00f3 el apoyo que el Gobierno estatal ha realizado en la construcci\u00f3n de esta obra, que forma parte del programa nacional de infraestructura y se suma al proyecto del Aeropuerto Internacional de M\u00e9xico.<\/p>\n<p>Este Tren Interurbano contar\u00e1 con seis estaciones, de las cuales dos son terminales y cuatro intermedias, tendr\u00e1 30 trenes de cinco vagones cada uno.<\/p>\n<p>Ser\u00e1 amigable con el medio ambiente, pues habr\u00e1 una disminuci\u00f3n de 27 mil 827 toneladas de CO2 al a\u00f1o.<\/p>\n","protected":false},"excerpt":{"rendered":"<p>&nbsp; WhatsApp Audio 2017-12-10 at 9.26.17 AM \u2022 Esta obra pone a la vanguardia al Estado de M\u00e9xico en materia de comunicaciones. \u2022 El tren\u00a0 permitir\u00e1 reducir tiempos de traslado, contaminar menos, y transportar diariamente a 230 mil personas. Toluca, M\u00e9xico, 10 de diciembre de 2017.- El Gobernador Alfredo Del Mazo Maza y el Secretario [&hellip;]<\/p>\n","protected":false},"author":3,"featured_media":20438,"comment_status":"open","ping_status":"open","sticky":false,"template":"","format":"standard","meta":{"footnotes":""},"categories":[8741,9146,9157,16],"tags":[5443,10130,10129,315,10128,6337],"class_list":{"0":"post-20434","1":"post","2":"type-post","3":"status-publish","4":"format-standard","5":"has-post-thumbnail","7":"category-audio","8":"category-economia","9":"category-edomex","10":"category-foto","11":"tag-alfredo-del-mazo-maza","12":"tag-carlos-hank-gonzalez","13":"tag-carlos-hank-rohn","14":"tag-gerardo-ruiz-esparza","15":"tag-supervision-de-la-obra-del-tren","16":"tag-tren-interurbano-toluca-mexico"},"wps_subtitle":"Recorren el Gobernador y el Secretario de la SCT de la estaci\u00f3n inicial, en Zinacantepec, a la avenida Pino Su\u00e1rez, en Toluca","_links":{"self":[{"href":"https:\/\/www.porlalibreedomex.com\/index.php?rest_route=\/wp\/v2\/posts\/20434","targetHints":{"allow":["GET"]}}],"collection":[{"href":"https:\/\/www.porlalibreedomex.com\/index.php?rest_route=\/wp\/v2\/posts"}],"about":[{"href":"https:\/\/www.porlalibreedomex.com\/index.php?rest_route=\/wp\/v2\/types\/post"}],"author":[{"embeddable":true,"href":"https:\/\/www.porlalibreedomex.com\/index.php?rest_route=\/wp\/v2\/users\/3"}],"replies":[{"embeddable":true,"href":"https:\/\/www.porlalibreedomex.com\/index.php?rest_route=%2Fwp%2Fv2%2Fcomments&post=20434"}],"version-history":[{"count":1,"href":"https:\/\/www.porlalibreedomex.com\/index.php?rest_route=\/wp\/v2\/posts\/20434\/revisions"}],"predecessor-version":[{"id":20439,"href":"https:\/\/www.porlalibreedomex.com\/index.php?rest_route=\/wp\/v2\/posts\/20434\/revisions\/20439"}],"wp:featuredmedia":[{"embeddable":true,"href":"https:\/\/www.porlalibreedomex.com\/index.php?rest_route=\/wp\/v2\/media\/20438"}],"wp:attachment":[{"href":"https:\/\/www.porlalibreedomex.com\/index.php?rest_route=%2Fwp%2Fv2%2Fmedia&parent=20434"}],"wp:term":[{"taxonomy":"category","embeddable":true,"href":"https:\/\/www.porlalibreedomex.com\/index.php?rest_route=%2Fwp%2Fv2%2Fcategories&post=20434"},{"taxonomy":"post_tag","embeddable":true,"href":"https:\/\/www.porlalibreedomex.com\/index.php?rest_route=%2Fwp%2Fv2%2Ftags&post=20434"}],"curies":[{"name":"wp","href":"https:\/\/api.w.org\/{rel}","templated":true}]}}